{"id":626940,"date":"2025-12-28T11:11:18","date_gmt":"2025-12-28T11:11:18","guid":{"rendered":"https:\/\/www.europesays.com\/fr\/626940\/"},"modified":"2025-12-28T11:11:18","modified_gmt":"2025-12-28T11:11:18","slug":"plusieurs-operations-xxl-se-preparent-discretement-dans-lombre-par-kilmer-sports","status":"publish","type":"post","link":"https:\/\/www.europesays.com\/fr\/626940\/","title":{"rendered":"Plusieurs op\u00e9rations XXL se pr\u00e9parent discr\u00e8tement dans l&rsquo;ombre par Kilmer Sports"},"content":{"rendered":"<p>\t\t<img width=\"780\" height=\"470\" class=\"attachment-jannah-image-post size-jannah-image-post wp-post-image lazyload\" alt=\"\" decoding=\"async\" fetchpriority=\"high\" src=\"https:\/\/www.europesays.com\/fr\/wp-content\/uploads\/2025\/12\/asse-plusieurs-operations-xxl-se-780x470.jpg\" data-eio-rwidth=\"780\" data-eio-rheight=\"470\"\/><\/p>\n<p>L\u2019AS Saint-\u00c9tienne pr\u00e9pare un mercato hivernal d\u2019envergure exceptionnelle susceptible de transformer compl\u00e8tement le projet sportif du club lig\u00e9rien. <strong>Des op\u00e9rations majeures se n\u00e9gocient discr\u00e8tement en arri\u00e8re-plan<\/strong> avec des ressources financi\u00e8res consid\u00e9rables mobilis\u00e9es. Apr\u00e8s un \u00e9t\u00e9 mouvement\u00e9 marqu\u00e9 par neuf arriv\u00e9es et treize d\u00e9parts, la direction entend poursuivre cette dynamique ambitieuse, d\u00e9marquant ainsi l\u2019ASSE de la prudence habituelle en Ligue 2. L\u2019objectif demeure explicite : acc\u00e9l\u00e9rer le retour en \u00e9lite du football fran\u00e7ais.<\/p>\n<p>Les responsables st\u00e9phanois disposent d\u2019une enveloppe budg\u00e9taire suppl\u00e9mentaire \u00e9valu\u00e9e \u00e0 <strong>dix millions d\u2019euros pour le mercato d\u2019hiver<\/strong>. Cet investissement additionnel survient apr\u00e8s les vingt millions d\u00e9j\u00e0 investis lors du mercato estival. Cette politique de recrutement volontariste d\u00e9montre une volont\u00e9 r\u00e9solue des dirigeants de corriger les faiblesses identifi\u00e9es pendant la premi\u00e8re moiti\u00e9 de saison. L\u2019ampleur des moyens engag\u00e9s confirme l\u2019ambition retrouv\u00e9e du projet st\u00e9phanois et sa d\u00e9termination \u00e0 rivaliser avec les plus grands acteurs du second \u00e9tage.<\/p>\n<p>La strat\u00e9gie de recrutement anticipe les mouvements attendus sur le march\u00e9 europ\u00e9en, particuli\u00e8rement en <strong>Premier League anglaise<\/strong>. Les dirigeants verts exploitent l\u2019effet domino provoqu\u00e9 par les grands clubs anglais lib\u00e9rant leurs joueurs en qu\u00eate de temps de jeu. Cette approche m\u00e9thodique offre \u00e0 Saint-\u00c9tienne des opportunit\u00e9s d\u2019acc\u00e8s \u00e0 des talents de qualit\u00e9. Les fen\u00eatres li\u00e9es aux comp\u00e9titions internationales comme la Coupe d\u2019Afrique ou la Coupe du Monde repr\u00e9sentent \u00e9galement des p\u00e9riodes propices pour attirer des joueurs \u00e9trangers cherchant du repos ou un rebond professionnel.<\/p>\n<p>Plusieurs cadres st\u00e9phanois voient leur statut remis en question par cette restructuration. <strong>Zuriko Davitashvili, Lucas Stassin et Pierre Ekwah ne jouissent plus d\u2019une intransf\u00e9rabilit\u00e9 assur\u00e9e<\/strong>. Ces incertitudes refl\u00e8tent la volont\u00e9 manag\u00e9riale de redistribuer les r\u00f4les pour optimiser la performance collective. La direction sportive ne cache pas son intention de revoir la composition de l\u2019effectif pour mieux correspondre aux ambitions affich\u00e9es et aux exigences de la comp\u00e9tition.<\/p>\n<p>Le renforcement se concentrera prioritairement sur <strong>l\u2019attaque, le milieu axial et les ailes d\u00e9fensives<\/strong>. Ces secteurs strat\u00e9giques ont \u00e9t\u00e9 identifi\u00e9s comme n\u00e9cessitant une densit\u00e9 accrue et une plus grande polyvalence. Cette approche cibl\u00e9e vise \u00e0 doter l\u2019\u00e9quipe des outils tactiques indispensables pour affronter les d\u00e9fis d\u2019une mont\u00e9e sportive. L\u2019ouverture imminente du mercato hivernal s\u2019annonce d\u00e9cisive pour concr\u00e9tiser cette ambition assum\u00e9e et retrouver les sommets du football fran\u00e7ais.<\/p>\n","protected":false},"excerpt":{"rendered":"L\u2019AS Saint-\u00c9tienne pr\u00e9pare un mercato hivernal d\u2019envergure exceptionnelle susceptible de transformer compl\u00e8tement le projet sportif du club lig\u00e9rien.&hellip;\n","protected":false},"author":2,"featured_media":626941,"comment_status":"","ping_status":"","sticky":false,"template":"","format":"standard","meta":{"footnotes":""},"categories":[9653],"tags":[1111,11,2430,1777,674,1011,27,12,25,4001],"class_list":{"0":"post-626940","1":"post","2":"type-post","3":"status-publish","4":"format-standard","5":"has-post-thumbnail","7":"category-saint-etienne","8":"tag-actu","9":"tag-actualites","10":"tag-auvergne-rhone-alpes","11":"tag-eu","12":"tag-europe","13":"tag-fr","14":"tag-france","15":"tag-news","16":"tag-republique-francaise","17":"tag-saint-etienne"},"share_on_mastodon":{"url":"https:\/\/pubeurope.com\/@fr\/115796895862615202","error":""},"_links":{"self":[{"href":"https:\/\/www.europesays.com\/fr\/wp-json\/wp\/v2\/posts\/626940","targetHints":{"allow":["GET"]}}],"collection":[{"href":"https:\/\/www.europesays.com\/fr\/wp-json\/wp\/v2\/posts"}],"about":[{"href":"https:\/\/www.europesays.com\/fr\/wp-json\/wp\/v2\/types\/post"}],"author":[{"embeddable":true,"href":"https:\/\/www.europesays.com\/fr\/wp-json\/wp\/v2\/users\/2"}],"replies":[{"embeddable":true,"href":"https:\/\/www.europesays.com\/fr\/wp-json\/wp\/v2\/comments?post=626940"}],"version-history":[{"count":0,"href":"https:\/\/www.europesays.com\/fr\/wp-json\/wp\/v2\/posts\/626940\/revisions"}],"wp:featuredmedia":[{"embeddable":true,"href":"https:\/\/www.europesays.com\/fr\/wp-json\/wp\/v2\/media\/626941"}],"wp:attachment":[{"href":"https:\/\/www.europesays.com\/fr\/wp-json\/wp\/v2\/media?parent=626940"}],"wp:term":[{"taxonomy":"category","embeddable":true,"href":"https:\/\/www.europesays.com\/fr\/wp-json\/wp\/v2\/categories?post=626940"},{"taxonomy":"post_tag","embeddable":true,"href":"https:\/\/www.europesays.com\/fr\/wp-json\/wp\/v2\/tags?post=626940"}],"curies":[{"name":"wp","href":"https:\/\/api.w.org\/{rel}","templated":true}]}}