{"id":626942,"date":"2025-12-28T11:18:43","date_gmt":"2025-12-28T11:18:43","guid":{"rendered":"https:\/\/www.europesays.com\/fr\/626942\/"},"modified":"2025-12-28T11:18:43","modified_gmt":"2025-12-28T11:18:43","slug":"all-star-game-deux-joueurs-du-sluc-nancy-basket-a-laffiche-a-paris","status":"publish","type":"post","link":"https:\/\/www.europesays.com\/fr\/626942\/","title":{"rendered":"All Star Game\u00a0: deux joueurs du SLUC Nancy Basket \u00e0 l\u2019affiche \u00e0 Paris"},"content":{"rendered":"<p>Deux joueurs du SLUC Nancy, Landers Nolley et St\u00e9phane Gombauld, participeront ce dimanche 28 d\u00e9cembre au All Star Game \u00e0 Paris. Un \u00e9v\u00e9nement spectaculaire r\u00e9unissant les meilleurs basketteurs du championnat, o\u00f9 le club nanc\u00e9ien sera une nouvelle fois mis \u00e0 l\u2019honneur.<\/p>\n<p>Les meilleurs basketteurs du championnat de France ont rendez-vous ce <strong>dimanche 28 d\u00e9cembre 2025 \u00e0 Paris<\/strong> pour le tr\u00e8s attendu <strong>All Star Game France<\/strong>, le match des \u00e9toiles de la Betclic Elite. Parmi les joueurs s\u00e9lectionn\u00e9s pour cette grande f\u00eate du basket, <strong>deux repr\u00e9sentants du SLUC Nancy<\/strong> seront sur le parquet de l\u2019Accor Arena\u00a0: <strong>Landers Nolley<\/strong> et <strong>St\u00e9phane Gombauld<\/strong>.<\/p>\n<p>Un match de gala devant 15 000 spectateurs<\/p>\n<p>\u00c9v\u00e9nement incontournable du basket fran\u00e7ais, le All Star Game se tient chaque ann\u00e9e \u00e0 la <strong>Paris Accor Arena<\/strong>, o\u00f9 pr\u00e8s de <strong>15 000 spectateurs<\/strong> sont attendus. Il s\u2019agit avant tout d\u2019un <strong>match d\u2019exhibition<\/strong>, dont l\u2019objectif principal est d\u2019offrir du spectacle, des dunks et une ambiance festive \u00e0 partir de 17 heures pour cette 39e \u00e9dition.<\/p>\n<p>Deux \u00e9quipes s\u2019affronteront\u00a0: l&rsquo;\u00e9quipe\u00a0de France, compos\u00e9e des meilleurs joueurs fran\u00e7ais du championnat et l&rsquo;\u00e9quipe\u00a0Monde, rassemblant les meilleurs joueurs \u00e9trangers de Betclic Elite<\/p>\n<p>Une double repr\u00e9sentation rare pour le SLUC<\/p>\n<p>Voir <strong>deux joueurs du SLUC Nancy<\/strong> s\u00e9lectionn\u00e9s pour cet \u00e9v\u00e9nement est suffisamment rare pour \u00eatre soulign\u00e9. Cela fait d\u00e9sormais <strong>quatre ann\u00e9es cons\u00e9cutives<\/strong> que le club lorrain est repr\u00e9sent\u00e9 lors de ce rendez-vous majeur du basket fran\u00e7ais.<\/p>\n<p>Sans surprise, Landers Nolley, meilleur marqueur du championnat, figure dans la s\u00e9lection. L\u2019ailier am\u00e9ricain \u00e9voluera avec l\u2019\u00e9quipe Monde, une reconnaissance logique de ses performances cette saison. Une fiert\u00e9 pour les supporters nanc\u00e9iens, \u00e0 l\u2019image d\u2019Andr\u00e9a, fid\u00e8le du SLUC, heureux de voir son joueur briller sur la sc\u00e8ne nationale. \u00ab\u00a0Il y aura des\u00a0personnalit\u00e9s, beaucoup d&rsquo;audience aussi et voir Nolley avec les meilleurs marqueurs du championnat, en action, au c\u00f4t\u00e9 de All-Star fran\u00e7ais, de gros noms de la ligue, \u00e7a peut amener une plus value au club et \u00e0 la renomm\u00e9e du club.\u00a0\u00bb<\/p>\n<p>Gombauld c\u00f4t\u00e9 France<\/p>\n<p>Son co\u00e9quipier St\u00e9phane Gombauld sera, lui, dans le camp adverse. L\u2019int\u00e9rieur guadeloup\u00e9en portera les couleurs de l\u2019\u00e9quipe de France. D\u00e9j\u00e0 s\u00e9lectionn\u00e9 en 2022, juste apr\u00e8s la remont\u00e9e du SLUC en Betclic Elite, Gombauld confirme sa r\u00e9gularit\u00e9 au plus haut niveau. \u00ab\u00a0Je pense que c&rsquo;est plus une sorte de r\u00e9compense pour les joueurs qui ont \u00e9t\u00e9 s\u00e9lectionn\u00e9s, qui ont fait un bon d\u00e9but de saison. On va l\u00e0-bas pour passer du bon temps, s&rsquo;amuser et faire du show.\u00a0\u00bb<\/p>\n<p>Le collectif avant tout<\/p>\n<p>Si le spectacle est au c\u0153ur de l\u2019\u00e9v\u00e9nement, l\u2019entra\u00eeneur nanc\u00e9ien Sylvain Lauti\u00e9 rappelle l\u2019importance de ne pas perdre de vue l\u2019int\u00e9r\u00eat collectif et la dynamique de l\u2019\u00e9quipe, \u00e0 un moment cl\u00e9 de la saison. \u00ab\u00a0Cela signifie qu&rsquo;on les met en valeur. Mais il faut aussi trouver un \u00e9quilibre par rapport aux autres parce qu&rsquo;on a aussi des notions d&rsquo;ego et d&rsquo;\u00e9quilibre dans un groupe. Il ne faut pas que ce soit une obsession de tout le monde d&rsquo;\u00eatre dans le All Star ou de faire des bonnes stats.\u00a0\u00bb<\/p>\n<p>Un bon souvenir pour le SLUC<\/p>\n<p>Pour rappel, lors de l\u2019\u00e9dition pr\u00e9c\u00e9dente, l\u2019\u00e9quipe Monde s\u2019\u00e9tait impos\u00e9e sur le score spectaculaire de 149 \u00e0 141. Le titre de MVP \u00e9tait alors revenu \u00e0 Shevon Thompson, ancien pivot du SLUC Nancy.<\/p>\n","protected":false},"excerpt":{"rendered":"Deux joueurs du SLUC Nancy, Landers Nolley et St\u00e9phane Gombauld, participeront ce dimanche 28 d\u00e9cembre au All Star&hellip;\n","protected":false},"author":2,"featured_media":626943,"comment_status":"","ping_status":"","sticky":false,"template":"","format":"standard","meta":{"footnotes":""},"categories":[9635],"tags":[1111,11,1777,674,1011,27,775,1702,12,25],"class_list":{"0":"post-626942","1":"post","2":"type-post","3":"status-publish","4":"format-standard","5":"has-post-thumbnail","7":"category-nancy","8":"tag-actu","9":"tag-actualites","10":"tag-eu","11":"tag-europe","12":"tag-fr","13":"tag-france","14":"tag-grand-est","15":"tag-nancy","16":"tag-news","17":"tag-republique-francaise"},"share_on_mastodon":{"url":"https:\/\/pubeurope.com\/@fr\/115796921733003954","error":""},"_links":{"self":[{"href":"https:\/\/www.europesays.com\/fr\/wp-json\/wp\/v2\/posts\/626942","targetHints":{"allow":["GET"]}}],"collection":[{"href":"https:\/\/www.europesays.com\/fr\/wp-json\/wp\/v2\/posts"}],"about":[{"href":"https:\/\/www.europesays.com\/fr\/wp-json\/wp\/v2\/types\/post"}],"author":[{"embeddable":true,"href":"https:\/\/www.europesays.com\/fr\/wp-json\/wp\/v2\/users\/2"}],"replies":[{"embeddable":true,"href":"https:\/\/www.europesays.com\/fr\/wp-json\/wp\/v2\/comments?post=626942"}],"version-history":[{"count":0,"href":"https:\/\/www.europesays.com\/fr\/wp-json\/wp\/v2\/posts\/626942\/revisions"}],"wp:featuredmedia":[{"embeddable":true,"href":"https:\/\/www.europesays.com\/fr\/wp-json\/wp\/v2\/media\/626943"}],"wp:attachment":[{"href":"https:\/\/www.europesays.com\/fr\/wp-json\/wp\/v2\/media?parent=626942"}],"wp:term":[{"taxonomy":"category","embeddable":true,"href":"https:\/\/www.europesays.com\/fr\/wp-json\/wp\/v2\/categories?post=626942"},{"taxonomy":"post_tag","embeddable":true,"href":"https:\/\/www.europesays.com\/fr\/wp-json\/wp\/v2\/tags?post=626942"}],"curies":[{"name":"wp","href":"https:\/\/api.w.org\/{rel}","templated":true}]}}