{"id":626944,"date":"2025-12-28T11:20:36","date_gmt":"2025-12-28T11:20:36","guid":{"rendered":"https:\/\/www.europesays.com\/fr\/626944\/"},"modified":"2025-12-28T11:20:36","modified_gmt":"2025-12-28T11:20:36","slug":"ancien-journaliste-a-damas-rami-nofal-tente-en-vain-dobtenir-le-droit-dasile-pour-vivre-dignement","status":"publish","type":"post","link":"https:\/\/www.europesays.com\/fr\/626944\/","title":{"rendered":"ancien journaliste \u00e0 Damas, Rami Nofal, tente en vain d\u2019obtenir le droit d\u2019asile pour \u00ab\u00a0vivre dignement\u00a0\u00bb"},"content":{"rendered":"<p class=\"fs-5 \">Parler, non par \u00ab militantisme \u00bb, mais par \u00ab responsabilit\u00e9 \u00bb. C\u2019est ainsi que Rami Nofal, <strong>journaliste syrien d\u2019origine druze<\/strong>, r\u00e9sume sa d\u00e9marche. Mais aussi son chemin de croix.<\/p>\n<p class=\"fs-5 \">\u00c0 Toulon depuis 2020, cet homme de 45 ans <strong>demande le statut officiel de r\u00e9fugi\u00e9<\/strong>. Lors de notre rencontre il y a six mois, il \u00e9voquait ses espoirs d\u2019une nouvelle vie, loin des bombes et du sang. \u00ab J\u2019esp\u00e8re que la France ne me l\u00e2chera pas \u00bb, nous confiait-il alors.<\/p>\n<p class=\"fs-5 \">Journaliste de formation, Rami Nofal <strong>pr\u00e9sentait le journal t\u00e9l\u00e9vis\u00e9<\/strong> <strong>sur une cha\u00eene d\u2019\u00c9tat<\/strong> \u00e0 Damas. Apr\u00e8s la chute du r\u00e9gime dynastique au pouvoir depuis plus d\u2019un demi-si\u00e8cle, il a \u00e9t\u00e9 la cible d\u2019une <strong>violente campagne de haine<\/strong> en ligne men\u00e9e par des groupes issus de l\u2019offensive rebelle.<\/p>\n<p class=\"fs-5 \">Accus\u00e9 d\u2019\u00eatre \u00ab pro-Bachar al-Assad \u00bb, il a notamment re\u00e7u des <strong>menaces de d\u00e9capitation<\/strong>. Pour lui, le constat est sans appel : \u00ab Un retour en Syrie est impossible. L\u00e0-bas, je suis condamn\u00e9 \u00e0 mort. \u00bb<\/p>\n<p>        <img src=\"https:\/\/www.europesays.com\/fr\/wp-content\/uploads\/2025\/12\/2330dbc_upload-from-url-1-ovz5yi1klwda-data-art-16829604.jpg\"   loading=\"lazy\" decoding=\"async\" alt=\"La sacristie qui ressemblait \u00e0 une bergerie a \u00e9t\u00e9 enti\u00e8rement r\u00e9nov\u00e9e par Fahed et son beau-fr\u00e8re. \" class=\"img-fluid position-absolute w-100 object-fit-cover rounded-2\" width=\"600\" height=\"400\"\/><\/p>\n<p>                                                                                Des \u00ab id\u00e9es suicidaires \u00bb<\/p>\n<p class=\"fs-5 \">Sa demande d\u2019asile a pourtant \u00e9t\u00e9 <strong>rejet\u00e9e par l\u2019Office fran\u00e7ais de protection des r\u00e9fugi\u00e9s et apatrides<\/strong> (Ofpra), d\u00e9cision confirm\u00e9e par la Cour nationale du droit d\u2019asile (CNDA).<\/p>\n<p class=\"fs-5 \">Le <strong>recours gracieux<\/strong> en r\u00e9examen adress\u00e9 \u00e0 l\u2019Ofpra par son avocat, Me Gilles Piquois, a \u00e9galement \u00e9t\u00e9 refus\u00e9 le 10 novembre.<\/p>\n<p class=\"fs-5 \">Dans son ordonnance, l\u2019Office estime qu\u2019\u00ab aucun \u00e9l\u00e9ment nouveau suffisamment solide et argument\u00e9 \u00bb ne permet de revoir \u00ab l\u2019appr\u00e9ciation port\u00e9e sur sa participation \u00e0 des agissements contraires aux buts et principes des Nations unies \u00bb.<\/p>\n<p class=\"fs-5 \">Pour Rami, ce rejet fait l\u2019effet d\u2019un coup de gr\u00e2ce. Il dit sombrer dans \u00ab l\u2019incompr\u00e9hension la plus totale \u00bb et confie avoir d\u00e9sormais <strong>des \u00ab id\u00e9es suicidaires \u00bb<\/strong>.<\/p>\n<p class=\"fs-5 \">\u00ab Pendant longtemps, le silence a \u00e9t\u00e9 une condition de survie. En Syrie, parler n\u2019\u00e9tait jamais un acte neutre. Chaque mot pouvait co\u00fbter une carri\u00e8re, une libert\u00e9, parfois une vie. J\u2019ai exerc\u00e9 le m\u00e9tier de journaliste dans ce contexte : contraint, surveill\u00e9, enferm\u00e9 dans un syst\u00e8me o\u00f9 l\u2019information n\u2019\u00e9tait jamais libre. Aujourd\u2019hui, depuis l\u2019exil, ce silence devient une autre forme de violence. \u00bb<\/p>\n<p class=\"fs-5 \">Comme il l\u2019a toujours affirm\u00e9, Rami Nofal r\u00e9it\u00e8re n\u2019avoir \u00ab jamais soutenu ni approuv\u00e9 \u00bb le r\u00e9gime de Bachar al-Assad.<\/p>\n<p class=\"fs-5 \">Il d\u00e9nonce une vision trop souvent simpliste : \u00ab Le regard port\u00e9 sur les journalistes syriens reste binaire : on serait soit un opposant courageux, soit un complice du r\u00e9gime. Cette lecture simplificatrice ne rend pas justice \u00e0 <strong>la r\u00e9alit\u00e9 d\u2019un \u00c9tat totalitaire<\/strong> o\u00f9 l\u2019on ne choisissait ni ses conditions de travail ni ses marges de man\u0153uvre. Comme des milliers d\u2019autres professionnels, j\u2019ai exerc\u00e9 dans des structures \u00e9tatiques sans adh\u00e9rer \u00e0 l\u2019id\u00e9ologie du pouvoir. Le refus ouvert signifiait l\u2019arrestation, l\u2019exil forc\u00e9 ou la mise en danger de sa famille. \u00bb<\/p>\n<p class=\"fs-5 \">Issu d\u2019une famille francophone et francophile, Rami dit ne demander \u00ab qu\u2019une chose \u00bb : des papiers pour pouvoir travailler, s\u2019investir dans la soci\u00e9t\u00e9 et vivre dignement.<\/p>\n<p class=\"fs-5 \">\u00ab L\u2019exil en France n\u2019a pas \u00e9t\u00e9 synonyme de renaissance imm\u00e9diate. Perdre son pays, c\u2019est aussi perdre sa voix, son identit\u00e9 professionnelle, sa l\u00e9gitimit\u00e9 sociale. On devient un dossier administratif, jug\u00e9 \u00e0 l\u2019aune de d\u00e9cisions souvent d\u00e9connect\u00e9es de la complexit\u00e9 des parcours individuels. \u00bb<\/p>\n<p>                                                                                Une lettre \u00e0 Emmanuel Macron<\/p>\n<p class=\"fs-5 \">L\u2019attente, les <strong>refus successifs<\/strong> et l\u2019impossibilit\u00e9 de se projeter ont fini par l\u2019\u00e9puiser. Install\u00e9 \u00e0 Toulon, o\u00f9 il a nou\u00e9 de nombreux liens amicaux et qu\u2019il dit \u00ab aimer profond\u00e9ment \u00bb, il d\u00e9crit une situation \u00ab torturante \u00bb. \u00ab Derri\u00e8re chaque dossier d\u2019exil\u00e9, il y a une histoire singuli\u00e8re, marqu\u00e9e par la contrainte, la peur et, trop souvent, par la perte. \u00bb<\/p>\n<p class=\"fs-5 \">Il estime que les d\u00e9cisions dont il fait l\u2019objet sont \u00ab purement politiques \u00bb. \u00ab Je dispose de tous les \u00e9l\u00e9ments pour obtenir le statut. Je n\u2019ai jamais port\u00e9 d\u2019armes. Je suis titulaire d\u2019un master en traduction simultan\u00e9e et cons\u00e9cutive. J\u2019ai travaill\u00e9 comme traducteur \u00e0 l\u2019ambassade de France \u00e0 Damas entre 2007 et 2012. Je ne comprends pas. La col\u00e8re me ronge. \u00bb<\/p>\n<p class=\"fs-5 \">Son dernier recours serait d\u00e9sormais de <strong>saisir le Conseil d\u2019\u00c9tat<\/strong>. \u00ab Mais je n\u2019ai plus d\u2019argent. J\u2019ai tout d\u00e9pens\u00e9 dans ces proc\u00e9dures. Je ne sais pas ce que j\u2019esp\u00e8re : peut-\u00eatre un miracle. Je ne suis pas pratiquant, mais je crois en Dieu \u00bb, confie-t-il.<\/p>\n<p class=\"fs-5 \">En attendant, l\u2019ancien journaliste s\u2019appr\u00eate \u00e0 <strong>adresser une lettre au pr\u00e9sident de la R\u00e9publique<\/strong> : \u00ab Je vous \u00e9cris avec respect, non pour r\u00e9clamer un privil\u00e8ge, mais pour solliciter une attention humaine et \u00e9quitable sur une situation qui m\u2019a d\u00e9j\u00e0 co\u00fbt\u00e9 ma sant\u00e9, ma stabilit\u00e9 et une part irr\u00e9parable de ma vie familiale. \u00bb<\/p>\n<p class=\"fs-5 \">Reste l\u2019espoir, tenace, de ce miracle tant attendu.<\/p>\n","protected":false},"excerpt":{"rendered":"Parler, non par \u00ab militantisme \u00bb, mais par \u00ab responsabilit\u00e9 \u00bb. C\u2019est ainsi que Rami Nofal, journaliste syrien&hellip;\n","protected":false},"author":2,"featured_media":626945,"comment_status":"","ping_status":"","sticky":false,"template":"","format":"standard","meta":{"footnotes":""},"categories":[9619],"tags":[1111,11,1777,674,1011,27,12,882,25,2310],"class_list":{"0":"post-626944","1":"post","2":"type-post","3":"status-publish","4":"format-standard","5":"has-post-thumbnail","7":"category-toulon","8":"tag-actu","9":"tag-actualites","10":"tag-eu","11":"tag-europe","12":"tag-fr","13":"tag-france","14":"tag-news","15":"tag-provence-alpes-cote-dazur","16":"tag-republique-francaise","17":"tag-toulon"},"share_on_mastodon":{"url":"https:\/\/pubeurope.com\/@fr\/115796930836655093","error":""},"_links":{"self":[{"href":"https:\/\/www.europesays.com\/fr\/wp-json\/wp\/v2\/posts\/626944","targetHints":{"allow":["GET"]}}],"collection":[{"href":"https:\/\/www.europesays.com\/fr\/wp-json\/wp\/v2\/posts"}],"about":[{"href":"https:\/\/www.europesays.com\/fr\/wp-json\/wp\/v2\/types\/post"}],"author":[{"embeddable":true,"href":"https:\/\/www.europesays.com\/fr\/wp-json\/wp\/v2\/users\/2"}],"replies":[{"embeddable":true,"href":"https:\/\/www.europesays.com\/fr\/wp-json\/wp\/v2\/comments?post=626944"}],"version-history":[{"count":0,"href":"https:\/\/www.europesays.com\/fr\/wp-json\/wp\/v2\/posts\/626944\/revisions"}],"wp:featuredmedia":[{"embeddable":true,"href":"https:\/\/www.europesays.com\/fr\/wp-json\/wp\/v2\/media\/626945"}],"wp:attachment":[{"href":"https:\/\/www.europesays.com\/fr\/wp-json\/wp\/v2\/media?parent=626944"}],"wp:term":[{"taxonomy":"category","embeddable":true,"href":"https:\/\/www.europesays.com\/fr\/wp-json\/wp\/v2\/categories?post=626944"},{"taxonomy":"post_tag","embeddable":true,"href":"https:\/\/www.europesays.com\/fr\/wp-json\/wp\/v2\/tags?post=626944"}],"curies":[{"name":"wp","href":"https:\/\/api.w.org\/{rel}","templated":true}]}}