{"id":626946,"date":"2025-12-28T11:21:16","date_gmt":"2025-12-28T11:21:16","guid":{"rendered":"https:\/\/www.europesays.com\/fr\/626946\/"},"modified":"2025-12-28T11:21:16","modified_gmt":"2025-12-28T11:21:16","slug":"les-verites-de-matteo-le-corvec-sur-son-depart-de-toulon-pour-lusap","status":"publish","type":"post","link":"https:\/\/www.europesays.com\/fr\/626946\/","title":{"rendered":"Les v\u00e9rit\u00e9s de Matt\u00e9o Le Corvec sur son d\u00e9part de Toulon pour l\u2019USAP"},"content":{"rendered":"<p>Ce dimanche apr\u00e8s-midi, le Rugby Club Toulonnais accueillera l\u2019USAP au Stade Mayol \u00e0 l\u2019occasion de la 12\u00e8me journ\u00e9e du Top 14.<\/p>\n<p>Le troisi\u00e8me ligne Matt\u00e9o Le Corvec, d\u00e9sormais joueur de Perpignan, s\u2019est longuement confi\u00e9 dans les colonnes de <a href=\"https:\/\/www.nicematin.com\/sports\/je-pense-a-ce-match-depuis-que-je-suis-parti-matteo-le-corvec-se-confie-avant-de-retrouver-toulon-sous-le-maillot-de-perpignan-10662329\" target=\"_blank\" rel=\"noopener\">Var-matin<\/a>.<\/p>\n<p>Ce-dernier a notamment expliqu\u00e9 sa d\u00e9cision de quitter le RCT pour l\u2019USAP.<\/p>\n<p><strong>Il pr\u00e9cise n pas regretter son choix. Extrait:<\/strong><\/p>\n<p>Je confirme : ce choix a \u00e9t\u00e9 le plus difficile que j\u2019ai eu \u00e0 faire. En acceptant de partir, j\u2019acceptais aussi de quitter mon chez-moi, ma vie. Mais je ne regrette vraiment rien. Je suis persuad\u00e9 que notre situation avec Perpignan va s\u2019am\u00e9liorer. Et m\u00eame si les d\u00e9buts ont \u00e9t\u00e9 tr\u00e8s compliqu\u00e9s, je ne me suis jamais dit que j\u2019avais fait un mauvais choix. Se dire \u201cMais \u00e0 Toulon, \u00e7a marche, alors que pour moi, c\u2019est dur\u201d, c\u2019est la pire des choses \u00e0 faire.<\/p>\n<p><strong>Il affirme assumer totalement sa d\u00e9cision. Extrait:<\/strong><\/p>\n<p>J\u2019ai pris une d\u00e9cision, j\u2019assume. Je ne suis pas un petit gar\u00e7on qui se plaint. Quand tu fais un choix, il faut aller jusqu\u2019au bout des choses. J\u2019ai sign\u00e9 trois ans \u00e0 Perpignan, avec des objectifs. \u00c0 court terme, se maintenir. Et ensuite, remettre Perpignan \u00e0 une place importante du rugby fran\u00e7ais.<\/p>\n<p><strong>Il indique avoir un r\u00f4le totalement diff\u00e9rent \u00e0 Perpignan. Extrait:<\/strong><\/p>\n<p>\u00c0 Toulon, j\u2019avais plut\u00f4t le statut du jeune. Et ce n\u2019est pas facile de s\u2019en d\u00e9tacher, surtout quand tu es au club depuis toujours. Franck Az\u00e9ma, qui m\u2019avait eu \u00e0 Toulon, m\u2019a fait venir \u00e0 l\u2019Usap. Et je me suis aper\u00e7u, en arrivant ici, que les mecs me demandaient beaucoup mon avis, me consid\u00e9raient un plus comme un joueur presqu\u2019exp\u00e9riment\u00e9, qui pouvait \u00eatre un leader, plut\u00f4t qu\u2019un jeune. C\u2019est d\u2019ailleurs pour \u00e7a que je suis venu \u00e0 Perpignan. J\u2019ai envie de compter \u00e0 100 % dans une \u00e9quipe, de jouer et d\u2019encha\u00eener.<\/p>\n<p><strong>Ce dimanche, Matt\u00e9o Le Corvec rejouera \u00e0 Mayol, mais sous le maillot de l\u2019USAP cette fois-ci. Il r\u00e9agit. Extrait:<\/strong><\/p>\n<p>Plus que bizarre, m\u00eame. J\u2019ai jou\u00e9 l\u2019amical de pr\u00e9-saison \u00e0 Aim\u00e9-Giral contre Toulon\u2026 et c\u2019\u00e9tait d\u00e9j\u00e0 particulier. Mais, l\u00e0, le fait de jouer \u00e0 Mayol, \u00e7a sera encore vraiment diff\u00e9rent. C\u2019est s\u00fbr que c\u2019est une date que j\u2019ai coch\u00e9e. Je pense \u00e0 ce match depuis que je suis parti. Tu te dis que tu vas jouer contre des amis d\u2019enfance, contre le club que tu as idol\u00e2tr\u00e9, dans un stade que tu aimes\u2026 Il y a beaucoup de choses. Mais aujourd\u2019hui, je suis 100 % Usapiste, Catalan, et le jour du match, je ne me tromperai pas de camp.<\/p>\n","protected":false},"excerpt":{"rendered":"Ce dimanche apr\u00e8s-midi, le Rugby Club Toulonnais accueillera l\u2019USAP au Stade Mayol \u00e0 l\u2019occasion de la 12\u00e8me journ\u00e9e&hellip;\n","protected":false},"author":2,"featured_media":626947,"comment_status":"","ping_status":"","sticky":false,"template":"","format":"standard","meta":{"footnotes":""},"categories":[9619],"tags":[1111,11,1777,674,1011,27,12,882,25,2310],"class_list":{"0":"post-626946","1":"post","2":"type-post","3":"status-publish","4":"format-standard","5":"has-post-thumbnail","7":"category-toulon","8":"tag-actu","9":"tag-actualites","10":"tag-eu","11":"tag-europe","12":"tag-fr","13":"tag-france","14":"tag-news","15":"tag-provence-alpes-cote-dazur","16":"tag-republique-francaise","17":"tag-toulon"},"share_on_mastodon":{"url":"https:\/\/pubeurope.com\/@fr\/115796933632896287","error":""},"_links":{"self":[{"href":"https:\/\/www.europesays.com\/fr\/wp-json\/wp\/v2\/posts\/626946","targetHints":{"allow":["GET"]}}],"collection":[{"href":"https:\/\/www.europesays.com\/fr\/wp-json\/wp\/v2\/posts"}],"about":[{"href":"https:\/\/www.europesays.com\/fr\/wp-json\/wp\/v2\/types\/post"}],"author":[{"embeddable":true,"href":"https:\/\/www.europesays.com\/fr\/wp-json\/wp\/v2\/users\/2"}],"replies":[{"embeddable":true,"href":"https:\/\/www.europesays.com\/fr\/wp-json\/wp\/v2\/comments?post=626946"}],"version-history":[{"count":0,"href":"https:\/\/www.europesays.com\/fr\/wp-json\/wp\/v2\/posts\/626946\/revisions"}],"wp:featuredmedia":[{"embeddable":true,"href":"https:\/\/www.europesays.com\/fr\/wp-json\/wp\/v2\/media\/626947"}],"wp:attachment":[{"href":"https:\/\/www.europesays.com\/fr\/wp-json\/wp\/v2\/media?parent=626946"}],"wp:term":[{"taxonomy":"category","embeddable":true,"href":"https:\/\/www.europesays.com\/fr\/wp-json\/wp\/v2\/categories?post=626946"},{"taxonomy":"post_tag","embeddable":true,"href":"https:\/\/www.europesays.com\/fr\/wp-json\/wp\/v2\/tags?post=626946"}],"curies":[{"name":"wp","href":"https:\/\/api.w.org\/{rel}","templated":true}]}}