{"id":626948,"date":"2025-12-28T11:22:14","date_gmt":"2025-12-28T11:22:14","guid":{"rendered":"https:\/\/www.europesays.com\/fr\/626948\/"},"modified":"2025-12-28T11:22:14","modified_gmt":"2025-12-28T11:22:14","slug":"la-ville-et-le-barreau-de-montpellier-sengagent-pour-les-droits-humains","status":"publish","type":"post","link":"https:\/\/www.europesays.com\/fr\/626948\/","title":{"rendered":"La Ville et le Barreau de Montpellier s&rsquo;engagent pour les droits humains"},"content":{"rendered":"<p>                    Par<br \/>\n        <strong><br \/>\n            <a href=\"https:\/\/actu.fr\/auteur\/metropoop\" title=\"Consulter tous les articles de R\u00e9daction M\u00e9tropolitain\" target=\"_blank\" rel=\"noopener\">R\u00e9daction M\u00e9tropolitain<\/a><br \/>\n                    <\/strong><\/p>\n<p>        Publi\u00e9 le<\/p>\n<p>            28 d\u00e9c. 2025 \u00e0 8h56        <\/p>\n<p><strong>Micha\u00ebl Delafosse<\/strong>, maire de Montpellier, et <strong>Pierre Lafont<\/strong>, b\u00e2tonnier du Barreau de Montpellier, ont sign\u00e9 d\u00e9but d\u00e9cembre <strong>une convention<\/strong> visant \u00e0 renforcer les synergies entre les strat\u00e9gies internationales de <strong>la Ville et du Barreau de Montpellier<\/strong> pour <strong>la d\u00e9fense des droits humains<\/strong>. Un engagement s\u2019inscrivant pleinement dans la lign\u00e9e de l\u2019initiative \u00ab\u00a0Montpellier, ville du Droit\u00a0\u00bb.<\/p>\n<p>Une relation d\u00e9j\u00e0 \u00e9troite<\/p>\n<p class=\" wall-content\">\u00ab\u00a0Historiquement terre d\u2019accueil, d\u2019ouverture et de tol\u00e9rance et Ville du Droit, c\u2019est tout naturellement que notre Ville s\u2019engage aujourd\u2019hui avec le Barreau de Montpellier pour les droits humains et l\u2019intensification de nos actions internationales\u00a0\u00bb explique Micha\u00ebl Delafosse qui poursuit : \u00ab\u00a0En effet, face \u00e0 une situation g\u00e9opolitique mondiale de plus en plus inqui\u00e9tante, face \u00e0 la mont\u00e9e des r\u00e9gimes illib\u00e9raux dans le monde, la signature de cette convention avec le Barreau de Montpellier vient renforcer le r\u00f4le crucial que joue la justice et les instances juridiques dans la protection de nos d\u00e9mocraties. L\u2019engagement du Barreau pour les droits humains est exemplaire et contribue \u00e0 forger des vocations et des convictions\u00a0\u00bb.<\/p>\n<p class=\" wall-content\">La signature de cette convention concr\u00e9tise de mani\u00e8re formelle la relation \u00e9troite qui existe d\u00e9j\u00e0 entre la Ville de Montpellier et le Barreau de Montpellier depuis des ann\u00e9es. Via cette convention, il s\u2019agit non seulement de promouvoir la d\u00e9fense des droits humains, mais \u00e9galement de d\u00e9velopper une dimension juridique dans les partenariats, r\u00e9seaux et \u00e9v\u00e9nements internationaux de la Ville de Montpellier, gage de lisibilit\u00e9, mais aussi de dynamisme \u00e9conomique du tissu juridique montpelli\u00e9rain, et de renforcer le r\u00f4le des consulats dans cette action conjointe \u00e0 l\u2019instar du soutien \u00e0 l\u2019Arm\u00e9nie.<\/p>\n<p>Le soutien \u00e0 l\u2019Arm\u00e9nie comme exemple<\/p>\n<p class=\" wall-content\">Montpellier soutient en effet r\u00e9solument la souverainet\u00e9 arm\u00e9nienne face aux attaques de l\u2019Azerba\u00efdjan. C\u2019est dans le cadre de ces relations qu\u2019en juin 2024, une d\u00e9claration d\u2019intention de coop\u00e9ration a \u00e9t\u00e9 sign\u00e9e entre les Villes de Montpellier et de Hrazdan en pr\u00e9sence d\u2019Olivier Decottignies, ambassadeur de France en Arm\u00e9nie. De plus, une d\u00e9l\u00e9gation de l\u2019Institut des droits de l\u2019Homme (IDH) du Barreau de Montpellier se rend en Arm\u00e9nie chaque ann\u00e9e. Un accord de jumelage entre le Barreau de Montpellier et celui d\u2019Arm\u00e9nie a \u00e9galement \u00e9t\u00e9 initi\u00e9 et, pour la troisi\u00e8me ann\u00e9e cons\u00e9cutive, un concours francophone de plaidoirie est organis\u00e9 \u00e0 l\u2019Universit\u00e9 franco-arm\u00e9nienne de Erevan dont le vainqueur a la chance de pouvoir r\u00e9aliser un stage dans un prestigieux cabinet d\u2019avocats montpelli\u00e9rain. Autre exemple de la vitalit\u00e9 de cette coop\u00e9ration et de son importance pour la Ville, le dimanche 30 novembre, Micha\u00ebl Delafosse a re\u00e7u une d\u00e9l\u00e9gation du Barreau d\u2019Arm\u00e9nie en visite \u00e0 Montpellier.<\/p>\n<p>Vid\u00e9os : en ce moment sur Actu<\/p>\n<p class=\" wall-content\">Et au-del\u00e0 de l\u2019Arm\u00e9nie, les actions ne manqueront pas comme l\u2019a soulign\u00e9 Pierre Lafont. \u00ab\u00a0Nous avons ensemble partag\u00e9 inqui\u00e9tude et \u00e9motion \u00e0 propos du sort indigne fait en Tunisie \u00e0 Sonia Dahmani. Le B\u00e2tonnier d\u2019Istanbul, le b\u00e2tonnier du plus grand barreau du continent europ\u00e9en subit actuellement, ainsi que les membres de son conseil de l\u2019Ordre, le plus incroyable assaut d\u2019une force \u00e9tatique contre les institutions ordinales : destitu\u00e9s le 21 mars par le tribunal civil d\u2019Istanbul pour \u00ab\u00a0propagande terroriste\u00a0\u00bb, ils affronteront en janvier 2026 de nouvelles \u00e9ch\u00e9ances judiciaires lors desquelles le Barreau de Montpellier sera pr\u00e9sent, en leur soutien. En Arm\u00e9nie, au Liban, le Barreau de Montpellier affirme sa solidarit\u00e9 avec les avocats menac\u00e9s. Tous ces efforts, nous le savons, seront amplifi\u00e9s par l\u2019effet de la convention sign\u00e9e entre le Barreau de Montpellier et la Ville et la M\u00e9tropole\u00a0\u00bb conclut le b\u00e2tonnier.<\/p>\n<p class=\" wall-content\">Personnalisez votre actualit\u00e9 en ajoutant vos villes et m\u00e9dias en favori avec <a href=\"https:\/\/moncompte.actu.fr\" title=\"D\u00e9couvez Mon Actu\" rel=\"nofollow noopener\" data-trk=\"{&quot;cta&quot;:{&quot;action&quot;:&quot;https:\\\/\\\/moncompte.actu.fr&quot;,&quot;category&quot;:&quot;mon compte&quot;,&quot;from&quot;:&quot;article footer&quot;,&quot;name&quot;:&quot;Mon actu&quot;,&quot;type&quot;:&quot;cta&quot;}}\" target=\"_blank\">Mon Actu<\/a>.<\/p>\n","protected":false},"excerpt":{"rendered":"Par R\u00e9daction M\u00e9tropolitain Publi\u00e9 le 28 d\u00e9c. 2025 \u00e0 8h56 Micha\u00ebl Delafosse, maire de Montpellier, et Pierre Lafont,&hellip;\n","protected":false},"author":2,"featured_media":626949,"comment_status":"","ping_status":"","sticky":false,"template":"","format":"standard","meta":{"footnotes":""},"categories":[9599],"tags":[1111,11,1777,674,1011,27,2208,12,2680,25,104],"class_list":{"0":"post-626948","1":"post","2":"type-post","3":"status-publish","4":"format-standard","5":"has-post-thumbnail","7":"category-montpellier","8":"tag-actu","9":"tag-actualites","10":"tag-eu","11":"tag-europe","12":"tag-fr","13":"tag-france","14":"tag-montpellier","15":"tag-news","16":"tag-occitanie","17":"tag-republique-francaise","18":"tag-societe"},"share_on_mastodon":{"url":"https:\/\/pubeurope.com\/@fr\/115796937601756694","error":""},"_links":{"self":[{"href":"https:\/\/www.europesays.com\/fr\/wp-json\/wp\/v2\/posts\/626948","targetHints":{"allow":["GET"]}}],"collection":[{"href":"https:\/\/www.europesays.com\/fr\/wp-json\/wp\/v2\/posts"}],"about":[{"href":"https:\/\/www.europesays.com\/fr\/wp-json\/wp\/v2\/types\/post"}],"author":[{"embeddable":true,"href":"https:\/\/www.europesays.com\/fr\/wp-json\/wp\/v2\/users\/2"}],"replies":[{"embeddable":true,"href":"https:\/\/www.europesays.com\/fr\/wp-json\/wp\/v2\/comments?post=626948"}],"version-history":[{"count":0,"href":"https:\/\/www.europesays.com\/fr\/wp-json\/wp\/v2\/posts\/626948\/revisions"}],"wp:featuredmedia":[{"embeddable":true,"href":"https:\/\/www.europesays.com\/fr\/wp-json\/wp\/v2\/media\/626949"}],"wp:attachment":[{"href":"https:\/\/www.europesays.com\/fr\/wp-json\/wp\/v2\/media?parent=626948"}],"wp:term":[{"taxonomy":"category","embeddable":true,"href":"https:\/\/www.europesays.com\/fr\/wp-json\/wp\/v2\/categories?post=626948"},{"taxonomy":"post_tag","embeddable":true,"href":"https:\/\/www.europesays.com\/fr\/wp-json\/wp\/v2\/tags?post=626948"}],"curies":[{"name":"wp","href":"https:\/\/api.w.org\/{rel}","templated":true}]}}