{"id":626950,"date":"2025-12-28T11:23:21","date_gmt":"2025-12-28T11:23:21","guid":{"rendered":"https:\/\/www.europesays.com\/fr\/626950\/"},"modified":"2025-12-28T11:23:21","modified_gmt":"2025-12-28T11:23:21","slug":"a-montpellier-les-nouveaux-arrivants-peinent-a-trouver-des-conditions-daccueil-satisfaisantes-selon-le-geographe-georges-roques","status":"publish","type":"post","link":"https:\/\/www.europesays.com\/fr\/626950\/","title":{"rendered":"A Montpellier, \u00ab\u00a0les nouveaux arrivants peinent \u00e0 trouver des conditions d\u2019accueil satisfaisantes\u00a0\u00bb, selon le g\u00e9ographe Georges Roques"},"content":{"rendered":"<p>\n                                                                Croissance d\u00e9mographique soutenue, attractivit\u00e9 renforc\u00e9e, mais fortes in\u00e9galit\u00e9s territoriales\u00a0: la M\u00e9tropole de Montpellier poursuit sa transformation \u00e0 grande vitesse. Georges Roques d\u00e9crypte les d\u00e9s\u00e9quilibres, les d\u00e9fis du logement et des transports, et les grands projets structurants appel\u00e9s \u00e0 fa\u00e7onner l\u2019avenir du territoire.\n                            <\/p>\n<p class=\"txt-question\">On constate que la M\u00e9tropole a beaucoup \u00e9volu\u00e9, mais pas de mani\u00e8re homog\u00e8ne\u00a0?<\/p>\n<p>Absolument. On observe d\u2019importants d\u00e9s\u00e9quilibres dans la r\u00e9partition de la population, et ils ne datent pas d\u2019hier. L\u2019ouest montpelli\u00e9rain en p\u00e2tit particuli\u00e8rement\u00a0: il ne b\u00e9n\u00e9ficie pas des m\u00eames \u00e9quipements, reste mal reli\u00e9 au reste du territoire et a longtemps souffert d\u2019un relatif d\u00e9sint\u00e9r\u00eat des politiques publiques, m\u00eame si la situation commence \u00e0 \u00e9voluer.<\/p>\n<p class=\"txt-question\">Montpellier fait partie, avec Toulouse, des m\u00e9tropoles au plus fort taux d\u2019accroissement d\u00e9mographique\u00a0?<\/p>\n<p>Oui, et cet accroissement est particuli\u00e8rement rapide. Il s\u2019explique essentiellement par l\u2019apport de populations ext\u00e9rieures. C\u2019est le r\u00e9sultat de l\u2019attractivit\u00e9 de Montpellier\u00a0: un climat m\u00e9diterran\u00e9en appr\u00e9ci\u00e9, malgr\u00e9 des \u00e9pisodes pluvieux r\u00e9cents, et surtout une r\u00e9elle diversit\u00e9 \u00e9conomique. Les industries culturelles et cr\u00e9atives, notamment, constituent un point fort du territoire.<\/p>\n<p class=\"txt-question\">D\u2019o\u00f9 viennent ces nouveaux habitants\u00a0?<\/p>\n<p>Ils arrivent principalement des r\u00e9gions voisines et de la r\u00e9gion parisienne. Certains viennent pour le travail, d\u2019autres pour b\u00e9n\u00e9ficier d\u2019un cadre de vie plus cl\u00e9ment. Mais il devient de plus en plus difficile de s\u2019installer \u00e0 Montpellier. Les nouveaux arrivants peinent \u00e0 trouver des conditions d\u2019accueil satisfaisantes. Je pense par exemple \u00e0 un jeune couple de professeurs contraint de s\u2019installer hors de la M\u00e9tropole, faute de pouvoir se loger \u00e0 un prix abordable.<\/p>\n<p>Les projets de COM et de LIEN sont fondamentaux<\/p>\n<p class=\"txt-question\">Est-ce le signe que la M\u00e9tropole profite aux collectivit\u00e9s p\u00e9riph\u00e9riques\u00a0?<\/p>\n<p>Oui, et c\u2019est un ph\u00e9nom\u00e8ne relativement nouveau. D\u2019o\u00f9 l\u2019importance cruciale des relations entre collectivit\u00e9s, notamment en mati\u00e8re de transports, pour relier les agglom\u00e9rations entre elles. Il faut par ailleurs comprendre que l\u2019\u00e9chelle territoriale a chang\u00e9. Elle se regarde \u00e0 une \u00e9chelle beaucoup plus large, par rapport \u00e0 Toulouse, Marseille, Bordeaux et Clermont-Ferrand. Et \u00e0 cette \u00e9chelle-l\u00e0, la M\u00e9tropole de Montpellier est la plus petite.<\/p>\n<p class=\"txt-question\">A cause de petites villes autour de Montpellier\u2026<\/p>\n<p>Effectivement. \u00c0 l\u2019exception de Castelnau-le-Lez, et dans une moindre mesure de Saint-Jean-de-V\u00e9das, la M\u00e9tropole est compos\u00e9e de communes de taille modeste. Il faudrait renforcer et valoriser certaines d\u2019entre elles afin qu\u2019elles puissent absorber une partie de la croissance d\u00e9mographique et des activit\u00e9s \u00e9conomiques.<\/p>\n<p class=\"txt-question\">Le d\u00e9veloppement de Montpellier passe-t-il par les projets autoroutiers du COM \u00e0 l\u2019ouest et du LIEN au nord\u00a0?<\/p>\n<p>C\u2019est fondamental, et cela l\u2019est depuis plus de trente ans. Ce sont des projets qui ont beaucoup tard\u00e9. Le COM doit permettre de relier les autoroutes A75 et A9. Aujourd\u2019hui encore, les flux passent par l\u2019avenue de la Libert\u00e9. Je ne comprends pas que ce dossier n\u2019ait pas avanc\u00e9 plus vite\u2026 mais je ne suis que g\u00e9ographe. Quant au LIEN, il se heurte \u00e0 des r\u00e9sistances locales, notamment \u00e0 Grabels, o\u00f9 l\u2019on reconna\u00eet l\u2019utilit\u00e9 publique du projet, mais pas \u00e0 l\u2019endroit pr\u00e9vu, plut\u00f4t un peu plus loin. C\u2019est une forme d\u2019\u00e9go\u00efsme municipal\u2026<\/p>\n","protected":false},"excerpt":{"rendered":"Croissance d\u00e9mographique soutenue, attractivit\u00e9 renforc\u00e9e, mais fortes in\u00e9galit\u00e9s territoriales\u00a0: la M\u00e9tropole de Montpellier poursuit sa transformation \u00e0 grande&hellip;\n","protected":false},"author":2,"featured_media":626951,"comment_status":"","ping_status":"","sticky":false,"template":"","format":"standard","meta":{"footnotes":""},"categories":[9599],"tags":[1111,11,13029,1777,674,1011,27,7089,2208,12,2680,25,1857],"class_list":{"0":"post-626950","1":"post","2":"type-post","3":"status-publish","4":"format-standard","5":"has-post-thumbnail","7":"category-montpellier","8":"tag-actu","9":"tag-actualites","10":"tag-du00e9mographie","11":"tag-eu","12":"tag-europe","13":"tag-fr","14":"tag-france","15":"tag-herault","16":"tag-montpellier","17":"tag-news","18":"tag-occitanie","19":"tag-republique-francaise","20":"tag-sociu00e9tu00e9"},"share_on_mastodon":{"url":"https:\/\/pubeurope.com\/@fr\/115796941446559230","error":""},"_links":{"self":[{"href":"https:\/\/www.europesays.com\/fr\/wp-json\/wp\/v2\/posts\/626950","targetHints":{"allow":["GET"]}}],"collection":[{"href":"https:\/\/www.europesays.com\/fr\/wp-json\/wp\/v2\/posts"}],"about":[{"href":"https:\/\/www.europesays.com\/fr\/wp-json\/wp\/v2\/types\/post"}],"author":[{"embeddable":true,"href":"https:\/\/www.europesays.com\/fr\/wp-json\/wp\/v2\/users\/2"}],"replies":[{"embeddable":true,"href":"https:\/\/www.europesays.com\/fr\/wp-json\/wp\/v2\/comments?post=626950"}],"version-history":[{"count":0,"href":"https:\/\/www.europesays.com\/fr\/wp-json\/wp\/v2\/posts\/626950\/revisions"}],"wp:featuredmedia":[{"embeddable":true,"href":"https:\/\/www.europesays.com\/fr\/wp-json\/wp\/v2\/media\/626951"}],"wp:attachment":[{"href":"https:\/\/www.europesays.com\/fr\/wp-json\/wp\/v2\/media?parent=626950"}],"wp:term":[{"taxonomy":"category","embeddable":true,"href":"https:\/\/www.europesays.com\/fr\/wp-json\/wp\/v2\/categories?post=626950"},{"taxonomy":"post_tag","embeddable":true,"href":"https:\/\/www.europesays.com\/fr\/wp-json\/wp\/v2\/tags?post=626950"}],"curies":[{"name":"wp","href":"https:\/\/api.w.org\/{rel}","templated":true}]}}