{"id":626954,"date":"2025-12-28T11:29:20","date_gmt":"2025-12-28T11:29:20","guid":{"rendered":"https:\/\/www.europesays.com\/fr\/626954\/"},"modified":"2025-12-28T11:29:20","modified_gmt":"2025-12-28T11:29:20","slug":"la-police-tire-et-blesse-un-homme-menacant-avec-un-couteau","status":"publish","type":"post","link":"https:\/\/www.europesays.com\/fr\/626954\/","title":{"rendered":"la police tire et blesse un homme mena\u00e7ant avec un couteau"},"content":{"rendered":"<p>\n    L\u2019homme, \u00e2g\u00e9 de 34 ans, a \u00e9t\u00e9 hospitalis\u00e9 et son pronostic vital n\u2019est pas engag\u00e9.<\/p>\n<p class=\"fig-paragraph\">Un policier a tir\u00e9 \u00e0 deux reprises et bless\u00e9 un homme qui \u00e9tait mena\u00e7ant avec un couteau, lundi matin dans une rue du centre-ville de\u00a0<a href=\"http:\/\/www.lefigaro.fr\/flash-actu\/adolescent-blesse-par-balle-a-grenoble-un-homme-de-19-ans-interpelle-20251219\" data-fig-type=\"NewsFlash\" data-gtm-custom-categorie=\"navigation\" data-gtm-custom-action=\"crossclick\" data-gtm-custom-label=\"Contextuel\" data-gtm-event=\"customEventSPE\" data-fig-domain=\"LEFIGARO\" target=\"_blank\" rel=\"noopener\">Grenoble<\/a>, selon une source polici\u00e8re cit\u00e9e par l\u2019AFP. L&rsquo;homme, \u00e2g\u00e9 de 34 ans, a \u00e9t\u00e9 hospitalis\u00e9 et son pronostic vital n&rsquo;est pas engag\u00e9, selon la m\u00eame source, confirmant\u00a0<a href=\"https:\/\/www.ledauphine.com\/faits-divers-justice\/2025\/12\/22\/les-policiers-font-feu-sur-un-homme-arme-d-un-couteau-sur-le-boulevard-jean-pain\" target=\"_blank\" rel=\"sponsored noopener\" data-gtm-custom-categorie=\"navigation\" data-gtm-custom-action=\"crossclick\" data-gtm-custom-label=\"Contextuel\" data-gtm-event=\"customEventSPE\">une information<\/a>\u00a0du Dauphin\u00e9 Lib\u00e9r\u00e9.\u00a0<\/p>\n<p class=\"fig-paragraph\">Les policiers ont \u00e9t\u00e9 d\u2019abord appel\u00e9s vers 9h pour un homme qui \u00e9tait mena\u00e7ant dans une auto-\u00e9cole. \u00c0 leur arriv\u00e9e sur place, l\u2019homme a pris la fuite, et a \u00e9t\u00e9 poursuivi par des policiers, selon cette source. Arriv\u00e9 sur un boulevard dans le centre-ville, le suspect a tent\u00e9 \u00abde porter des coups de couteau \u00e0 deux des policiers\u00bb, a indiqu\u00e9 dans un communiqu\u00e9 In\u00e8s Delay, procureure adjointe de Grenoble.<\/p>\n<p>                                            <a class=\"fig-a11y-skip\" href=\"#fig-a11y-skip-main-inarticle\" data-module=\"a11y-skip\" data-context=\"was @visible\"><br \/>\n    Passer la publicit\u00e9<br \/>\n<\/a>            <\/p>\n<p class=\"fig-paragraph\">L\u2019un des fonctionnaires a, \u00aben r\u00e9ponse\u00bb, tir\u00e9 \u00e0 deux reprises, blessant le suspect \u00e0 une main et au thorax. Le bless\u00e9 a \u00e9t\u00e9 hospitalis\u00e9 et a subi une op\u00e9ration lundi dans l\u2019apr\u00e8s-midi, selon la m\u00eame source. Il voulait contester son exclusion r\u00e9cente de l\u2019auto-\u00e9cole, \u00absurvenue \u00e0 la suite de violences d\u00e9nonc\u00e9es par le personnel\u00bb d\u00e9but d\u00e9cembre, et qui faisaient l\u2019objet d\u2019une enqu\u00eate, a pr\u00e9cis\u00e9 Mme Delay.<\/p>\n<p>                                            <strong>D\u00e9j\u00e0 connu pour des violences class\u00e9es sans suite<\/strong><\/p>\n<p class=\"fig-paragraph\">\u00ab\u00c0 ce stade des investigations\u00bb, il n\u2019est \u00abpas \u00e9tabli que des menaces terroristes aient \u00e9t\u00e9 prof\u00e9r\u00e9es par l\u2019int\u00e9ress\u00e9 \u00e0 l\u2019encontre de quiconque\u00bb, a ajout\u00e9 la procureure adjointe. Selon une employ\u00e9e de l\u2019auto-\u00e9cole qui a t\u00e9moign\u00e9 au t\u00e9l\u00e9phone aupr\u00e8s de l\u2019AFP, l\u2019homme est arriv\u00e9 sur le pas de la porte et \u00aba dit qu\u2019il voulait r\u00e9cup\u00e9rer son dossier\u00bb.<\/p>\n<p class=\"fig-paragraph\">\u00abApr\u00e8s, il a d\u00e9clar\u00e9 qu\u2019il avait un couteau et l\u2019a sorti\u00bb, a-t-elle ajout\u00e9 sous couvert d\u2019anonymat, d\u00e9crivant un \u00abcouteau de chasse\u00bb avec une lame \u00abde 10 \u00e0 15 cm\u00bb. \u00abIl a un peu recul\u00e9 et mon chef a eu le temps de fermer la porte \u00e0 cl\u00e9\u00bb, avant d\u2019appeler la police, a-t-elle poursuivi. Selon la procureure adjointe, l\u2019homme est d\u00e9j\u00e0 connu pour des violences commises en 2017, 2022 et 2023, class\u00e9es sans suite \u00abpour la plupart compte tenu de son \u00e9tat psychiatrique\u00bb.<\/p>\n<p class=\"fig-paragraph\">Une enqu\u00eate pour \u00abtentatives d\u2019homicides contre personnes d\u00e9positaires de l\u2019autorit\u00e9 publique et violences avec arme\u00bb, a \u00e9t\u00e9 confi\u00e9e \u00e0 la police judiciaire locale. Une autre a \u00e9t\u00e9 confi\u00e9e \u00e0 l\u2019Inspection g\u00e9n\u00e9rale de la police nationale (IGPN) \u00e0 la suite de l\u2019usage par le policier de son arme de service. Samedi midi dans le centre d\u2019Ajaccio, un homme de 26 ans arm\u00e9 d\u2019un couteau a menac\u00e9 des passants avant d\u2019\u00eatre tu\u00e9 par la police.<\/p>\n","protected":false},"excerpt":{"rendered":"L\u2019homme, \u00e2g\u00e9 de 34 ans, a \u00e9t\u00e9 hospitalis\u00e9 et son pronostic vital n\u2019est pas engag\u00e9. Un policier a&hellip;\n","protected":false},"author":2,"featured_media":626955,"comment_status":"","ping_status":"","sticky":false,"template":"","format":"standard","meta":{"footnotes":""},"categories":[9566],"tags":[1111,11,2430,1777,674,1011,27,2731,12,1072,25],"class_list":{"0":"post-626954","1":"post","2":"type-post","3":"status-publish","4":"format-standard","5":"has-post-thumbnail","7":"category-grenoble","8":"tag-actu","9":"tag-actualites","10":"tag-auvergne-rhone-alpes","11":"tag-eu","12":"tag-europe","13":"tag-fr","14":"tag-france","15":"tag-grenoble","16":"tag-news","17":"tag-police","18":"tag-republique-francaise"},"share_on_mastodon":{"url":"https:\/\/pubeurope.com\/@fr\/115796965223400742","error":""},"_links":{"self":[{"href":"https:\/\/www.europesays.com\/fr\/wp-json\/wp\/v2\/posts\/626954","targetHints":{"allow":["GET"]}}],"collection":[{"href":"https:\/\/www.europesays.com\/fr\/wp-json\/wp\/v2\/posts"}],"about":[{"href":"https:\/\/www.europesays.com\/fr\/wp-json\/wp\/v2\/types\/post"}],"author":[{"embeddable":true,"href":"https:\/\/www.europesays.com\/fr\/wp-json\/wp\/v2\/users\/2"}],"replies":[{"embeddable":true,"href":"https:\/\/www.europesays.com\/fr\/wp-json\/wp\/v2\/comments?post=626954"}],"version-history":[{"count":0,"href":"https:\/\/www.europesays.com\/fr\/wp-json\/wp\/v2\/posts\/626954\/revisions"}],"wp:featuredmedia":[{"embeddable":true,"href":"https:\/\/www.europesays.com\/fr\/wp-json\/wp\/v2\/media\/626955"}],"wp:attachment":[{"href":"https:\/\/www.europesays.com\/fr\/wp-json\/wp\/v2\/media?parent=626954"}],"wp:term":[{"taxonomy":"category","embeddable":true,"href":"https:\/\/www.europesays.com\/fr\/wp-json\/wp\/v2\/categories?post=626954"},{"taxonomy":"post_tag","embeddable":true,"href":"https:\/\/www.europesays.com\/fr\/wp-json\/wp\/v2\/tags?post=626954"}],"curies":[{"name":"wp","href":"https:\/\/api.w.org\/{rel}","templated":true}]}}