{"id":626959,"date":"2025-12-28T11:36:21","date_gmt":"2025-12-28T11:36:21","guid":{"rendered":"https:\/\/www.europesays.com\/fr\/626959\/"},"modified":"2025-12-28T11:36:21","modified_gmt":"2025-12-28T11:36:21","slug":"quand-bb-defendait-les-phoques-au-conseil-de-leurope-a-strasbourg","status":"publish","type":"post","link":"https:\/\/www.europesays.com\/fr\/626959\/","title":{"rendered":"quand \u00ab\u00a0BB\u00a0\u00bb d\u00e9fendait les phoques au Conseil de l&rsquo;Europe \u00e0 Strasbourg"},"content":{"rendered":"<p>L\u2019ic\u00f4ne fran\u00e7aise Brigitte Bardot est d\u00e9c\u00e9d\u00e9e ce dimanche 28 d\u00e9cembre \u00e0 l\u2019\u00e2ge de 91 ans. L\u2019actrice et figure de mode du d\u00e9but de la seconde moiti\u00e9 du XX\u1d49 si\u00e8cle avait fait de la cause animale le grand combat de sa vie. En janvier 1978, \u00ab BB \u00bb \u00e9tait venue au Conseil de l\u2019Europe \u00e0 Strasbourg pour prendre la d\u00e9fense des phoques, dont la chasse mena\u00e7ait la survie de l\u2019esp\u00e8ce.<br \/>Elle avait notamment demand\u00e9 \u00e0 la Norv\u00e8ge et au Danemark la suspension des autorisations de chasse au Groenland et la mise en place de quotas stricts. Brigitte Bardot avait \u00e9galement appel\u00e9 l\u2019assembl\u00e9e \u00e0 boycotter la vente des peaux de b\u00e9b\u00e9s phoques.<\/p>\n","protected":false},"excerpt":{"rendered":"L\u2019ic\u00f4ne fran\u00e7aise Brigitte Bardot est d\u00e9c\u00e9d\u00e9e ce dimanche 28 d\u00e9cembre \u00e0 l\u2019\u00e2ge de 91 ans. L\u2019actrice et figure&hellip;\n","protected":false},"author":2,"featured_media":626960,"comment_status":"","ping_status":"","sticky":false,"template":"","format":"standard","meta":{"footnotes":""},"categories":[2820],"tags":[1111,11,2389,1777,674,107,1011,27,5325,2798,775,1391,12,25,273,640],"class_list":{"0":"post-626959","1":"post","2":"type-post","3":"status-publish","4":"format-standard","5":"has-post-thumbnail","7":"category-strasbourg","8":"tag-actu","9":"tag-actualites","10":"tag-alsace","11":"tag-eu","12":"tag-europe","13":"tag-fil-info","14":"tag-fr","15":"tag-france","16":"tag-galerie-media","17":"tag-galerie-photo","18":"tag-grand-est","19":"tag-necrologie","20":"tag-news","21":"tag-republique-francaise","22":"tag-selection-de-la-redaction","23":"tag-strasbourg"},"share_on_mastodon":{"url":"https:\/\/pubeurope.com\/@fr\/115796992585639477","error":""},"_links":{"self":[{"href":"https:\/\/www.europesays.com\/fr\/wp-json\/wp\/v2\/posts\/626959","targetHints":{"allow":["GET"]}}],"collection":[{"href":"https:\/\/www.europesays.com\/fr\/wp-json\/wp\/v2\/posts"}],"about":[{"href":"https:\/\/www.europesays.com\/fr\/wp-json\/wp\/v2\/types\/post"}],"author":[{"embeddable":true,"href":"https:\/\/www.europesays.com\/fr\/wp-json\/wp\/v2\/users\/2"}],"replies":[{"embeddable":true,"href":"https:\/\/www.europesays.com\/fr\/wp-json\/wp\/v2\/comments?post=626959"}],"version-history":[{"count":0,"href":"https:\/\/www.europesays.com\/fr\/wp-json\/wp\/v2\/posts\/626959\/revisions"}],"wp:featuredmedia":[{"embeddable":true,"href":"https:\/\/www.europesays.com\/fr\/wp-json\/wp\/v2\/media\/626960"}],"wp:attachment":[{"href":"https:\/\/www.europesays.com\/fr\/wp-json\/wp\/v2\/media?parent=626959"}],"wp:term":[{"taxonomy":"category","embeddable":true,"href":"https:\/\/www.europesays.com\/fr\/wp-json\/wp\/v2\/categories?post=626959"},{"taxonomy":"post_tag","embeddable":true,"href":"https:\/\/www.europesays.com\/fr\/wp-json\/wp\/v2\/tags?post=626959"}],"curies":[{"name":"wp","href":"https:\/\/api.w.org\/{rel}","templated":true}]}}