{"id":626961,"date":"2025-12-28T11:38:20","date_gmt":"2025-12-28T11:38:20","guid":{"rendered":"https:\/\/www.europesays.com\/fr\/626961\/"},"modified":"2025-12-28T11:38:20","modified_gmt":"2025-12-28T11:38:20","slug":"strasbourg-previsions-meteo-du-dimanche-28-decembre-2025","status":"publish","type":"post","link":"https:\/\/www.europesays.com\/fr\/626961\/","title":{"rendered":"Strasbourg : pr\u00e9visions m\u00e9t\u00e9o du dimanche 28 d\u00e9cembre 2025"},"content":{"rendered":"<p>\u00c0 Strasbourg, la journ\u00e9e du dimanche 28 d\u00e9cembre 2025 sera froide avec un ciel d&rsquo;abord variable le matin puis d\u00e9gag\u00e9 l\u2019apr\u00e8s-midi. Le vent frais de nord-nord-est renforce la sensation de froid tout au long de la journ\u00e9e.<\/p>\n<p>    Matin : ciel variable et gel\u00e9es<\/p>\n<p>\u00c0 Strasbourg, le soleil se l\u00e8ve \u00e0 08:20, r\u00e9v\u00e9lant un ciel variable apr\u00e8s plusieurs jours de grisaille. Cette alternance d\u2019\u00e9claircies laisse esp\u00e9rer une journ\u00e9e plus lumineuse pour les f\u00eates, m\u00eame si l\u2019atmosph\u00e8re demeure froide.<\/p>\n<p>\u00c0 09:00, le thermom\u00e8tre indique -1 \u00b0C, mais la sensation est plus vive, proche de -5 \u00b0C, sous l\u2019effet d\u2019une l\u00e9g\u00e8re brise de nord-nord-est atteignant 8 km\/h. L\u2019humidit\u00e9 s\u2019\u00e9l\u00e8ve \u00e0 92 %, preuve d\u2019un air satur\u00e9 en humidit\u00e9.<\/p>\n<p>Il est donc conseill\u00e9 de pr\u00e9voir des gants isolants et des semelles antid\u00e9rapantes : le givre matinal pourra rendre trottoirs et pistes cyclables glissants. Les transports en commun devraient circuler normalement, la visibilit\u00e9 restant correcte.<\/p>\n<ul>\n<li><b>Temp\u00e9rature<\/b> : -1 \u00b0C<\/li>\n<li><b>Ressenti<\/b> : -5 \u00b0C<\/li>\n<li><b>Vent<\/b> : 8 km\/h NNE<\/li>\n<\/ul>\n<p>Apr\u00e8s-midi : plein soleil mais fra\u00eecheur tenace<\/p>\n<p>En milieu de journ\u00e9e, le ciel se d\u00e9gage franchement au-dessus de la cath\u00e9drale et des quais. La lumi\u00e8re hivernale, basse sur l\u2019horizon, magnifie les fa\u00e7ades en gr\u00e8s rose et r\u00e9chauffe \u00e0 peine l\u2019ambiance.<\/p>\n<p>\u00c0 15:00, on rel\u00e8ve <b>3 \u00b0C<\/b>, ressentis -1 \u00b0C. L\u2019humidit\u00e9 diminue \u00e0 74 %, tandis que la pression reste \u00e9lev\u00e9e \u00e0 1028 hPa, confirmant la stabilit\u00e9 anticyclonique. Le vent demeure discret, 8 km\/h, de secteur nord-nord-est.<\/p>\n<p>Activit\u00e9s de plein air, march\u00e9s de No\u00ebl ou patinoire place Kl\u00e9ber profiteront d\u2019une atmosph\u00e8re s\u00e8che. Attention toutefois aux sols restant froids ; un risque de verglas ponctuel persiste dans les zones ombrag\u00e9es, surtout apr\u00e8s des passages fr\u00e9quents.<\/p>\n<ul>\n<li><b>Maximum du jour<\/b> : 3 \u00b0C<\/li>\n<li><b>Pluie<\/b> : 0 mm<\/li>\n<\/ul>\n<p>Soir : fra\u00eecheur accentu\u00e9e apr\u00e8s le coucher du soleil<\/p>\n<p>D\u00e8s la fin d\u2019apr\u00e8s-midi, l\u2019astre du jour entame sa descente rapide : il se couchera \u00e0 16:40, abandonnant un ciel toujours limpide et des teintes pastel sur la Petite France.<\/p>\n<p>Vers 21:00, les temp\u00e9ratures replongent \u00e0 0 \u00b0C, ressenties -4 \u00b0C. Le vent, faible, s\u2019oriente au nord pur autour de 6 km\/h. L\u2019humidit\u00e9 remonte \u00e0 85 %, accentuant le refroidissement nocturne.<\/p>\n<p>Il est recommand\u00e9 d\u2019a\u00e9rer bri\u00e8vement les logements, puis de fermer t\u00f4t volets et rideaux afin de limiter les pertes de chaleur. Les automobilistes devront pr\u00e9voir de gratter les pare-brise d\u00e8s l\u2019aube suivante.<\/p>\n<ul>\n<li><b>Temp\u00e9rature du soir<\/b> : 0 \u00b0C<\/li>\n<li><b>Ressenti<\/b> : -4 \u00b0C<\/li>\n<\/ul>\n<p>Tendance pour le lundi 29 d\u00e9cembre : brouillard et froid persistant<\/p>\n<p>La nuit du 28 au 29 d\u00e9cembre se poursuivra sous un ciel de nouveau variable, -3 \u00b0C vers minuit, ressenti -6 \u00b0C. Le rayonnement nocturne, associ\u00e9 \u00e0 un vent quasi nul, favorisera la formation locale de givre.<\/p>\n<p>Demain, la journ\u00e9e s\u2019annonce nettement plus grise : brouillard persistant, plafonds tr\u00e8s bas et temp\u00e9ratures n\u00e9gatives. Le maximum attendu n\u2019atteindra que -2 \u00b0C, le minimum -4 \u00b0C. Le ressenti restera glacial, entre -5 et -7 \u00b0C.<\/p>\n<p>Le brouillard, conjugu\u00e9 \u00e0 une pression en baisse (1007 hPa) et un vent d\u2019ouest \u00e0 6 km\/h, pourrait perturber la circulation matinale sur l\u2019A35 ainsi que le trafic fluvial. Il est conseill\u00e9 d\u2019anticiper les d\u00e9placements et d\u2019allumer les feux adapt\u00e9s.<\/p>\n<ul>\n<li><b>Maxi pr\u00e9vu<\/b> : -2 \u00b0C<\/li>\n<li><b>Mini pr\u00e9vu<\/b> : -4 \u00b0C<\/li>\n<li><b>Ph\u00e9nom\u00e8ne<\/b> : brouillard dense<\/li>\n<\/ul>\n<p>Ces journ\u00e9es froides mais s\u00e8ches demeurent typiques de la plaine d\u2019Alsace, prot\u00e9g\u00e9e des perturbations atlantiques par les Vosges. Aucune anomalie climatique n\u2019est observ\u00e9e ; ce froid s\u2019inscrit dans la variabilit\u00e9 normale de fin d\u00e9cembre.<\/p>\n<p>Pour suivre l\u2019\u00e9volution heure par heure et pr\u00e9parer vos d\u00e9placements, consultez <a href=\"https:\/\/www.meteocity.com\/france\/strasbourg-v2973783\" target=\"_blank\" rel=\"noopener\">notre bulletin complet<\/a> actualis\u00e9 en continu.<\/p>\n","protected":false},"excerpt":{"rendered":"\u00c0 Strasbourg, la journ\u00e9e du dimanche 28 d\u00e9cembre 2025 sera froide avec un ciel d&rsquo;abord variable le matin&hellip;\n","protected":false},"author":2,"featured_media":626962,"comment_status":"","ping_status":"","sticky":false,"template":"","format":"standard","meta":{"footnotes":""},"categories":[2820],"tags":[1111,11,1777,674,1011,27,775,12,25,640],"class_list":{"0":"post-626961","1":"post","2":"type-post","3":"status-publish","4":"format-standard","5":"has-post-thumbnail","7":"category-strasbourg","8":"tag-actu","9":"tag-actualites","10":"tag-eu","11":"tag-europe","12":"tag-fr","13":"tag-france","14":"tag-grand-est","15":"tag-news","16":"tag-republique-francaise","17":"tag-strasbourg"},"share_on_mastodon":{"url":"https:\/\/pubeurope.com\/@fr\/115797000463236095","error":""},"_links":{"self":[{"href":"https:\/\/www.europesays.com\/fr\/wp-json\/wp\/v2\/posts\/626961","targetHints":{"allow":["GET"]}}],"collection":[{"href":"https:\/\/www.europesays.com\/fr\/wp-json\/wp\/v2\/posts"}],"about":[{"href":"https:\/\/www.europesays.com\/fr\/wp-json\/wp\/v2\/types\/post"}],"author":[{"embeddable":true,"href":"https:\/\/www.europesays.com\/fr\/wp-json\/wp\/v2\/users\/2"}],"replies":[{"embeddable":true,"href":"https:\/\/www.europesays.com\/fr\/wp-json\/wp\/v2\/comments?post=626961"}],"version-history":[{"count":0,"href":"https:\/\/www.europesays.com\/fr\/wp-json\/wp\/v2\/posts\/626961\/revisions"}],"wp:featuredmedia":[{"embeddable":true,"href":"https:\/\/www.europesays.com\/fr\/wp-json\/wp\/v2\/media\/626962"}],"wp:attachment":[{"href":"https:\/\/www.europesays.com\/fr\/wp-json\/wp\/v2\/media?parent=626961"}],"wp:term":[{"taxonomy":"category","embeddable":true,"href":"https:\/\/www.europesays.com\/fr\/wp-json\/wp\/v2\/categories?post=626961"},{"taxonomy":"post_tag","embeddable":true,"href":"https:\/\/www.europesays.com\/fr\/wp-json\/wp\/v2\/tags?post=626961"}],"curies":[{"name":"wp","href":"https:\/\/api.w.org\/{rel}","templated":true}]}}