{"id":626965,"date":"2025-12-28T11:44:27","date_gmt":"2025-12-28T11:44:27","guid":{"rendered":"https:\/\/www.europesays.com\/fr\/626965\/"},"modified":"2025-12-28T11:44:27","modified_gmt":"2025-12-28T11:44:27","slug":"franc-succes-pour-cette-patisserie-ouverte-pres-de-nantes","status":"publish","type":"post","link":"https:\/\/www.europesays.com\/fr\/626965\/","title":{"rendered":"Franc succ\u00e8s pour cette p\u00e2tisserie ouverte pr\u00e8s de Nantes"},"content":{"rendered":"<p>                    Par<br \/>\n        <strong><br \/>\n            <a href=\"https:\/\/actu.fr\/auteur\/journaliste-sm\" title=\"Consulter tous les articles de R\u00e9daction Clisson\" target=\"_blank\" rel=\"noopener\">R\u00e9daction Clisson<\/a><br \/>\n                    <\/strong><\/p>\n<p>        Publi\u00e9 le<\/p>\n<p>            28 d\u00e9c. 2025 \u00e0 11h46        <\/p>\n<p>\u00c0 la t\u00eate de son salon de th\u00e9 avec des p\u00e2tisseries faites maison, Charles Adnet ne boude pas son bonheur apr\u00e8s un mois et demi d\u2019ouverture.<\/p>\n<blockquote class=\"ac-article-quote wall-content\">\n<p>Nous avons eu \u00e9norm\u00e9ment de monde. On a eu un super accueil de la part des clients mais aussi des commer\u00e7ants.<\/p>\n<p>Le g\u00e9rant<\/p><\/blockquote>\n<p class=\" wall-content\">Sur la<a href=\"https:\/\/www.google.com\/maps\/place\/Pl.+Saint-Martin,+44120+Vertou\/@47.1681996,-1.4758799,1283m\/data=!3m2!1e3!4b1!4m6!3m5!1s0x4805e62a620c71b9:0xed319b6c6c955a2e!8m2!3d47.168196!4d-1.473305!16s%2Fg%2F1tm8jz8d?entry=ttu&amp;g_ep=EgoyMDI1MTIwOS4wIKXMDSoKLDEwMDc5MjA2OUgBUAM%3D\" target=\"_blank\" rel=\"noopener\"> place Saint-Martin <\/a>\u00e0 <a href=\"https:\/\/actu.fr\/pays-de-la-loire\/vertou_44215\" target=\"_blank\" rel=\"noopener\"><b>Vertou<\/b><\/a>, la <a href=\"https:\/\/www.instagram.com\/plum.maison_de_patisserie\/\" target=\"_blank\" rel=\"noopener\">maison Plum<\/a>\u2018 r\u00e9unit 4 salari\u00e9s, dont une apprentie. Des \u00e9quipes d\u00e9crites comme \u00ab\u2009impliqu\u00e9es et qui se donnent \u00e0 fond et partagent leurs id\u00e9es que ce soit en production ou en vente\u2009\u00bb par leur patron.<\/p>\n<p>En Australie, la culture du salon de th\u00e9<\/p>\n<p class=\" wall-content\">\u00c0 29\u00a0ans,<b> le gar\u00e7on est dans le m\u00e9tier depuis une petite dizaine d\u2019ann\u00e9es.<\/b> D\u2019abord, dans la restauration, puis<b> tr\u00e8s rapidement en se tournant vers la p\u00e2tisserie, <\/b>il a travaill\u00e9 sur <b>Nantes<\/b>, <b>Paris <\/b>mais <b>\u00e9galement l\u2019Australie, <\/b>o\u00f9 il est parti avec son meilleur ami. \u00c0 l\u2019autre bout du monde, il a d\u00e9couvert \u00ab\u2009<b>la culture du salon de th\u00e9<\/b>\u2009\u00bb avec le \u00ab\u2009plaisir de se retrouver\u2009\u00bb. <b>Le Covid passant par l\u00e0, Charles Adnet est rentr\u00e9 en France<\/b> avec cette envie de r\u00e9aliser un projet qu\u2019il a depuis tout petit\u2009: ouvrir sa p\u00e2tisserie.<\/p>\n<p class=\" wall-content\">De ces privations sociales li\u00e9es \u00e0 la pand\u00e9mie na\u00eet la conviction qu\u2019il est d\u2019autant plus important de cr\u00e9er un espace o\u00f9 les gens peuvent se retrouver.<b> Sa maison p\u00e2tisserie prend forme dans l\u2019esprit de son cr\u00e9ateur.<\/b> Charles Adnet cherche d\u2019abord en centre-ville de Nantes o\u00f9 les \u00ab\u2009loyers faramineux et les fonds de commerce hors-de-prix\u2009\u00bb le d\u00e9couragent presque. Apr\u00e8s une visite de Vertou, il d\u00e9couvre le local vacant de l<b>\u2019ancienne pharmacie de la place Saint-Martin<\/b>.<\/p>\n<p>Vid\u00e9os : en ce moment sur Actu<\/p>\n<blockquote class=\"ac-article-quote wall-content\">\n<p>\u00c7a a fait tilt.<\/p>\n<p>Charles Adnet<\/p><\/blockquote>\n<p>Votre r\u00e9gion, votre actu !<\/p>\n<p>Recevez chaque jour les infos qui comptent pour vous.<\/p>\n<p>\t<a href=\"https:\/\/actu.fr\/newsletter\" class=\"ac-btn ac-btn--corner ac-btn--medium ac-btn--blue800\" target=\"_blank\" rel=\"noopener\">S&rsquo;incrire<\/a><br \/>\nLe flan, le g\u00e2teau embl\u00e9matique\u2009?<\/p>\n<p class=\" wall-content\">Guid\u00e9 et soutenu depuis toujours par ses grands-parents dont il est tr\u00e8s proche,<b> il \u00e9coute son grand-p\u00e8re qui aime lui r\u00e9p\u00e9ter\u2009:<\/b><\/p>\n<blockquote class=\"ac-article-quote wall-content\">\n<p>Si on n\u2019ose pas, on n\u2019y arrivera pas.<\/p>\n<\/blockquote>\n<p class=\" wall-content\">Il se lance dans l\u2019aventure Plum\u2019, Maison P\u00e2tisserie. L\u2019\u00e9tablissement s\u2019attache \u00e0 offrir des p\u00e2tisseries d\u2019une finesse et d\u2019une l\u00e9g\u00e8ret\u00e9 remarquable. Rien n\u2019est laiss\u00e9 au hasard, surtout <b>pas le choix des mati\u00e8res premi\u00e8res<\/b>. Des partenariats avec des fournisseurs locaux permettent \u00e0 la boutique de<b> mettre un point d\u2019honneur sur la qualit\u00e9.<\/b><\/p>\n<p>    <img   decoding=\"async\" loading=\"lazy\" class=\"size-large\" src=\"https:\/\/www.europesays.com\/fr\/wp-content\/uploads\/2025\/12\/c2377f6df3396e6377f6df339ba377v-960x640.jpg\" alt=\"Le comptoir au moment du gouter\" width=\"960\" height=\"640\"\/><br \/>\n    Le comptoir au moment du go\u00fbter \u00a9Hebdo de S\u00e8vre et Maine<\/p>\n<p class=\" wall-content\"><b>Les p\u00e2tisseries ont un taux de sucre moins \u00e9lev\u00e9 qu\u2019habituellement<\/b>, ce qui ravira quand m\u00eame les plus gourmands.<\/p>\n<p class=\" wall-content\">Tout au long de l\u2019ann\u00e9e, <b>une formule du midi est propos\u00e9e avec des croissants formats roul\u00e9s et garni comme un sandwich<\/b>, \u00e0 manger sur place ou \u00e0 emporter. Pour les f\u00eates de fin d\u2019ann\u00e9e,<b> la boutique pr\u00e9pare une gamme de chocolaterie<\/b> ainsi que des b\u00fbches d\u00e9clin\u00e9es en b\u00fbchettes p\u00e2tissi\u00e8res. <b>Les commandes sont possibles sur le site internet.<\/b><\/p>\n<p class=\" wall-content\">Reste l\u2019incontournable du lieu\u2009:<b> le flan p\u00e2tissier.<\/b> N\u00e9 d\u2019un m\u00e9lange entre la recette du g\u00e9rant et celui de son responsable p\u00e2tissier, ce g\u00e2teau s\u2019annonce d\u00e9j\u00e0 comme le produit phare du commerce.<\/p>\n<blockquote class=\"ac-article-quote wall-content\">\n<p>On en a vendus 60 en un samedi.<\/p>\n<p>Charles Adnet, avec le sourire.<\/p><\/blockquote>\n<p>Plum\u2019 Maison P\u00e2tissi\u00e8re est ouvert du mercredi au dimanche de 9\u2009h \u00e0 19\u2009h. L\u2019enseigne se situe 17 place Saint-Martin.<\/p>\n<p class=\" wall-content\">Personnalisez votre actualit\u00e9 en ajoutant vos villes et m\u00e9dias en favori avec <a href=\"https:\/\/moncompte.actu.fr\" title=\"D\u00e9couvez Mon Actu\" rel=\"nofollow noopener\" data-trk=\"{&quot;cta&quot;:{&quot;action&quot;:&quot;https:\\\/\\\/moncompte.actu.fr&quot;,&quot;category&quot;:&quot;mon compte&quot;,&quot;from&quot;:&quot;article footer&quot;,&quot;name&quot;:&quot;Mon actu&quot;,&quot;type&quot;:&quot;cta&quot;}}\" target=\"_blank\">Mon Actu<\/a>.<\/p>\n<p>                    <script async src=\"\/\/www.instagram.com\/embed.js\"><\/script><\/p>\n","protected":false},"excerpt":{"rendered":"Par R\u00e9daction Clisson Publi\u00e9 le 28 d\u00e9c. 2025 \u00e0 11h46 \u00c0 la t\u00eate de son salon de th\u00e9&hellip;\n","protected":false},"author":2,"featured_media":626966,"comment_status":"","ping_status":"","sticky":false,"template":"","format":"standard","meta":{"footnotes":""},"categories":[2818],"tags":[1111,11,215,130,1777,674,1011,27,766,12,2636,25,104,2900],"class_list":{"0":"post-626965","1":"post","2":"type-post","3":"status-publish","4":"format-standard","5":"has-post-thumbnail","7":"category-nantes","8":"tag-actu","9":"tag-actualites","10":"tag-commerce","11":"tag-consommation","12":"tag-eu","13":"tag-europe","14":"tag-fr","15":"tag-france","16":"tag-nantes","17":"tag-news","18":"tag-pays-de-la-loire","19":"tag-republique-francaise","20":"tag-societe","21":"tag-vignoble-nantais"},"share_on_mastodon":{"url":"https:\/\/pubeurope.com\/@fr\/115797025511990265","error":""},"_links":{"self":[{"href":"https:\/\/www.europesays.com\/fr\/wp-json\/wp\/v2\/posts\/626965","targetHints":{"allow":["GET"]}}],"collection":[{"href":"https:\/\/www.europesays.com\/fr\/wp-json\/wp\/v2\/posts"}],"about":[{"href":"https:\/\/www.europesays.com\/fr\/wp-json\/wp\/v2\/types\/post"}],"author":[{"embeddable":true,"href":"https:\/\/www.europesays.com\/fr\/wp-json\/wp\/v2\/users\/2"}],"replies":[{"embeddable":true,"href":"https:\/\/www.europesays.com\/fr\/wp-json\/wp\/v2\/comments?post=626965"}],"version-history":[{"count":0,"href":"https:\/\/www.europesays.com\/fr\/wp-json\/wp\/v2\/posts\/626965\/revisions"}],"wp:featuredmedia":[{"embeddable":true,"href":"https:\/\/www.europesays.com\/fr\/wp-json\/wp\/v2\/media\/626966"}],"wp:attachment":[{"href":"https:\/\/www.europesays.com\/fr\/wp-json\/wp\/v2\/media?parent=626965"}],"wp:term":[{"taxonomy":"category","embeddable":true,"href":"https:\/\/www.europesays.com\/fr\/wp-json\/wp\/v2\/categories?post=626965"},{"taxonomy":"post_tag","embeddable":true,"href":"https:\/\/www.europesays.com\/fr\/wp-json\/wp\/v2\/tags?post=626965"}],"curies":[{"name":"wp","href":"https:\/\/api.w.org\/{rel}","templated":true}]}}