{"id":626967,"date":"2025-12-28T11:46:27","date_gmt":"2025-12-28T11:46:27","guid":{"rendered":"https:\/\/www.europesays.com\/fr\/626967\/"},"modified":"2025-12-28T11:46:27","modified_gmt":"2025-12-28T11:46:27","slug":"nantes-metropole-futsal-diego-napoles-jaimerais-jouer-une-ligue-des-champions-avec-nantes","status":"publish","type":"post","link":"https:\/\/www.europesays.com\/fr\/626967\/","title":{"rendered":"Nantes M\u00e9tropole Futsal : Diego Napoles : \u00ab J\u2019aimerais jouer une Ligue des champions avec Nantes \u00bb"},"content":{"rendered":"<p class=\"MsoNormal\"><b>Tu es arriv\u00e9 cet \u00e9t\u00e9 apr\u00e8s 8 saisons avec l\u2019Etoile Lavalloise dans une \u00e9quipe en reconstruction. Qu\u2019est ce qui t\u2019a attir\u00e9 ici\u00a0?<\/b>            <\/p>\n<p>                            <a href=\"https:\/\/cnj44.fr\/\" target=\"_blank\" aria-label=\"link-bn\" rel=\"noopener\"><img decoding=\"async\" src=\"https:\/\/www.europesays.com\/fr\/wp-content\/uploads\/2025\/05\/block_6819fe141e2c12-96519369.jpg\" width=\"100%\" alt=\"\" class=\"lazyload\"\/><\/a>                        <\/p>\n<p>                            <a href=\"https:\/\/cnj44.fr\/\" target=\"_blank\" aria-label=\"link-bn\" rel=\"noopener\"><img decoding=\"async\" src=\"https:\/\/www.europesays.com\/fr\/wp-content\/uploads\/2025\/05\/block_6819fe141e2c12-96519369.jpg\" width=\"100%\" alt=\"\" class=\"lazyload\"\/><\/a>                        <\/p>\n<p class=\"MsoNormal\">J&rsquo;ai toujours vu de loin un bon projet, s\u00e9rieux, tr\u00e8s organis\u00e9. C\u2019est aussi proche de Laval et j\u2019habite encore l\u00e0-bas donc \u00e7a m\u2019a convaincu.<b> <\/b>Je n\u2019aurais pas cru rejoindre le club un jour mais je suis tr\u00e8s content. En France, Nantes fait partie des 3 meilleurs clubs.&#13;\n<\/p>\n<p class=\"MsoNormal\"><b><\/p>\n<p>\u00a0<\/p>\n<p><\/b>&#13;\n<\/p>\n<p class=\"MsoNormal\">A chaque fois, c\u2019\u00e9taient des derbys. On veut toujours les gagner. C&rsquo;est peut-\u00eatre l&rsquo;\u00e9quipe contre qui j&rsquo;ai marqu\u00e9 le plus de buts depuis que je suis en France. C\u2019est marrant d&rsquo;\u00eatre l\u00e0 aujourd&rsquo;hui\u00a0!&#13;\n<\/p>\n<p class=\"MsoNormal\">\n<p>\u00a0<\/p>\n<p>&#13;\n<\/p>\n<p class=\"MsoNormal\"><b>Triple champion en titre de D1 et trois fois vainqueur de la coupe nationale de futsal. Tu es aussi meilleur buteur du club. Tu as garni ton palmar\u00e8s \u00e0 Laval. Qu\u2019est-ce que tu attends de ton passage \u00e0 Nantes\u00a0?<\/b>&#13;\n<\/p>\n<p class=\"MsoNormal\">Je veux continuer sur cette lanc\u00e9e et aller chercher encore plus de troph\u00e9es\u00a0: des championnats, des coupes. J\u2019aimerais jouer une Ligue des champions avec Nantes. On a une \u00e9quipe avec beaucoup de qualit\u00e9. Il faut juste y croire un peu plus. Croire en nous, \u00eatre un peu plus costaud mentalement parce qu\u2019on a tout ce qu&rsquo;il faut pour y arriver.&#13;\n<\/p>\n<p class=\"MsoNormal\">\n<p>\u00a0<\/p>\n<p>&#13;\n<\/p>\n<p class=\"MsoNormal\"><b>Tu t\u2019es bless\u00e9 avant une s\u00e9rie de rencontres difficiles pour le club. Comment tu vis cette p\u00e9riode\u00a0?<\/b>&#13;\n<\/p>\n<p class=\"MsoNormal\">Je suis d\u00e9go\u00fbt\u00e9 de ne pas pouvoir \u00eatre l\u00e0 dans ces moments plus difficiles. J&rsquo;essaie de les tirer vers le haut, d\u2019aider comme je peux. C\u2019est le mental qui va nous faire retrouver la victoire. Je ne pense pas que les \u00e9quipes qui nous ont battu soient beaucoup plus fortes que nous&#13;\n<\/p>\n<p class=\"MsoNormal\">\n<p>\u00a0<\/p>\n<p>&#13;\n<\/p>\n<p class=\"MsoNormal\"><b>Vous avez perdu contre des \u00e9quipes qui visent les play-offs. Il y a une envie de gagner ces confrontations pour montrer que vous avez le niveau\u00a0?<\/b>&#13;\n<\/p>\n<p class=\"MsoNormal\">Bien s\u00fbr. A part Laval, toutes les \u00e9quipes sont au m\u00eame niveau. Il faut assumer de vouloir jouer de grandes choses, assumer de vouloir \u00eatre en play-offs en fin de saison. Les r\u00e9sultats vont arriver naturellement. Tout le monde nous regarde comme un grand, comme une grande \u00e9quipe. Parfois, on se voit trop petit. Je pense qu&rsquo;on doit se dire qu\u2019on est capables de faire face aux autres.&#13;\n<\/p>\n<p class=\"MsoNormal\">\n<p>\u00a0<\/p>\n<p>&#13;\n<\/p>\n<p class=\"MsoNormal\"><b>Quelles ambitions tu te donnes \u00e0 Nantes\u00a0?<\/b>&#13;\n<\/p>\n<p class=\"MsoNormal\">Je suis sous contrat pour une saison mais pourquoi pas continuer\u00a0? Quand je suis arriv\u00e9 \u00e0 Laval, il n\u2019y avait pas grand-chose et aujourd&rsquo;hui ils sont huiti\u00e8mes de Ligue des champions. J\u2019ai le m\u00eame objectif ici\u00a0: faire passer des \u00e9tapes au club. Pour moi, c\u2019est possible.&#13;\n<\/p>\n<p class=\"MsoNormal\">\n<p>\u00a0<\/p>\n<p>&#13;\n<\/p>\n<p class=\"MsoNormal\"><b>Bless\u00e9, tu n\u2019as pas pu rejouer contre tes anciens co\u00e9quipiers \u00e0 Laval, c\u2019est quelque chose qui te tenait \u00e0 c\u0153ur\u00a0?<\/b>&#13;\n<\/p>\n<p class=\"MsoNormal\">C&rsquo;\u00e9tait le match que j\u2019avais coch\u00e9 dans le calendrier. C\u2019\u00e9tait celui que je voulais le plus jouer. Mes voisins avaient pris 10, 15 places chacun pour aller voir le match. Finalement, j&rsquo;\u00e9tais en tribune. C&rsquo;est comme \u00e7a. Il faut penser \u00e0 bien r\u00e9cup\u00e9rer pour la 2e partie de saison.&#13;\n<\/p>\n<p class=\"MsoNormal\">\n<p>\u00a0<\/p>\n<p>&#13;\n<\/p>\n<p class=\"MsoNormal\"><b>Apr\u00e8s 30 ans, le corps r\u00e9agit diff\u00e9remment aux blessures. Comment est-ce que tu t\u2019adaptes dans une p\u00e9riode comme celle-ci\u00a0?<\/b>&#13;\n<\/p>\n<p class=\"MsoNormal\">Il y a 3-4 ans, j&rsquo;ai beaucoup chang\u00e9 mon hygi\u00e8ne de vie et mes habitudes. Le corps r\u00e9pond pr\u00e9sent. Je me sens super bien. \u00c7a fait un mois et une semaine depuis ma blessure (d\u00e9but novembre) et je me sens presque pr\u00eat \u00e0 jouer. Avec la tr\u00eave et l\u2019Euro, on ne va pas prendre de risques cette ann\u00e9e. S\u2019il y avait eu un match d\u00e9but janvier, j\u2019aurais \u00e9t\u00e9 pr\u00eat.&#13;\n<\/p>\n<p class=\"MsoNormal\">\n<p>\u00a0<\/p>\n<p>&#13;\n<\/p>\n<p class=\"MsoNormal\">C&rsquo;est un r\u00eave. D\u00e9fendre l&rsquo;\u00e9quipe nationale du Br\u00e9sil, c&rsquo;est vraiment le plus haut niveau qu&rsquo;un joueur peut atteindre. Ce n&rsquo;est pas comme les autres nations. Au Br\u00e9sil, il y a 150 joueurs qui ont le niveau pour \u00eatre l\u00e0. C&rsquo;est tr\u00e8s serr\u00e9. Peut-\u00eatre qu\u2019un jour j\u2019y serai, en fonction de mes performances et des r\u00e9sultats de mon club.&#13;\n<\/p>\n<p class=\"MsoNormal\">\n<p>\u00a0<\/p>\n<p>&#13;\n<\/p>\n<p class=\"MsoNormal\">Le niveau au Br\u00e9sil est plus \u00e9lev\u00e9. D\u2019une certaine mani\u00e8re, je participe \u00e0 l&rsquo;\u00e9volution du futsal fran\u00e7ais et \u00e7a grandit de plus en plus. C&rsquo;est tr\u00e8s physique et technique aussi. Je pense que dans 4-5 ans, ce sera un des meilleurs championnats avec l&rsquo;Espagne, le Portugal et le Br\u00e9sil. La France a tout pour grandir.&#13;\n<\/p>\n<p class=\"MsoNormal\">\n<p>\u00a0<\/p>\n<p>&#13;\n<\/p>\n<p class=\"MsoNormal\">Propos recueillis par Thibault Marchand                        <\/p>\n","protected":false},"excerpt":{"rendered":"Tu es arriv\u00e9 cet \u00e9t\u00e9 apr\u00e8s 8 saisons avec l\u2019Etoile Lavalloise dans une \u00e9quipe en reconstruction. Qu\u2019est ce&hellip;\n","protected":false},"author":2,"featured_media":626968,"comment_status":"","ping_status":"","sticky":false,"template":"","format":"standard","meta":{"footnotes":""},"categories":[2818],"tags":[1111,11,1777,674,1011,27,766,73627,12,2636,25],"class_list":{"0":"post-626967","1":"post","2":"type-post","3":"status-publish","4":"format-standard","5":"has-post-thumbnail","7":"category-nantes","8":"tag-actu","9":"tag-actualites","10":"tag-eu","11":"tag-europe","12":"tag-fr","13":"tag-france","14":"tag-nantes","15":"tag-nantes-metropole-futsal-nmf-d1-futsal-laval-nantes-fabrice-gagougnolle-diego-napoles","16":"tag-news","17":"tag-pays-de-la-loire","18":"tag-republique-francaise"},"share_on_mastodon":{"url":"https:\/\/pubeurope.com\/@fr\/115797033828207491","error":""},"_links":{"self":[{"href":"https:\/\/www.europesays.com\/fr\/wp-json\/wp\/v2\/posts\/626967","targetHints":{"allow":["GET"]}}],"collection":[{"href":"https:\/\/www.europesays.com\/fr\/wp-json\/wp\/v2\/posts"}],"about":[{"href":"https:\/\/www.europesays.com\/fr\/wp-json\/wp\/v2\/types\/post"}],"author":[{"embeddable":true,"href":"https:\/\/www.europesays.com\/fr\/wp-json\/wp\/v2\/users\/2"}],"replies":[{"embeddable":true,"href":"https:\/\/www.europesays.com\/fr\/wp-json\/wp\/v2\/comments?post=626967"}],"version-history":[{"count":0,"href":"https:\/\/www.europesays.com\/fr\/wp-json\/wp\/v2\/posts\/626967\/revisions"}],"wp:featuredmedia":[{"embeddable":true,"href":"https:\/\/www.europesays.com\/fr\/wp-json\/wp\/v2\/media\/626968"}],"wp:attachment":[{"href":"https:\/\/www.europesays.com\/fr\/wp-json\/wp\/v2\/media?parent=626967"}],"wp:term":[{"taxonomy":"category","embeddable":true,"href":"https:\/\/www.europesays.com\/fr\/wp-json\/wp\/v2\/categories?post=626967"},{"taxonomy":"post_tag","embeddable":true,"href":"https:\/\/www.europesays.com\/fr\/wp-json\/wp\/v2\/tags?post=626967"}],"curies":[{"name":"wp","href":"https:\/\/api.w.org\/{rel}","templated":true}]}}