{"id":626969,"date":"2025-12-28T11:48:19","date_gmt":"2025-12-28T11:48:19","guid":{"rendered":"https:\/\/www.europesays.com\/fr\/626969\/"},"modified":"2025-12-28T11:48:19","modified_gmt":"2025-12-28T11:48:19","slug":"des-animations-gratuites-pour-petits-et-grands-a-la-mjc-centre-ville","status":"publish","type":"post","link":"https:\/\/www.europesays.com\/fr\/626969\/","title":{"rendered":"des animations gratuites pour petits et grands \u00e0 la MJC centre-ville"},"content":{"rendered":"<p>Lundi 29\u00a0d\u00e9cembre \u00e0 10\u00a0h\u00a015, \u00ab\u00a0Rimes en bulles\u00a0\u00bb, une escale po\u00e9tique et circassienne, un spectacle de jonglerie, musique, bulles et conte par Thierry Poirier, pour le jeune public (0-5\u00a0ans)\u00a0; et \u00e0 17\u00a0h\u00a030, \u00ab\u00a0Souviens-toi\u00a0\u00bb, par la compagnie Les Paillettes, une pi\u00e8ce de th\u00e9\u00e2tre pour petits et grands qui revisite nos personnages pr\u00e9f\u00e9r\u00e9s de contes traditionnels dans un univers sens dessus dessous.<\/p>\n<p>La soir\u00e9e r\u00e9veillon du mardi 30\u00a0d\u00e9cembre est d\u00e9j\u00e0 compl\u00e8te.<\/p>\n<p>Vendredi 2\u00a0janvier 2026 \u00e0 10\u00a0h\u00a030, atelier chants et rythmes indiens, anim\u00e9 par la compagnie Tin Tal (destin\u00e9 aux tout-petits)\u00a0; \u00e0 17\u00a0h\u00a030, sortie de r\u00e9sidence \u00ab\u00a0La Fabrique \u00e0 Nuage\u00a0\u00bb\u00a0: plong\u00e9e dans un univers enchant\u00e9 avec deux nuages laborieux et r\u00eaveurs confront\u00e9s \u00e0 une myst\u00e9rieuse disparition, un spectacle immersif qui promet de captiver petits et grands.<\/p>\n","protected":false},"excerpt":{"rendered":"Lundi 29\u00a0d\u00e9cembre \u00e0 10\u00a0h\u00a015, \u00ab\u00a0Rimes en bulles\u00a0\u00bb, une escale po\u00e9tique et circassienne, un spectacle de jonglerie, musique, bulles&hellip;\n","protected":false},"author":2,"featured_media":626970,"comment_status":"","ping_status":"","sticky":false,"template":"","format":"standard","meta":{"footnotes":""},"categories":[2817],"tags":[1111,11,1997,1777,674,1011,27,12,2219,25],"class_list":{"0":"post-626969","1":"post","2":"type-post","3":"status-publish","4":"format-standard","5":"has-post-thumbnail","7":"category-bordeaux","8":"tag-actu","9":"tag-actualites","10":"tag-bordeaux","11":"tag-eu","12":"tag-europe","13":"tag-fr","14":"tag-france","15":"tag-news","16":"tag-nouvelle-aquitaine","17":"tag-republique-francaise"},"share_on_mastodon":{"url":"https:\/\/pubeurope.com\/@fr\/115797039681741642","error":""},"_links":{"self":[{"href":"https:\/\/www.europesays.com\/fr\/wp-json\/wp\/v2\/posts\/626969","targetHints":{"allow":["GET"]}}],"collection":[{"href":"https:\/\/www.europesays.com\/fr\/wp-json\/wp\/v2\/posts"}],"about":[{"href":"https:\/\/www.europesays.com\/fr\/wp-json\/wp\/v2\/types\/post"}],"author":[{"embeddable":true,"href":"https:\/\/www.europesays.com\/fr\/wp-json\/wp\/v2\/users\/2"}],"replies":[{"embeddable":true,"href":"https:\/\/www.europesays.com\/fr\/wp-json\/wp\/v2\/comments?post=626969"}],"version-history":[{"count":0,"href":"https:\/\/www.europesays.com\/fr\/wp-json\/wp\/v2\/posts\/626969\/revisions"}],"wp:featuredmedia":[{"embeddable":true,"href":"https:\/\/www.europesays.com\/fr\/wp-json\/wp\/v2\/media\/626970"}],"wp:attachment":[{"href":"https:\/\/www.europesays.com\/fr\/wp-json\/wp\/v2\/media?parent=626969"}],"wp:term":[{"taxonomy":"category","embeddable":true,"href":"https:\/\/www.europesays.com\/fr\/wp-json\/wp\/v2\/categories?post=626969"},{"taxonomy":"post_tag","embeddable":true,"href":"https:\/\/www.europesays.com\/fr\/wp-json\/wp\/v2\/tags?post=626969"}],"curies":[{"name":"wp","href":"https:\/\/api.w.org\/{rel}","templated":true}]}}