{"id":626973,"date":"2025-12-28T11:52:20","date_gmt":"2025-12-28T11:52:20","guid":{"rendered":"https:\/\/www.europesays.com\/fr\/626973\/"},"modified":"2025-12-28T11:52:20","modified_gmt":"2025-12-28T11:52:20","slug":"tension-autour-dun-conducteur-de-scooter-a-colomiers-un-policier-municipal-blesse","status":"publish","type":"post","link":"https:\/\/www.europesays.com\/fr\/626973\/","title":{"rendered":"Tension autour d\u2019un conducteur de scooter \u00e0 Colomiers, un policier municipal bless\u00e9"},"content":{"rendered":"<p>\n                                                                    l&rsquo;essentiel<br \/>\n                                                                L\u2019interception d\u2019un conducteur de scooter non casqu\u00e9 a \u00e9t\u00e9 compliqu\u00e9e samedi soir \u00e0 Colomiers, pr\u00e8s de Toulouse. Un policier municipal a \u00e9t\u00e9 bless\u00e9 et le conducteur fautif a \u00e9t\u00e9 plac\u00e9 en garde \u00e0 vue.\n                            <\/p>\n<p>Une \u00e9quipe de la police municipale de Colomiers, pr\u00e8s de Toulouse, a vu passer le conducteur d\u2019un scooter non \u00e9quip\u00e9 d\u2019un casque, samedi en milieu de soir\u00e9e. Un comportement dangereux qui a motiv\u00e9 les agents \u00e0 intercepter ce conducteur tr\u00e8s press\u00e9. Une intervention classique qui a vite d\u00e9g\u00e9n\u00e9r\u00e9.<\/p>\n<p>Le pilote, malgr\u00e9 l\u2019injonction, a pr\u00e9f\u00e9r\u00e9 tenter de s\u2019enfuir. \u00c0 force de prendre des risques, il a fini par tomber sur la chauss\u00e9e, heureusement sans se blesser s\u00e9rieusement. Et il a gard\u00e9 suffisamment de tonus pour donner un violent coup de coude, qui a \u00e9t\u00e9 port\u00e9 au visage d\u2019un des policiers municipaux.<\/p>\n<p>Le deux-roues en fourri\u00e8re<\/p>\n<p>Et quand les agents ont d\u00e9cid\u00e9 de placer son deux-roues en fourri\u00e8re, des amis du conducteur fautif ont voulu s\u2019y opposer. Il a fallu le renfort d\u2019\u00e9quipages de la police nationale pour ramener le calme et permettre l\u2019enl\u00e8vement du scooter.<\/p>\n<p class=\"std-elt__inline\">\n        <strong>\u00c0 lire aussi :<\/strong><br \/>\n        <a href=\"https:\/\/www.ladepeche.fr\/2025\/12\/04\/une-delinquance-contenue-ce-que-disent-les-chiffres-de-la-securite-dans-cette-ville-proche-de-toulouse-13090713.php\" target=\"_blank\" rel=\"noopener\">Une d\u00e9linquance \u00ab\u00a0contenue\u00a0\u00bb\u00a0: ce que disent les chiffres de la s\u00e9curit\u00e9 dans cette ville proche de Toulouse<\/a>\n    <\/p>\n<p>L\u2019engin a \u00e9t\u00e9 plac\u00e9 en fourri\u00e8re, et le conducteur, \u00e2g\u00e9 de 20 ans, a termin\u00e9 sa soir\u00e9e au commissariat de Bellefontaine, \u00e0 Toulouse, o\u00f9 il doit s\u2019expliquer ce dimanche matin avec les enqu\u00eateurs de permanence au service local de police judiciaire de la division Rive gauche.<\/p>\n","protected":false},"excerpt":{"rendered":"l&rsquo;essentiel L\u2019interception d\u2019un conducteur de scooter non casqu\u00e9 a \u00e9t\u00e9 compliqu\u00e9e samedi soir \u00e0 Colomiers, pr\u00e8s de Toulouse.&hellip;\n","protected":false},"author":2,"featured_media":626974,"comment_status":"","ping_status":"","sticky":false,"template":"","format":"standard","meta":{"footnotes":""},"categories":[2816],"tags":[1111,11,1777,674,118,1011,27,2722,12,2680,25,2312],"class_list":{"0":"post-626973","1":"post","2":"type-post","3":"status-publish","4":"format-standard","5":"has-post-thumbnail","7":"category-toulouse","8":"tag-actu","9":"tag-actualites","10":"tag-eu","11":"tag-europe","12":"tag-faits-divers","13":"tag-fr","14":"tag-france","15":"tag-haute-garonne","16":"tag-news","17":"tag-occitanie","18":"tag-republique-francaise","19":"tag-toulouse"},"share_on_mastodon":{"url":"https:\/\/pubeurope.com\/@fr\/115797055432187822","error":""},"_links":{"self":[{"href":"https:\/\/www.europesays.com\/fr\/wp-json\/wp\/v2\/posts\/626973","targetHints":{"allow":["GET"]}}],"collection":[{"href":"https:\/\/www.europesays.com\/fr\/wp-json\/wp\/v2\/posts"}],"about":[{"href":"https:\/\/www.europesays.com\/fr\/wp-json\/wp\/v2\/types\/post"}],"author":[{"embeddable":true,"href":"https:\/\/www.europesays.com\/fr\/wp-json\/wp\/v2\/users\/2"}],"replies":[{"embeddable":true,"href":"https:\/\/www.europesays.com\/fr\/wp-json\/wp\/v2\/comments?post=626973"}],"version-history":[{"count":0,"href":"https:\/\/www.europesays.com\/fr\/wp-json\/wp\/v2\/posts\/626973\/revisions"}],"wp:featuredmedia":[{"embeddable":true,"href":"https:\/\/www.europesays.com\/fr\/wp-json\/wp\/v2\/media\/626974"}],"wp:attachment":[{"href":"https:\/\/www.europesays.com\/fr\/wp-json\/wp\/v2\/media?parent=626973"}],"wp:term":[{"taxonomy":"category","embeddable":true,"href":"https:\/\/www.europesays.com\/fr\/wp-json\/wp\/v2\/categories?post=626973"},{"taxonomy":"post_tag","embeddable":true,"href":"https:\/\/www.europesays.com\/fr\/wp-json\/wp\/v2\/tags?post=626973"}],"curies":[{"name":"wp","href":"https:\/\/api.w.org\/{rel}","templated":true}]}}