{"id":626975,"date":"2025-12-28T11:55:21","date_gmt":"2025-12-28T11:55:21","guid":{"rendered":"https:\/\/www.europesays.com\/fr\/626975\/"},"modified":"2025-12-28T11:55:21","modified_gmt":"2025-12-28T11:55:21","slug":"un-convoi-de-mariage-trop-excite-conducteur-et-passager-terminent-la-noce-au-commissariat","status":"publish","type":"post","link":"https:\/\/www.europesays.com\/fr\/626975\/","title":{"rendered":"Un convoi de mariage trop excit\u00e9, conducteur et passager terminent la noce au commissariat"},"content":{"rendered":"<p>\n                                                                    l&rsquo;essentiel<br \/>\n                                                                Le p\u00e9riph\u00e9rique de Toulouse devient parfois le th\u00e9\u00e2tre de comportements ill\u00e9gaux dans le cadre de mariages. Samedi, un gymkhana dangereux a conduit \u00e0 l\u2019arrestation de deux jeunes hommes. L\u2019un d\u2019eux, sans permis, poss\u00e9dait un couteau, l\u2019autre du cannabis.\n                            <\/p>\n<p>Avant l\u2019\u00e9t\u00e9, quand le convoi des mari\u00e9s prend le chemin du Capitole, il n\u2019est pas rare de voir le p\u00e9riph\u00e9rique de Toulouse se transformer en circuit o\u00f9 tous les mauvais coups sont permis. Cette fois, un signalement a eu lieu samedi apr\u00e8s-midi quand plusieurs voitures ont \u00e9t\u00e9 rep\u00e9r\u00e9es lors d\u2019un gymkhana dangereux.<\/p>\n<p>Le temps de la diffusion de l\u2019alerte, les voitures ont \u00e9t\u00e9 retrouv\u00e9es avenue des \u00c9tats-Unis, au nord de Toulouse. Moins de vitesse mais pas moins de prise de risques. Des policiers ont siffl\u00e9 la fin de la r\u00e9cr\u00e9ation et se sont particuli\u00e8rement int\u00e9ress\u00e9s au conducteur d\u2019une Audi A3, un peu trop press\u00e9 pour faire crisser ses pneus et hurler son moteur.<\/p>\n<p>Armes et\u00a0cannabis<\/p>\n<p>Ce jeune homme de 19 ans a d\u2019abord tent\u00e9 de se d\u00e9barrasser discr\u00e8tement d\u2019un couteau qui se trouvait dans ses poches\u00a0; man\u0153uvre rep\u00e9r\u00e9e, comme deux armes \u00e0 gaz retrouv\u00e9es dans son v\u00e9hicule. \u00ab\u00a0Elles n\u2019avaient pas \u00e9t\u00e9 exhib\u00e9es\u00a0\u00bb, souligne la police. Un passager \u00e2g\u00e9 de 17 ans a, lui, \u00e9t\u00e9 trouv\u00e9 avec un peu moins de 100\u00a0g de cannabis, herbe et r\u00e9sine.<\/p>\n<p class=\"std-elt__inline\">\n        <strong>\u00c0 lire aussi :<\/strong><br \/>\n        <a href=\"https:\/\/www.ladepeche.fr\/2025\/06\/22\/ces-debordements-sont-inacceptables-un-maire-annule-un-mariage-a-cause-dun-cortege-nuptial-juge-trop-dangereux-12779035.php\" target=\"_blank\" rel=\"noopener\">\u00ab\u00a0Ces d\u00e9bordements sont inacceptables\u00a0\u00bb\u00a0: un maire annule un mariage \u00e0 cause d\u2019un cort\u00e8ge nuptial jug\u00e9 trop dangereux<\/a>\n    <\/p>\n<p>Suffisant pour motiver un passage au poste. Et l\u00e0, les v\u00e9rifications ont montr\u00e9 que le conducteur ne poss\u00e9dait pas son permis de conduire. En guise de fiesta, les deux copains ont \u00e9t\u00e9 plac\u00e9s en garde \u00e0 vue. Ils se trouvaient toujours au commissariat central de Toulouse ce dimanche matin.<\/p>\n<p>Des souvenirs originaux pour garder en m\u00e9moire ce mariage\u00a0; sans doute pas ceux qu\u2019ils avaient envisag\u00e9s.<\/p>\n","protected":false},"excerpt":{"rendered":"l&rsquo;essentiel Le p\u00e9riph\u00e9rique de Toulouse devient parfois le th\u00e9\u00e2tre de comportements ill\u00e9gaux dans le cadre de mariages. Samedi,&hellip;\n","protected":false},"author":2,"featured_media":626976,"comment_status":"","ping_status":"","sticky":false,"template":"","format":"standard","meta":{"footnotes":""},"categories":[2816],"tags":[1111,11,1777,674,118,1011,27,2722,12,2680,25,2312],"class_list":{"0":"post-626975","1":"post","2":"type-post","3":"status-publish","4":"format-standard","5":"has-post-thumbnail","7":"category-toulouse","8":"tag-actu","9":"tag-actualites","10":"tag-eu","11":"tag-europe","12":"tag-faits-divers","13":"tag-fr","14":"tag-france","15":"tag-haute-garonne","16":"tag-news","17":"tag-occitanie","18":"tag-republique-francaise","19":"tag-toulouse"},"share_on_mastodon":{"url":"https:\/\/pubeurope.com\/@fr\/115797067209144266","error":""},"_links":{"self":[{"href":"https:\/\/www.europesays.com\/fr\/wp-json\/wp\/v2\/posts\/626975","targetHints":{"allow":["GET"]}}],"collection":[{"href":"https:\/\/www.europesays.com\/fr\/wp-json\/wp\/v2\/posts"}],"about":[{"href":"https:\/\/www.europesays.com\/fr\/wp-json\/wp\/v2\/types\/post"}],"author":[{"embeddable":true,"href":"https:\/\/www.europesays.com\/fr\/wp-json\/wp\/v2\/users\/2"}],"replies":[{"embeddable":true,"href":"https:\/\/www.europesays.com\/fr\/wp-json\/wp\/v2\/comments?post=626975"}],"version-history":[{"count":0,"href":"https:\/\/www.europesays.com\/fr\/wp-json\/wp\/v2\/posts\/626975\/revisions"}],"wp:featuredmedia":[{"embeddable":true,"href":"https:\/\/www.europesays.com\/fr\/wp-json\/wp\/v2\/media\/626976"}],"wp:attachment":[{"href":"https:\/\/www.europesays.com\/fr\/wp-json\/wp\/v2\/media?parent=626975"}],"wp:term":[{"taxonomy":"category","embeddable":true,"href":"https:\/\/www.europesays.com\/fr\/wp-json\/wp\/v2\/categories?post=626975"},{"taxonomy":"post_tag","embeddable":true,"href":"https:\/\/www.europesays.com\/fr\/wp-json\/wp\/v2\/tags?post=626975"}],"curies":[{"name":"wp","href":"https:\/\/api.w.org\/{rel}","templated":true}]}}