{"id":626979,"date":"2025-12-28T11:59:15","date_gmt":"2025-12-28T11:59:15","guid":{"rendered":"https:\/\/www.europesays.com\/fr\/626979\/"},"modified":"2025-12-28T11:59:15","modified_gmt":"2025-12-28T11:59:15","slug":"le-28-decembre-1981-le-provencal-visitait-la-derniere-chocolaterie-de-marseille","status":"publish","type":"post","link":"https:\/\/www.europesays.com\/fr\/626979\/","title":{"rendered":"Le 28\u00a0d\u00e9cembre\u00a01981, \u00ab\u00a0Le Proven\u00e7al\u00a0\u00bb visitait la derni\u00e8re chocolaterie de Marseille"},"content":{"rendered":"<p>Les \u00e9manations de chocolat embaument la salle. Le bruit des machines couvre les discussions des chocolatiers. Au c\u0153ur de l\u2019usine de <a href=\"https:\/\/www.laprovence.com\/article\/region\/97260344433629\/quartiers-de-marseille-saint-menet-par-celles-et-ceux-qui-le-font-vivre\" target=\"_blank\" rel=\"noopener\">Saint-Menet (11e)<\/a>, des centaines de milliers de tablettes y sont confectionn\u00e9es chaque ann\u00e9e.<\/p>\n<p>Pendant les f\u00eates, l\u2019activit\u00e9 reste soutenue. Le 28\u00a0d\u00e9cembre\u00a01981, les journalistes du Proven\u00e7al visitent l\u2019usine. Ici, 17 sortes de chocolats diff\u00e9rents sont confectionn\u00e9es\u00a0: pralin\u00e9s, aux noisettes, noir intense\u2026 Plus de 40\u00a0000 tablettes sont fabriqu\u00e9es par heure.<\/p>\n<p>Une usine devenue studio de tournages<\/p>\n<p>Dans les ann\u00e9es\u00a050, la production nationale de chocolat s\u2019\u00e9levait \u00e0 110\u00a0000 tonnes par an. Mais, trente ans plus tard, une dizaine de chocolateries ferment. Seule l\u2019entreprise Nestl\u00e9, situ\u00e9e \u00e0 Saint-Menet, perdure. \u00ab\u00a0C\u2019est un vaste laboratoire\u00a0\u00bb, \u00e9crivait le journaliste Alain Delcroix. Et la demande est monumentale.<\/p>\n<p>\u00c0 l\u2019\u00e9poque, les Fran\u00e7ais consomment 4,800\u00a0kg de chocolat par an. \u00ab\u00a0Loin derri\u00e8re les Suisses (9,460\u00a0kg), les Allemands de l\u2019Ouest (8,700\u00a0kg), les Anglais (6,700\u00a0kg) mais nettement devant les Italiens (1\u00a0kg)\u00a0\u00bb, rapportait Le Proven\u00e7al.<\/p>\n","protected":false},"excerpt":{"rendered":"Les \u00e9manations de chocolat embaument la salle. Le bruit des machines couvre les discussions des chocolatiers. Au c\u0153ur&hellip;\n","protected":false},"author":2,"featured_media":626980,"comment_status":"","ping_status":"","sticky":false,"template":"","format":"standard","meta":{"footnotes":""},"categories":[2814],"tags":[930,17,73628,1111,11,9623,9424,1777,674,1011,27,884,12,69283,882,16,25,73629],"class_list":{"0":"post-626979","1":"post","2":"type-post","3":"status-publish","4":"format-standard","5":"has-post-thumbnail","7":"category-marseille","8":"tag-le","9":"tag-17","10":"tag-28-decembre-1981","11":"tag-actu","12":"tag-actualites","13":"tag-chocolaterie","14":"tag-derniere","15":"tag-eu","16":"tag-europe","17":"tag-fr","18":"tag-france","19":"tag-marseille","20":"tag-news","21":"tag-provencal","22":"tag-provence-alpes-cote-dazur","23":"tag-region","24":"tag-republique-francaise","25":"tag-visitait"},"share_on_mastodon":{"url":"https:\/\/pubeurope.com\/@fr\/115797083146175918","error":""},"_links":{"self":[{"href":"https:\/\/www.europesays.com\/fr\/wp-json\/wp\/v2\/posts\/626979","targetHints":{"allow":["GET"]}}],"collection":[{"href":"https:\/\/www.europesays.com\/fr\/wp-json\/wp\/v2\/posts"}],"about":[{"href":"https:\/\/www.europesays.com\/fr\/wp-json\/wp\/v2\/types\/post"}],"author":[{"embeddable":true,"href":"https:\/\/www.europesays.com\/fr\/wp-json\/wp\/v2\/users\/2"}],"replies":[{"embeddable":true,"href":"https:\/\/www.europesays.com\/fr\/wp-json\/wp\/v2\/comments?post=626979"}],"version-history":[{"count":0,"href":"https:\/\/www.europesays.com\/fr\/wp-json\/wp\/v2\/posts\/626979\/revisions"}],"wp:featuredmedia":[{"embeddable":true,"href":"https:\/\/www.europesays.com\/fr\/wp-json\/wp\/v2\/media\/626980"}],"wp:attachment":[{"href":"https:\/\/www.europesays.com\/fr\/wp-json\/wp\/v2\/media?parent=626979"}],"wp:term":[{"taxonomy":"category","embeddable":true,"href":"https:\/\/www.europesays.com\/fr\/wp-json\/wp\/v2\/categories?post=626979"},{"taxonomy":"post_tag","embeddable":true,"href":"https:\/\/www.europesays.com\/fr\/wp-json\/wp\/v2\/tags?post=626979"}],"curies":[{"name":"wp","href":"https:\/\/api.w.org\/{rel}","templated":true}]}}