{"id":626981,"date":"2025-12-28T12:00:23","date_gmt":"2025-12-28T12:00:23","guid":{"rendered":"https:\/\/www.europesays.com\/fr\/626981\/"},"modified":"2025-12-28T12:00:23","modified_gmt":"2025-12-28T12:00:23","slug":"le-gabon-clash-marseille-sur-le-cas-aubameyang","status":"publish","type":"post","link":"https:\/\/www.europesays.com\/fr\/626981\/","title":{"rendered":"le Gabon clash Marseille sur le cas Aubameyang"},"content":{"rendered":"<p data-start=\"678\" data-end=\"923\">Incertain pour le d\u00e9but de la Coupe d\u2019Afrique des Nations apr\u00e8s avoir manqu\u00e9 plusieurs s\u00e9ances d\u2019entra\u00eenement, <strong data-start=\"789\" data-end=\"818\">Pierre-Emerick Aubameyang<\/strong> a finalement disput\u00e9 le premier match du Gabon face au Cameroun, entrant en jeu d\u00e8s la premi\u00e8re p\u00e9riode.<\/p>\n<p data-start=\"925\" data-end=\"1176\">Un choix qui n\u2019a pas \u00e9t\u00e9 du go\u00fbt de l\u2019<a href=\"https:\/\/www.dailymercato.com\/club\/olympique-de-marseille-7\" target=\"_blank\" rel=\"noopener\">Olympique de Marseille<\/a>. En interne, le club phoc\u00e9en estime que <strong data-start=\"1026\" data-end=\"1078\">le risque pris avec son attaquant \u00e9tait excessif<\/strong>, compte tenu de sa g\u00eane musculaire et de l\u2019importance du joueur dans la seconde partie de saison.<\/p>\n<p><strong data-start=\"1182\" data-end=\"1218\">Marseille agac\u00e9, le Gabon assume<\/strong><\/p>\n<p data-start=\"1220\" data-end=\"1441\">Alors que le Gabon s\u2019appr\u00eate \u00e0 affronter le <strong data-start=\"1264\" data-end=\"1278\">Mozambique<\/strong> ce dimanche dans un match d\u00e9j\u00e0 crucial pour la qualification, le s\u00e9lectionneur <strong data-start=\"1358\" data-end=\"1378\">Thierry Mouyouma<\/strong> a tenu \u00e0 r\u00e9pondre fermement aux critiques venues de Marseille.<\/p>\n<p data-start=\"1220\" data-end=\"1441\"><strong data-start=\"1445\" data-end=\"1567\">\u00ab Ce m\u00e9pris doit s\u2019arr\u00eater. Nous disputons une Coupe d\u2019Afrique des Nations, ce n\u2019est pas un camp de remise en forme. \u00bb<\/strong><\/p>\n<p data-start=\"1569\" data-end=\"1679\">Une sortie muscl\u00e9e, assum\u00e9e par le technicien gabonais, qui a tenu \u00e0 d\u00e9fendre la gestion de son staff m\u00e9dical.<\/p>\n<p><strong data-start=\"1685\" data-end=\"1754\">\u00ab Pendant les dates FIFA, les joueurs appartiennent \u00e0 leur pays \u00bb<\/strong><\/p>\n<p data-start=\"1756\" data-end=\"1862\">Thierry Mouyouma a insist\u00e9 sur le cadre r\u00e9glementaire et m\u00e9dical entourant l\u2019utilisation de son capitaine.<\/p>\n<p data-start=\"1756\" data-end=\"1862\"><strong data-start=\"1866\" data-end=\"2150\">\u00ab Le joueur a \u00e9t\u00e9 test\u00e9, auscult\u00e9 et d\u00e9clar\u00e9 apte par notre staff m\u00e9dical et par la commission m\u00e9dicale de la CAF. Pendant les dates internationales, les joueurs appartiennent \u00e0 leur pays. Je demande simplement le respect de notre travail, de nos d\u00e9cisions et de notre ambition. \u00bb<\/strong><\/p>\n<p data-start=\"2152\" data-end=\"2445\">Un message clair envoy\u00e9 \u00e0 l\u2019OM, qui devra d\u00e9sormais <strong data-start=\"2204\" data-end=\"2226\">croiser les doigts<\/strong> pour que Pierre-Emerick Aubameyang traverse cette CAN sans rechute. Un dossier sensible, r\u00e9v\u00e9lateur des tensions r\u00e9currentes entre clubs europ\u00e9ens et s\u00e9lections africaines lors des grandes comp\u00e9titions internationales.<\/p>\n<p>Grand fan de Peter Sagan, je vis au rythme des \u00e9v\u00e9nements sportifs. Dipl\u00f4m\u00e9 d&rsquo;une licence de science politique, je suis revenu \u00e0 ma premi\u00e8re passion en prenant la t\u00eate de la r\u00e9daction de We Sport en juillet 2022, puis plus r\u00e9cemment celle de DailyMercato. Derni\u00e8rement, j&rsquo;ai d\u00e9cid\u00e9 de quitter la grisaille du Pas-de-Calais pour le soleil de l&rsquo;Andalousie.<\/p>\n<p>                            <img decoding=\"async\" class=\"shadow-lg rounded-xl\" width=\"120\" src=\"https:\/\/www.europesays.com\/fr\/wp-content\/uploads\/2025\/12\/nicolas-depres.jpeg\" itemprop=\"image\" alt=\"Photo de Nicolas Depres\"\/><\/p>\n","protected":false},"excerpt":{"rendered":"Incertain pour le d\u00e9but de la Coupe d\u2019Afrique des Nations apr\u00e8s avoir manqu\u00e9 plusieurs s\u00e9ances d\u2019entra\u00eenement, Pierre-Emerick Aubameyang&hellip;\n","protected":false},"author":2,"featured_media":626982,"comment_status":"","ping_status":"","sticky":false,"template":"","format":"standard","meta":{"footnotes":""},"categories":[2814],"tags":[1111,11,1777,674,1011,27,884,12,882,25],"class_list":{"0":"post-626981","1":"post","2":"type-post","3":"status-publish","4":"format-standard","5":"has-post-thumbnail","7":"category-marseille","8":"tag-actu","9":"tag-actualites","10":"tag-eu","11":"tag-europe","12":"tag-fr","13":"tag-france","14":"tag-marseille","15":"tag-news","16":"tag-provence-alpes-cote-dazur","17":"tag-republique-francaise"},"share_on_mastodon":{"url":"https:\/\/pubeurope.com\/@fr\/115797087986859508","error":""},"_links":{"self":[{"href":"https:\/\/www.europesays.com\/fr\/wp-json\/wp\/v2\/posts\/626981","targetHints":{"allow":["GET"]}}],"collection":[{"href":"https:\/\/www.europesays.com\/fr\/wp-json\/wp\/v2\/posts"}],"about":[{"href":"https:\/\/www.europesays.com\/fr\/wp-json\/wp\/v2\/types\/post"}],"author":[{"embeddable":true,"href":"https:\/\/www.europesays.com\/fr\/wp-json\/wp\/v2\/users\/2"}],"replies":[{"embeddable":true,"href":"https:\/\/www.europesays.com\/fr\/wp-json\/wp\/v2\/comments?post=626981"}],"version-history":[{"count":0,"href":"https:\/\/www.europesays.com\/fr\/wp-json\/wp\/v2\/posts\/626981\/revisions"}],"wp:featuredmedia":[{"embeddable":true,"href":"https:\/\/www.europesays.com\/fr\/wp-json\/wp\/v2\/media\/626982"}],"wp:attachment":[{"href":"https:\/\/www.europesays.com\/fr\/wp-json\/wp\/v2\/media?parent=626981"}],"wp:term":[{"taxonomy":"category","embeddable":true,"href":"https:\/\/www.europesays.com\/fr\/wp-json\/wp\/v2\/categories?post=626981"},{"taxonomy":"post_tag","embeddable":true,"href":"https:\/\/www.europesays.com\/fr\/wp-json\/wp\/v2\/tags?post=626981"}],"curies":[{"name":"wp","href":"https:\/\/api.w.org\/{rel}","templated":true}]}}