{"id":626986,"date":"2025-12-28T12:06:24","date_gmt":"2025-12-28T12:06:24","guid":{"rendered":"https:\/\/www.europesays.com\/fr\/626986\/"},"modified":"2025-12-28T12:06:24","modified_gmt":"2025-12-28T12:06:24","slug":"trafic-routier-des-difficultes-attendues-en-auvergne-rhone-alpes-et-en-region-parisienne","status":"publish","type":"post","link":"https:\/\/www.europesays.com\/fr\/626986\/","title":{"rendered":"Trafic routier\u00a0: des difficult\u00e9s attendues en\u00a0Auvergne-Rh\u00f4ne-Alpes et en r\u00e9gion parisienne"},"content":{"rendered":"<p><a href=\"https:\/\/rennes.maville.com\/actu\/actudet_-mobilisations-d-agriculteurs-certains-axes-routiers-restent-fermes-a-la-circulation-ce-samedi-en-occitanie-_54135-7125826_actu.Htm\" target=\"_blank\" rel=\"noopener\">Le trafic routier<\/a> devrait \u00eatre plus fluide ce dimanche 28\u00a0d\u00e9cembre 2025 en plein c\u0153ur des vacances de No\u00ebl, selon les pr\u00e9visions de Bison Fut\u00e9. La journ\u00e9e est class\u00e9e verte dans le sens des d\u00e9parts et des retours, hormis en Auvergne-Rh\u00f4ne-Alpes et en \u00cele-de-France. Ouest-France fait le point avec vous sur les conditions de circulation.<\/p>\n<p>Une circulation dominicale habituelle<\/p>\n<p>Le trafic devrait \u00eatre <strong>\u00ab\u00a0habituel\u00a0\u00bb<\/strong> dans la majeure partie du pays.\u00a0Des difficult\u00e9s persisteront cependant en Auvergne-Rh\u00f4ne-Alpes dans le sens des d\u00e9parts avec une importante circulation d\u00e8s la fin de la matin\u00e9e jusqu\u2019en d\u00e9but de soir\u00e9e.<\/p>\n<p>\t<img decoding=\"async\" src=\"https:\/\/www.europesays.com\/fr\/wp-content\/uploads\/2025\/12\/P35662402D7125021G_px_640_.jpg\" alt=\"photo les pr\u00e9visions de circulation pour la journ\u00e9e du dimanche 28\u00a0d\u00e9cembre 2025  \u00a9  bison fut\u00e9\" width=\"640\" title=\" Les pr\u00e9visions de circulation pour la journ\u00e9e du dimanche 28\u00a0d\u00e9cembre 2025   Bison Fut\u00e9 \"\/><\/p>\n<p class=\"elmt-legende\"> Les pr\u00e9visions de circulation pour la journ\u00e9e du dimanche 28\u00a0d\u00e9cembre 2025   Bison Fut\u00e9 <\/p>\n<p>Dans le sens des retours, des\u00a0congestions sont attendues en r\u00e9gion parisienne aux diff\u00e9rentes barri\u00e8res de p\u00e9age des autoroutes A6 et A10 et des niveaux de trafic intenses jusqu\u2019en d\u00e9but de soir\u00e9e li\u00e9s aux d\u00e9placements de la p\u00e9riode de No\u00ebl et aux retours de cong\u00e9s.<\/p>\n<p><strong>Lire aussi\u00a0:<\/strong> <a href=\"https:\/\/caen.maville.com\/actu\/actudet_-brouillard-et-temperatures-negatives-dans-le-calvados-l-orne-et-l-eure-les-automobilistes-appeles-a-la-prudence-_4-7126268_actu.Htm\" target=\"_blank\" rel=\"noopener\">Brouillard et temp\u00e9ratures n\u00e9gatives dans le Calvados, l\u2019Orne et l\u2019Eure\u00a0: les automobilistes appel\u00e9s \u00e0 la prudence<\/a><\/p>\n<p>La combinaison des nombreux d\u00e9placements li\u00e9s \u00e0 la p\u00e9riode de No\u00ebl et aux retours des cong\u00e9s devrait engendrer des niveaux de trafic intenses jusqu\u2019en d\u00e9but de soir\u00e9e, pr\u00e9vient Bison Fut\u00e9.<\/p>\n<p>\u00a0<\/p>\n","protected":false},"excerpt":{"rendered":"Le trafic routier devrait \u00eatre plus fluide ce dimanche 28\u00a0d\u00e9cembre 2025 en plein c\u0153ur des vacances de No\u00ebl,&hellip;\n","protected":false},"author":2,"featured_media":626987,"comment_status":"","ping_status":"","sticky":false,"template":"","format":"standard","meta":{"footnotes":""},"categories":[1592],"tags":[1111,11,10180,2430,7852,1777,674,1011,27,662,12,626,58983,16,584,25,30166,1097],"class_list":{"0":"post-626986","1":"post","2":"type-post","3":"status-publish","4":"format-standard","5":"has-post-thumbnail","7":"category-ile-de-france","8":"tag-actu","9":"tag-actualites","10":"tag-attendues","11":"tag-auvergne-rhone-alpes","12":"tag-difficultes","13":"tag-eu","14":"tag-europe","15":"tag-fr","16":"tag-france","17":"tag-ile-de-france","18":"tag-news","19":"tag-paris","20":"tag-parisienne","21":"tag-region","22":"tag-rennes","23":"tag-republique-francaise","24":"tag-routier","25":"tag-trafic"},"share_on_mastodon":{"url":"https:\/\/pubeurope.com\/@fr\/115797111638947541","error":""},"_links":{"self":[{"href":"https:\/\/www.europesays.com\/fr\/wp-json\/wp\/v2\/posts\/626986","targetHints":{"allow":["GET"]}}],"collection":[{"href":"https:\/\/www.europesays.com\/fr\/wp-json\/wp\/v2\/posts"}],"about":[{"href":"https:\/\/www.europesays.com\/fr\/wp-json\/wp\/v2\/types\/post"}],"author":[{"embeddable":true,"href":"https:\/\/www.europesays.com\/fr\/wp-json\/wp\/v2\/users\/2"}],"replies":[{"embeddable":true,"href":"https:\/\/www.europesays.com\/fr\/wp-json\/wp\/v2\/comments?post=626986"}],"version-history":[{"count":0,"href":"https:\/\/www.europesays.com\/fr\/wp-json\/wp\/v2\/posts\/626986\/revisions"}],"wp:featuredmedia":[{"embeddable":true,"href":"https:\/\/www.europesays.com\/fr\/wp-json\/wp\/v2\/media\/626987"}],"wp:attachment":[{"href":"https:\/\/www.europesays.com\/fr\/wp-json\/wp\/v2\/media?parent=626986"}],"wp:term":[{"taxonomy":"category","embeddable":true,"href":"https:\/\/www.europesays.com\/fr\/wp-json\/wp\/v2\/categories?post=626986"},{"taxonomy":"post_tag","embeddable":true,"href":"https:\/\/www.europesays.com\/fr\/wp-json\/wp\/v2\/tags?post=626986"}],"curies":[{"name":"wp","href":"https:\/\/api.w.org\/{rel}","templated":true}]}}