{"id":626996,"date":"2025-12-28T12:12:39","date_gmt":"2025-12-28T12:12:39","guid":{"rendered":"https:\/\/www.europesays.com\/fr\/626996\/"},"modified":"2025-12-28T12:12:39","modified_gmt":"2025-12-28T12:12:39","slug":"moment-crucial-pour-volodymyr-zelensky-qui-sapprete-a-rencontrer-donald-trump-en-floride","status":"publish","type":"post","link":"https:\/\/www.europesays.com\/fr\/626996\/","title":{"rendered":"moment crucial pour Volodymyr Zelensky, qui s\u2019appr\u00eate \u00e0 rencontrer Donald Trump en Floride"},"content":{"rendered":"<p>Volodymyr Zelensky doit rencontrer Donald Trump dimanche 28\u00a0d\u00e9cembre en Floride <a target=\"_self\" href=\"https:\/\/www.lanouvellerepublique.fr\/a-la-une\/nous-avons-un-programme-charge-volodymyr-zelensky-se-prepare-a-rencontrer-donald-trump-dans-l-espoir-de-trouver-un-accord-de-paix-1766827052\" rel=\"noopener\">pour plaider la cause de l\u2019Ukraine<\/a> et tenter de d\u00e9crocher l\u2019accord du pr\u00e9sident am\u00e9ricain sur la derni\u00e8re version du plan de paix visant \u00e0 mettre fin \u00e0 pr\u00e8s de <a target=\"_self\" href=\"https:\/\/www.lanouvellerepublique.fr\/france-monde\/ukraine\" rel=\"noopener\">quatre ans de guerre avec la Russie<\/a>. Le chef d\u2019\u00c9tat ukrainien, qui arrive avec ses derni\u00e8res propositions sur la difficile question des territoires, sera re\u00e7u \u00e0 Mar-a-Lago, \u00e0 partir de 19\u00a0h, heure de Paris.<\/p>\n<p>La rencontre pourrait \u00eatre de nouveau mouvement\u00e9e. Le pr\u00e9sident ukrainien n\u2019aura \u00ab\u00a0rien tant que je ne donne pas mon accord\u00a0\u00bb, avait d\u00e9clar\u00e9 le pr\u00e9sident am\u00e9ricain <a target=\"_self\" href=\"https:\/\/www.politico.com\/news\/2025\/12\/26\/trump-to-politico-zelenskyy-doesnt-have-anything-until-i-approve-it-00706783\" rel=\"noopener\">\u00e0 Politico vendredi<\/a>, plantant le d\u00e9cor. Donald Trump s\u2019\u00e9tait n\u00e9anmoins montr\u00e9 confiant. \u00ab\u00a0Je pense que \u00e7a se passera bien avec lui. Je pense que \u00e7a se passera bien avec (le pr\u00e9sident russe Vladimir) Poutine\u00a0\u00bb, avec lequel il pr\u00e9voit de s\u2019entretenir \u00ab\u00a0bient\u00f4t\u00a0\u00bb. La derni\u00e8re rencontre entre les dirigeants am\u00e9ricain et ukrainien en octobre, quand Volodymyr Zelensky avait demand\u00e9 en vain des missiles Tomahawks, n\u2019avait pas \u00e9t\u00e9 particuli\u00e8rement chaleureuse.<\/p>\n<p>Le pr\u00e9sident ukrainien a pour sa part esp\u00e9r\u00e9, samedi lors d\u2019une escale au Canada, que la rencontre soit \u00ab\u00a0tr\u00e8s constructive\u00a0\u00bb et s\u2019est entretenu au pr\u00e9alable avec ses alli\u00e9s europ\u00e9ens. Ces derniers l\u2019ont assur\u00e9 de leur \u00ab\u00a0plein soutien\u00a0\u00bb, selon le chancelier allemand, Friedrich Merz. Au Canada, Volodymyr\u00a0Zelensky a obtenu une nouvelle aide \u00e9conomique de 2,5\u00a0milliards de dollars canadiens, l\u2019\u00e9quivalent de 1,5\u00a0milliard d\u2019euros, de son homologue Mark Carney.<\/p>\n<p>L\u2019agacement de Donald Trump<\/p>\n<p>\u00c0 la veille de cette rencontre en Floride, Moscou a envoy\u00e9 des centaines de drones et des dizaines de missiles bombarder Kiev et sa r\u00e9gion, tuant deux personnes et laissant plus d\u2019un million de foyers sans \u00e9lectricit\u00e9. Une attaque qui illustre \u00ab\u00a0la r\u00e9ponse de la Russie \u00e0 nos efforts de paix\u00a0\u00bb, a estim\u00e9 samedi Volodymyr Zelensky.<\/p>\n<p>Donald Trump ne cache plus son agacement face \u00e0 l\u2019\u00e9tirement des n\u00e9gociations. Il \u00ab\u00a0est extr\u00eamement frustr\u00e9 par les deux camps\u00a0\u00bb, avait d\u00e9clar\u00e9 le 11\u00a0d\u00e9cembre sa porte-parole, Karoline Leavitt. Le 19\u00a0d\u00e9cembre, le dirigeant am\u00e9ricain avait press\u00e9 l\u2019Ukraine de \u00ab\u00a0bouger\u00a0\u00bb. Volodymyr Zelensky le convaincra-t-il d\u2019adresser le m\u00eame genre de message \u00e0 Moscou, alors que <a target=\"_self\" href=\"https:\/\/www.lanouvellerepublique.fr\/a-la-une\/garanties-de-securite-sanctions-investissements-que-contient-la-nouvelle-version-du-plan-americain-pour-l-ukraine-1766571302\" rel=\"noopener\">la derni\u00e8re version du plan<\/a> para\u00eet inacceptable pour les Russes\u00a0?<\/p>\n<p>Le sommet en Floride suit de peu la pr\u00e9sentation par le pr\u00e9sident ukrainien d\u2019une nouvelle version du plan am\u00e9ricain visant \u00e0 mettre fin \u00e0 la guerre, remani\u00e9 apr\u00e8s des pourparlers avec l\u2019Ukraine, au grand dam de Moscou. Apr\u00e8s une premi\u00e8re version qui reprenait de nombreuses revendications russes, le Kremlin juge qu\u2019avec cette derni\u00e8re mouture, Kiev cherche \u00e0 \u00ab\u00a0torpiller\u00a0\u00bb les pourparlers.<\/p>\n<p>Le document en 20 points propose de geler les positions sur le front sans r\u00e9pondre \u00e0 la demande russe d\u2019un retrait des forces ukrainiennes des quelque 20\u00a0% de la r\u00e9gion orientale de Donetsk qu\u2019elles contr\u00f4lent encore. Ce nouveau texte ne comprend plus aucune obligation juridique de non-adh\u00e9sion \u00e0 l\u2019Otan pour l\u2019Ukraine, une autre requ\u00eate capitale du Kremlin.<\/p>\n<p>Des garanties de s\u00e9curit\u00e9<\/p>\n<p>Outre le sort du Donbass, <a target=\"_self\" href=\"https:\/\/www.lanouvellerepublique.fr\/a-la-une\/guerre-en-ukraine-cette-zone-strategique-au-coeur-des-negociations-de-paix-1766503956\" rel=\"noopener\">cette r\u00e9gion de l\u2019est de l\u2019Ukraine que Moscou revendique<\/a>, et celui de la centrale nucl\u00e9aire de Zaporijia, occup\u00e9e par les soldats russes, dans le Sud, les deux dirigeants devraient \u00e9voquer les garanties de s\u00e9curit\u00e9 que les Occidentaux pourraient fournir dans le cadre d\u2019un \u00e9ventuel accord de paix. Ces \u00ab\u00a0garanties de s\u00e9curit\u00e9 doivent arriver en m\u00eame temps que la fin de la guerre\u00a0\u00bb, a insist\u00e9 Volodymyr Zelensky samedi.<\/p>\n<\/p>\n<p>\u00ab\u00a0Si les autorit\u00e9s de Kiev ne souhaitent pas r\u00e9gler ce diff\u00e9rend pacifiquement, nous r\u00e9glerons tous les probl\u00e8mes qui se pr\u00e9sentent \u00e0 nous par la force\u00a0\u00bb, a lanc\u00e9 samedi le pr\u00e9sident russe, Vladimir Poutine. Il a ajout\u00e9 que \u00ab\u00a0les dirigeants du r\u00e9gime de Kiev ne sont pas press\u00e9s de r\u00e9soudre ce conflit pacifiquement\u00a0\u00bb. \u00ab\u00a0J\u2019en avais d\u00e9j\u00e0 parl\u00e9 il y a un an lors d\u2019un discours au minist\u00e8re des Affaires \u00e9trang\u00e8res\u00a0\u00bb, a-t-il rappel\u00e9.<\/p>\n<p>Le pr\u00e9sident am\u00e9ricain a r\u00e9cemment laiss\u00e9 entendre que l\u2019Ukraine avait tout int\u00e9r\u00eat \u00e0 figer le plus vite possible la ligne de front face \u00e0 de futures avanc\u00e9es russes, qu\u2019il juge in\u00e9vitables. \u00ab\u00a0La Russie a l\u2019avantage. Et elle l\u2019a toujours eu\u00a0\u00bb, a-t-il lanc\u00e9 le 8\u00a0d\u00e9cembre.<\/p>\n<p>Quoi qu\u2019il en soit, la paix devra pr\u00e9server la \u00ab\u00a0souverainet\u00e9\u00a0\u00bb et \u00ab\u00a0l\u2019int\u00e9grit\u00e9 territoriale\u00a0\u00bb de l\u2019Ukraine, a soulign\u00e9 samedi la pr\u00e9sidente de la Commission europ\u00e9enne, Ursula von\u00a0der\u00a0Leyen, apr\u00e8s un entretien t\u00e9l\u00e9phonique avec Volodymyr Zelensky. Dans une interview \u00e0 l\u2019agence Tass publi\u00e9e t\u00f4t dimanche, le chef de la diplomatie russe, Sergue\u00ef Lavrov, a estim\u00e9 que \u00ab\u00a0l\u2019Union europ\u00e9enne est devenue le principal obstacle \u00e0 la paix\u00a0\u00bb et rappel\u00e9 que\u00a0Moscou\u00a0poursuivrait son \u00ab\u00a0engagement aupr\u00e8s des n\u00e9gociateurs am\u00e9ricains afin d\u2019\u00e9laborer des accords durables qui s\u2019attaquent aux causes profondes du conflit\u00a0\u00bb.<\/p>\n","protected":false},"excerpt":{"rendered":"Volodymyr Zelensky doit rencontrer Donald Trump dimanche 28\u00a0d\u00e9cembre en Floride pour plaider la cause de l\u2019Ukraine et tenter&hellip;\n","protected":false},"author":2,"featured_media":626997,"comment_status":"","ping_status":"","sticky":false,"template":"","format":"standard","meta":{"footnotes":""},"categories":[1591],"tags":[328,11,75,73,1887,329,74,12,1885,1886,132,220],"class_list":{"0":"post-626996","1":"post","2":"type-post","3":"status-publish","4":"format-standard","5":"has-post-thumbnail","7":"category-russie","8":"tag-a-la-une","9":"tag-actualites","10":"tag-donald-trump","11":"tag-etats-unis","12":"tag-federation-de-russie","13":"tag-france-monde","14":"tag-monde","15":"tag-news","16":"tag-russia","17":"tag-russian-federation","18":"tag-russie","19":"tag-ukraine"},"share_on_mastodon":{"url":"https:\/\/pubeurope.com\/@fr\/115797134070864150","error":""},"_links":{"self":[{"href":"https:\/\/www.europesays.com\/fr\/wp-json\/wp\/v2\/posts\/626996","targetHints":{"allow":["GET"]}}],"collection":[{"href":"https:\/\/www.europesays.com\/fr\/wp-json\/wp\/v2\/posts"}],"about":[{"href":"https:\/\/www.europesays.com\/fr\/wp-json\/wp\/v2\/types\/post"}],"author":[{"embeddable":true,"href":"https:\/\/www.europesays.com\/fr\/wp-json\/wp\/v2\/users\/2"}],"replies":[{"embeddable":true,"href":"https:\/\/www.europesays.com\/fr\/wp-json\/wp\/v2\/comments?post=626996"}],"version-history":[{"count":0,"href":"https:\/\/www.europesays.com\/fr\/wp-json\/wp\/v2\/posts\/626996\/revisions"}],"wp:featuredmedia":[{"embeddable":true,"href":"https:\/\/www.europesays.com\/fr\/wp-json\/wp\/v2\/media\/626997"}],"wp:attachment":[{"href":"https:\/\/www.europesays.com\/fr\/wp-json\/wp\/v2\/media?parent=626996"}],"wp:term":[{"taxonomy":"category","embeddable":true,"href":"https:\/\/www.europesays.com\/fr\/wp-json\/wp\/v2\/categories?post=626996"},{"taxonomy":"post_tag","embeddable":true,"href":"https:\/\/www.europesays.com\/fr\/wp-json\/wp\/v2\/tags?post=626996"}],"curies":[{"name":"wp","href":"https:\/\/api.w.org\/{rel}","templated":true}]}}