{"id":626998,"date":"2025-12-28T12:14:22","date_gmt":"2025-12-28T12:14:22","guid":{"rendered":"https:\/\/www.europesays.com\/fr\/626998\/"},"modified":"2025-12-28T12:14:22","modified_gmt":"2025-12-28T12:14:22","slug":"les-negociations-de-paix-en-ukraine-risquent-de-buter-sur-ces-deux-points-de-blocage","status":"publish","type":"post","link":"https:\/\/www.europesays.com\/fr\/626998\/","title":{"rendered":"les n\u00e9gociations de paix en Ukraine risquent de buter sur ces deux points de blocage"},"content":{"rendered":"<p>        <img decoding=\"async\" loading=\"lazy\" src=\"https:\/\/www.europesays.com\/fr\/wp-content\/uploads\/2025\/12\/b622067_upload-1-pyg5qnzzpifg-afp-20250818-69ux7bv-v2-highres-trumpmeetszelenskyandeuropeanleadersin.jpeg\"  width=\"728\" height=\"409\" alt=\"Les deux principaux points de blocage dans les n\u00e9gociations de paix en Ukraine. (image d\u2019illustration)\"\/>  <\/p>\n<p>MANDEL NGAN \/ AFP<\/p>\n<p>Les deux principaux points de blocage dans les n\u00e9gociations de paix en Ukraine. (image d\u2019illustration)<\/p>\n<p>      <strong>EN BREF<\/strong> <strong>\u2022 <\/strong>Donald Trump re\u00e7oit Volodymyr Zelensky en Floride pour \u00e9voquer le plan de paix en Ukraine.<br \/>\n<br \/><strong>\u2022 <\/strong>Sur le plan territorial, les questions du Donbass et de la centrale nucl\u00e9aire de Zaporijia restent des points de d\u00e9saccord.<br \/>\n<br \/><strong>\u2022 <\/strong>L\u2019adh\u00e9sion de l\u2019Ukraine \u00e0 l\u2019Otan est aussi un point de tension avec la Russie.                         <\/p>\n<p class=\"asset asset-text\">Volodymyr Zelensky joue gros. Le pr\u00e9sident ukrainien est attendu en Floride ce dimanche 28\u00a0d\u00e9cembre pour \u00e9changer avec Donald Trump lors d\u2019une <a href=\"https:\/\/www.huffingtonpost.fr\/international\/article\/l-ukraine-secouee-par-un-nouveau-scandale-de-corruption-juste-avant-la-rencontre-trump-zelensky_258651.html\" target=\"_blank\" rel=\"noopener\">rencontre qui sera tr\u00e8s scrut\u00e9e.<\/a> Il va plaider la cause de l\u2019Ukraine aupr\u00e8s de son homologue am\u00e9ricain et tenter de d\u00e9crocher son accord sur <a href=\"https:\/\/www.huffingtonpost.fr\/international\/article\/ukraine-on-sait-enfin-ce-que-contient-le-plan-de-paix-americain-qui-laisse-plusieurs-questions-en-suspens_258564.html\" target=\"_blank\" rel=\"noopener\">la derni\u00e8re version du plan de paix<\/a> visant \u00e0 mettre fin \u00e0 la guerre avec la Russie.<\/p>\n<p class=\"asset asset-text\">Vendredi, le locataire de la Maison Blanche <a href=\"https:\/\/www.huffingtonpost.fr\/international\/article\/trump-avait-un-avertissement-pour-zelensky-avant-sa-venue-en-floride-pour-les-negociations-de-paix_258640.html\" target=\"_blank\" rel=\"noopener\">a donn\u00e9 le ton (peu accueillant)<\/a> en affirmant dans une interview au site Politico. Volodymyr Zelensky n\u2019aura \u00ab\u00a0rien tant que je ne donne pas mon accord\u00a0\u00bb, avait-il affirm\u00e9, d\u00e9clarant par ailleurs penser \u00ab\u00a0que \u00e7a se passera bien avec lui\u00a0\u00bb, mais aussi avec Vladimir Poutine. Le pr\u00e9sident am\u00e9ricain pr\u00e9voit de s\u2019entretenir \u00ab\u00a0bient\u00f4t\u00a0\u00bb avec le ma\u00eetre du Kremlin.<\/p>\n<p class=\"asset asset-text\">Mais derri\u00e8re cet optimisme affich\u00e9, de s\u00e9rieux points de blocages subsistent dans les n\u00e9gociations de paix. Le HuffPost revient sur les deux questions qui devront \u00eatre tranch\u00e9es si Donald Trump et Volodymyr Zelensky veulent mettre fin aux combats.<\/p>\n<p>                     \u2022 Des concessions territoriales c\u00f4t\u00e9 ukrainien\u00a0?    <\/p>\n<p class=\"asset asset-text\">La derni\u00e8re mouture du plan am\u00e9ricain de paix, qui comporte 20\u00a0points, propose seulement de geler les positions sur le front, mais ne r\u00e9pond pas \u00e0 la question territoriale et notamment aux revendications russes. Moscou demande le retrait des forces ukrainiennes de quelque 20\u00a0% de la r\u00e9gion orientale de Donetsk dans le Donbass que l\u2019arm\u00e9e russe contr\u00f4le encore, m\u00eame si <a href=\"https:\/\/www.huffingtonpost.fr\/international\/article\/guerre-en-ukraine-la-ville-de-mariinka-revendiquee-par-les-russes-l-armee-ukrainienne-s-est-retiree-clx1_227503.html\" target=\"_blank\" rel=\"noopener\">la progression de ces soldats<\/a> est laborieuse.<\/p>\n<p class=\"asset asset-text\">En face, Volodymyr Zelensky cherche au contraire \u00e0 \u00e9viter autant que possible le recul de ses soldats et les concessions territoriales, comme le souligne <a href=\"https:\/\/www.franceinfo.fr\/monde\/europe\/manifestations-en-ukraine\/concessions-territoriales-garanties-de-securite-elections-quels-sujets-pourraient-s-inviter-a-la-table-des-negociations-entre-volodymyr-zelensky-et-donald-trump-dimanche_7705204.html\" target=\"_blank\" rel=\"noopener\" title=\"Nouvelle fen\u00eatre\">franceinfo<\/a>. Le pr\u00e9sident ukrainien conteste par ailleurs un autre point du plan am\u00e9ricain, qui propose une exploitation conjointe (Russie, Ukraine et Etats-Unis) de la centrale nucl\u00e9aire de Zaporijjia. \u00ab\u00a0Cela semble tr\u00e8s inappropri\u00e9 et pas tout \u00e0 fait r\u00e9aliste\u00a0\u00bb, avait tranch\u00e9 le chef d\u2019Etat ukrainien.<\/p>\n<p class=\"asset asset-text\">Depuis son retour \u00e0 la Maison Blanche, Donald Trump colle plut\u00f4t au narratif du Kremlin pour ce qui est des enjeux territoriaux. Le pr\u00e9sident am\u00e9ricain a r\u00e9cemment laiss\u00e9 entendre que selon lui, l\u2019Ukraine avait tout int\u00e9r\u00eat \u00e0 figer le plus vite possible la ligne de front face \u00e0 de futures avanc\u00e9es russes, qu\u2019il juge in\u00e9vitables. \u00ab\u00a0La Russie a l\u2019avantage. Et elle l\u2019a toujours eu\u00a0\u00bb, a-t-il lanc\u00e9 le 8\u00a0d\u00e9cembre.<\/p>\n<p>                     \u2022 Kiev devra-t-il renoncer d\u00e9finitivement \u00e0 adh\u00e9rer \u00e0 l\u2019Otan\u00a0?    <\/p>\n<p class=\"asset asset-text\">Un autre point de blocage important subsiste sur l\u2019adh\u00e9sion de l\u2019Ukraine \u00e0 l\u2019Otan. La derni\u00e8re version du plan am\u00e9ricain ne comprend plus d\u2019obligation juridique de non-adh\u00e9sion \u00e0 l\u2019Otan pour l\u2019Ukraine, c\u2019\u00e9tait pourtant une des requ\u00eates principales du Kremlin, qui consid\u00e8re qu\u2019une adh\u00e9sion de Kiev \u00e0 l\u2019alliance militaire serait une menace pour son existence.<\/p>\n<p class=\"asset asset-text\">\u00ab\u00a0C\u2019est \u00e0 l\u2019Otan de d\u00e9cider si elle souhaite ou non accueillir l\u2019Ukraine parmi ses membres\u00a0\u00bb, avait estim\u00e9 Volodymyr Zelensky mercredi, indiquant avoir \u00ab\u00a0renonc\u00e9 \u00e0 modifier la Constitution ukrainienne pour y inscrire que le pays ne rejoindra pas [l\u2019Alliance]\u00a0\u00bb. Un point de vue dont on voit mal comment il pourra \u00eatre tol\u00e9r\u00e9 par Moscou, qui veut voir \u00e9cart\u00e9e toute possibilit\u00e9 pour Kiev de rejoindre l\u2019Otan.<\/p>\n","protected":false},"excerpt":{"rendered":"MANDEL NGAN \/ AFP Les deux principaux points de blocage dans les n\u00e9gociations de paix en Ukraine. (image&hellip;\n","protected":false},"author":2,"featured_media":626999,"comment_status":"","ping_status":"","sticky":false,"template":"","format":"standard","meta":{"footnotes":""},"categories":[1590],"tags":[11,75,1777,674,131,14,12,220,134],"class_list":{"0":"post-626998","1":"post","2":"type-post","3":"status-publish","4":"format-standard","5":"has-post-thumbnail","7":"category-ukraine","8":"tag-actualites","9":"tag-donald-trump","10":"tag-eu","11":"tag-europe","12":"tag-guerre-en-ukraine","13":"tag-international","14":"tag-news","15":"tag-ukraine","16":"tag-volodymyr-zelensky"},"share_on_mastodon":{"url":"https:\/\/pubeurope.com\/@fr\/115797143372059793","error":""},"_links":{"self":[{"href":"https:\/\/www.europesays.com\/fr\/wp-json\/wp\/v2\/posts\/626998","targetHints":{"allow":["GET"]}}],"collection":[{"href":"https:\/\/www.europesays.com\/fr\/wp-json\/wp\/v2\/posts"}],"about":[{"href":"https:\/\/www.europesays.com\/fr\/wp-json\/wp\/v2\/types\/post"}],"author":[{"embeddable":true,"href":"https:\/\/www.europesays.com\/fr\/wp-json\/wp\/v2\/users\/2"}],"replies":[{"embeddable":true,"href":"https:\/\/www.europesays.com\/fr\/wp-json\/wp\/v2\/comments?post=626998"}],"version-history":[{"count":0,"href":"https:\/\/www.europesays.com\/fr\/wp-json\/wp\/v2\/posts\/626998\/revisions"}],"wp:featuredmedia":[{"embeddable":true,"href":"https:\/\/www.europesays.com\/fr\/wp-json\/wp\/v2\/media\/626999"}],"wp:attachment":[{"href":"https:\/\/www.europesays.com\/fr\/wp-json\/wp\/v2\/media?parent=626998"}],"wp:term":[{"taxonomy":"category","embeddable":true,"href":"https:\/\/www.europesays.com\/fr\/wp-json\/wp\/v2\/categories?post=626998"},{"taxonomy":"post_tag","embeddable":true,"href":"https:\/\/www.europesays.com\/fr\/wp-json\/wp\/v2\/tags?post=626998"}],"curies":[{"name":"wp","href":"https:\/\/api.w.org\/{rel}","templated":true}]}}