{"id":627022,"date":"2025-12-28T12:34:15","date_gmt":"2025-12-28T12:34:15","guid":{"rendered":"https:\/\/www.europesays.com\/fr\/627022\/"},"modified":"2025-12-28T12:34:15","modified_gmt":"2025-12-28T12:34:15","slug":"cc-coupe-du-monde-4-u23-hommes-classements-actualite","status":"publish","type":"post","link":"https:\/\/www.europesays.com\/fr\/627022\/","title":{"rendered":"CC &#8211; Coupe du Monde #4 &#8211; U23 Hommes : Classements &#8211; Actualit\u00e9"},"content":{"rendered":"<p style=\"text-align: justify;\">David Haverdings (Pays-Bas) s&rsquo;est impos\u00e9, ce dimanche, \u00e0 Termonde (Flandre orientale), lors de la quatri\u00e8me manche de la Coupe du Monde de cyclo-cross dans la cat\u00e9gorie U23 Hommes. Le N\u00e9erlandais a devanc\u00e9 Arthur Van den Boer et Yordi Corsus (Belgique).<\/p>\n<p style=\"text-align: justify;\">David Haverdings s&#8217;empare du m\u00eame coup de la t\u00eate de la Coupe du Monde Cyclo-cross UCI.<\/p>\n<p>        R\u00e9sultats CC &#8211; Termonde &#8211; Coupe du Monde Espoirs<\/p>\n<p style=\"text-align: justify;\"><strong>Classement de la Coupe du Monde apr\u00e8s quatre manches :<\/strong><br \/>1. HAVERDINGS David NED 137 pts<br \/>2. SPARFEL Aubin FRA 122<br \/>3. VAN DEN BOER Arthur BEL 91<br \/>4. CORSUS Yordi BEL 89<br \/>5. VIEZZI Stefano ITA 86<br \/>6. VAN DEN EIJNDEN Guus NED 75<br \/>7. VANDENBERGHE Viktor BEL 67<br \/>8. DE BRUYCKERE Kay BEL 58<br \/>9. DOCKX Aaron BEL 56<br \/>10. SOLEN Keije NED 51<br \/>11. DE MOYER Kenay BEL 48<br \/>12. HAVERDINGS Floris NED 41<br \/>13. AGOSTINACCHIO Mattia ITA 38<br \/>14. DEBORD Romain FRA 38<br \/>15. AMEY Oscar GBR 33<br \/>16. DE BRAUWERE Sil BEL 32<br \/>17. JE\u017dEK V\u00e1clav CZE 30<br \/>18. BA\u017dANT Kry\u0161tof CZE 28<br \/>19. BISIAUX L\u00e9o FRA 27<br \/>20. MIRA BONASTRE Raul ESP 26<br \/>21. VASSAL Th\u00e9ophile FRA 25<br \/>22. SIMON Jules FRA 22<br \/>23. DAVID Alexis FRA 19<br \/>24. MOURIS Michiel NED 15<br \/>25. LEQUET Corentin FRA 14<br \/>26. COOTE Henry USA 13<br \/>27. JAMIN Antoine BEL 12<br \/>28. HALTER Nicolas SUI 12<br \/>29. VANDEN EYNDE Mats BEL 10<br \/>30. TAK\u00c1CS Zsombor HUN 10<br \/>31. TANGUY Louis FRA 9<br \/>32. BOSSAERTS Senn BEL 8<br \/>33. VAS Barnab\u00e1s HUN 8<br \/>34. COURCIER Thomas FRA 7<br \/>35. CAFUERI Tommaso ITA 6<br \/>36. KERL Maximilian CZE 6<br \/>37. VILLAR THIERY Aubin FRA 5<br \/>38. BEHRENS Eike GER 5<br \/>39. HOJKA Franti\u0161ek CZE 4<br \/>40. OERTZEN Max Heiner GER 3<br \/>41. VIVOT Alexis FRA 3<br \/>42. JOCHEMS Jelte NED 2<br \/>43. OLDHAM Declan GBR 1<br \/>Source :\u00a0<a href=\"https:\/\/www.uci.org\" target=\"_blank\" rel=\"noopener\">www.uci.org<\/a><\/p>\n","protected":false},"excerpt":{"rendered":"David Haverdings (Pays-Bas) s&rsquo;est impos\u00e9, ce dimanche, \u00e0 Termonde (Flandre orientale), lors de la quatri\u00e8me manche de la&hellip;\n","protected":false},"author":2,"featured_media":627023,"comment_status":"","ping_status":"","sticky":false,"template":"","format":"standard","meta":{"footnotes":""},"categories":[1411],"tags":[834,828,836,829,837,827,83,826,824,823,1154,207,814,817,815,816,822,821,832,211,839,1011,27,820,818,819,835,831,830,833,838,60,212,208,825],"class_list":{"0":"post-627022","1":"post","2":"type-post","3":"status-publish","4":"format-standard","5":"has-post-thumbnail","7":"category-cyclisme","8":"tag-attaque","9":"tag-belgique","10":"tag-braquet","11":"tag-bretagne","12":"tag-chute","13":"tag-competition","14":"tag-coupe-de-france","15":"tag-coureur","16":"tag-course-cyclisme","17":"tag-course-cycliste","18":"tag-cycling","19":"tag-cyclisme","20":"tag-direct","21":"tag-direct-velo","22":"tag-directvelo","23":"tag-directvelo-com","24":"tag-epreuve","25":"tag-epreuve-cycliste","26":"tag-federation-francaise-de-cyclisme","27":"tag-ffc","28":"tag-flandres","29":"tag-fr","30":"tag-france","31":"tag-live","32":"tag-live-course","33":"tag-live-epreuve","34":"tag-peloton","35":"tag-radio-peloton","36":"tag-radio-tour","37":"tag-ravitaillement","38":"tag-relance","39":"tag-sports","40":"tag-uci","41":"tag-velo","42":"tag-velos"},"share_on_mastodon":{"url":"https:\/\/pubeurope.com\/@fr\/115797220826020718","error":""},"_links":{"self":[{"href":"https:\/\/www.europesays.com\/fr\/wp-json\/wp\/v2\/posts\/627022","targetHints":{"allow":["GET"]}}],"collection":[{"href":"https:\/\/www.europesays.com\/fr\/wp-json\/wp\/v2\/posts"}],"about":[{"href":"https:\/\/www.europesays.com\/fr\/wp-json\/wp\/v2\/types\/post"}],"author":[{"embeddable":true,"href":"https:\/\/www.europesays.com\/fr\/wp-json\/wp\/v2\/users\/2"}],"replies":[{"embeddable":true,"href":"https:\/\/www.europesays.com\/fr\/wp-json\/wp\/v2\/comments?post=627022"}],"version-history":[{"count":0,"href":"https:\/\/www.europesays.com\/fr\/wp-json\/wp\/v2\/posts\/627022\/revisions"}],"wp:featuredmedia":[{"embeddable":true,"href":"https:\/\/www.europesays.com\/fr\/wp-json\/wp\/v2\/media\/627023"}],"wp:attachment":[{"href":"https:\/\/www.europesays.com\/fr\/wp-json\/wp\/v2\/media?parent=627022"}],"wp:term":[{"taxonomy":"category","embeddable":true,"href":"https:\/\/www.europesays.com\/fr\/wp-json\/wp\/v2\/categories?post=627022"},{"taxonomy":"post_tag","embeddable":true,"href":"https:\/\/www.europesays.com\/fr\/wp-json\/wp\/v2\/tags?post=627022"}],"curies":[{"name":"wp","href":"https:\/\/api.w.org\/{rel}","templated":true}]}}