{"id":627024,"date":"2025-12-28T12:35:16","date_gmt":"2025-12-28T12:35:16","guid":{"rendered":"https:\/\/www.europesays.com\/fr\/627024\/"},"modified":"2025-12-28T12:35:16","modified_gmt":"2025-12-28T12:35:16","slug":"des-ultras-du-psg-interpelles-apres-un-rassemblement","status":"publish","type":"post","link":"https:\/\/www.europesays.com\/fr\/627024\/","title":{"rendered":"Des ultras du PSG interpell\u00e9s apr\u00e8s un rassemblement"},"content":{"rendered":"<p><img width=\"700\" height=\"350\" src=\"https:\/\/www.europesays.com\/fr\/wp-content\/uploads\/2025\/12\/Ultras-PSG.png\" class=\"attachment-jannah-image-post size-jannah-image-post wp-post-image\" alt=\"Ultras PSG\" is_main_img=\"1\" decoding=\"async\" fetchpriority=\"high\"  \/><br \/>\n Cr\u00e9dit : CANAL<br \/>\nSUPPORTERS<\/p>\n<p>Pour f\u00eater en grande pompe l\u2019ann\u00e9e 2025 historique du PSG,<br \/>\nles ultras parisiens ont d\u00e9cid\u00e9 de c\u00e9l\u00e9brer le sextupl\u00e9 au<br \/>\nTrocad\u00e9ro. Mais une quarantaine de supporters ont \u00e9t\u00e9 interpell\u00e9s<br \/>\ndans la soir\u00e9e de samedi.<\/p>\n<p>L\u2019ann\u00e9e 2025 du <strong>PSG<\/strong> sera grav\u00e9e \u00e0 jamais dans<br \/>\nle coeur des supporters parisiens. L\u2019\u00e9quipe de <strong><a href=\"https:\/\/canal-supporters.com\/psg-une-offre-de-contrat-a-vie-pour-luis-enrique-apres-une-annee-historique\/\" title=\"\" target=\"_blank\" rel=\"noopener\">Luis Enrique<\/a><\/strong> a \u00e9bloui le monde du football<br \/>\navec un sextupl\u00e9 l\u00e9gendaire (<strong>Ligue 1<\/strong>,<br \/>\n<strong>Ligue des champions<\/strong>, <strong>Coupe de<br \/>\nFrance<\/strong>, <strong>Supercoupe d\u2019Europe<\/strong>,<br \/>\n<strong><a href=\"https:\/\/canal-supporters.com\/psg-le-badge-de-la-coupe-intercontinentale-deja-disponible-en-boutique\/\" title=\"\" target=\"_blank\" rel=\"noopener\">Coupe intercontinentale<\/a><\/strong> et <strong>Troph\u00e9e<br \/>\ndes Champions<\/strong>). Et pour marquer cette ann\u00e9e historique,<br \/>\ndes ultras du <strong>PSG<\/strong> ont d\u00e9cid\u00e9 de c\u00e9l\u00e9brer en grande<br \/>\npompe l\u2019exploit des Rouge &amp; Bleu.<\/p>\n<p>Une enqu\u00eate<br \/>\nouverte<\/p>\n<p>En effet, ce samedi soir, plusieurs supporters se sont r\u00e9unis<br \/>\naux alentours de la place de <strong>Varsovie<\/strong> et de<br \/>\nl\u2019esplanade du <strong>Trocad\u00e9ro<\/strong> pour allumer des<br \/>\nfumig\u00e8nes et des feux d\u2019artifices, comme le montrent des vid\u00e9os<br \/>\ndiffus\u00e9es sur les r\u00e9seaux sociaux. Et selon les informations du<br \/>\nParisien et de <strong><a href=\"https:\/\/rmcsport.bfmtv.com\/football\/clubs\/paris-saint-germain\/fumigenes-feux-d-artifice-les-ultras-du-psg-enflamment-a-la-capitale-pour-feter-l-annee-historique-du-club_AV-202512280049.html\" target=\"_blank\" rel=\"noopener\" title=\"\">BFM TV<\/a><\/strong>,<br \/>\nquarante individus ont \u00e9t\u00e9 interpel\u00e9s ce samedi soir, vers 20h50,<br \/>\napr\u00e8s ce rassemblement festif. \u00ab\u00a0Le pr\u00e9fet de Police<br \/>\nremercie ses effectifs pour leur r\u00e9activit\u00e9 et leur<br \/>\nprofessionnalisme ayant permis de faire cesser le<br \/>\ntrouble\u00a0\u00bb, a notamment indiqu\u00e9 la pr\u00e9fecture de police<br \/>\naupr\u00e8s de BFM. Si aucun bless\u00e9 n\u2019est \u00e0 d\u00e9plorer, une<br \/>\nenqu\u00eate a \u00e9t\u00e9 ouverte.<\/p>\n<blockquote class=\"twitter-tweet\">\n<p lang=\"fr\" dir=\"ltr\">\u00ab LE MONDE EST ROUGE ET BLEU \u00bb<br \/>\ud83d\udd34\ud83d\udd35PARIS SAINT-GERMAIN \ud83d\udd34\ud83d\udd35 <a href=\"https:\/\/t.co\/oiNCAIN9i7\">pic.twitter.com\/oiNCAIN9i7<\/a><\/p>\n<p>\u2014 Virage Auteuil 1991 (@AUTEUIL1991) <a href=\"https:\/\/twitter.com\/AUTEUIL1991\/status\/2005073585220579787?ref_src=twsrc%5Etfw\" target=\"_blank\" rel=\"noopener\"><br \/>\nDecember 28, 2025<\/a><\/p><\/blockquote>\n<blockquote class=\"twitter-tweet\">\n<p lang=\"fr\" dir=\"ltr\">\u2764\ufe0f\ud83d\udc99\ud83e\udd77\ud83e\udde8 Le Collectif Ultras Paris f\u00eate le<br \/>\nsextupl\u00e9 historique du PSG ! \ud83d\udd25\ud83c\udfc6\ud83c\udfc6\ud83c\udfc6\ud83c\udfc6\ud83c\udfc6\ud83c\udfc6<\/p>\n<p>\ud83c\udfa5 27\/12\/2025 <a href=\"https:\/\/t.co\/GrQg0MzAxL\">pic.twitter.com\/GrQg0MzAxL<\/a><\/p>\n<p>\u2014 Paris No Limit (@Xparisnolimit) <a href=\"https:\/\/twitter.com\/Xparisnolimit\/status\/2005048082678120490?ref_src=twsrc%5Etfw\" target=\"_blank\" rel=\"noopener\"><br \/>\nDecember 27, 2025<\/a><\/p><\/blockquote>\n<p>Youtube :<br \/>\n<strong><a href=\"https:\/\/www.youtube.com\/@CanalSupportersParis\" target=\"_blank\" rel=\"noopener\" title=\"\">Canal Supporters<br \/>\nParis<\/a><\/strong><\/p>\n<p><script async src=\"https:\/\/platform.twitter.com\/widgets.js\" charset=\"utf-8\"><\/script><\/p>\n","protected":false},"excerpt":{"rendered":"Cr\u00e9dit : CANAL SUPPORTERS Pour f\u00eater en grande pompe l\u2019ann\u00e9e 2025 historique du PSG, les ultras parisiens ont&hellip;\n","protected":false},"author":2,"featured_media":627025,"comment_status":"","ping_status":"","sticky":false,"template":"","format":"standard","meta":{"footnotes":""},"categories":[1410],"tags":[81,73630,63,1011,27,91,92,93,73631,73632,60,14133,73633,96],"class_list":{"0":"post-627024","1":"post","2":"type-post","3":"status-publish","4":"format-standard","5":"has-post-thumbnail","7":"category-football","8":"tag-canal-supporters","9":"tag-celebrations-psg","10":"tag-football","11":"tag-fr","12":"tag-france","13":"tag-paris-saint-germain","14":"tag-paris-sg","15":"tag-psg","16":"tag-psg-2025","17":"tag-sextuple-psg","18":"tag-sports","19":"tag-trocadero","20":"tag-ultras-psg","21":"tag-une"},"share_on_mastodon":{"url":"https:\/\/pubeurope.com\/@fr\/115797225693928570","error":""},"_links":{"self":[{"href":"https:\/\/www.europesays.com\/fr\/wp-json\/wp\/v2\/posts\/627024","targetHints":{"allow":["GET"]}}],"collection":[{"href":"https:\/\/www.europesays.com\/fr\/wp-json\/wp\/v2\/posts"}],"about":[{"href":"https:\/\/www.europesays.com\/fr\/wp-json\/wp\/v2\/types\/post"}],"author":[{"embeddable":true,"href":"https:\/\/www.europesays.com\/fr\/wp-json\/wp\/v2\/users\/2"}],"replies":[{"embeddable":true,"href":"https:\/\/www.europesays.com\/fr\/wp-json\/wp\/v2\/comments?post=627024"}],"version-history":[{"count":0,"href":"https:\/\/www.europesays.com\/fr\/wp-json\/wp\/v2\/posts\/627024\/revisions"}],"wp:featuredmedia":[{"embeddable":true,"href":"https:\/\/www.europesays.com\/fr\/wp-json\/wp\/v2\/media\/627025"}],"wp:attachment":[{"href":"https:\/\/www.europesays.com\/fr\/wp-json\/wp\/v2\/media?parent=627024"}],"wp:term":[{"taxonomy":"category","embeddable":true,"href":"https:\/\/www.europesays.com\/fr\/wp-json\/wp\/v2\/categories?post=627024"},{"taxonomy":"post_tag","embeddable":true,"href":"https:\/\/www.europesays.com\/fr\/wp-json\/wp\/v2\/tags?post=627024"}],"curies":[{"name":"wp","href":"https:\/\/api.w.org\/{rel}","templated":true}]}}