{"id":627028,"date":"2025-12-28T12:37:13","date_gmt":"2025-12-28T12:37:13","guid":{"rendered":"https:\/\/www.europesays.com\/fr\/627028\/"},"modified":"2025-12-28T12:37:13","modified_gmt":"2025-12-28T12:37:13","slug":"cliche-de-zef-la-rue-jean-jaures-a-brest-a-lheure-du-crepuscule","status":"publish","type":"post","link":"https:\/\/www.europesays.com\/fr\/627028\/","title":{"rendered":"Clich\u00e9 de Zef\u00a0: la rue Jean-Jaur\u00e8s, \u00e0 Brest, \u00e0 l\u2019heure du cr\u00e9puscule"},"content":{"rendered":"<p>Il fait peut-\u00eatre un poil froid en cette fin d\u2019ann\u00e9e mais il fait \u00e9galement tr\u00e8s beau. Olivier Cuzon nous propose une belle photo de la rue Jean-Jaur\u00e8s, \u00e0 Brest, \u00e0 l\u2019heure du cr\u00e9puscule. Magnifique\u00a0! Merci \u00e0 lui pour cette photo.<\/p>\n<p>Si vous souhaitez, vous aussi, contribuer \u00e0 cette rubrique, adressez vos images, en haute r\u00e9solution et imp\u00e9rativement en format paysage (\u00e9vitez le mode panoramique), \u00e0 l\u2019adresse courriel cliches.brest@letelegramme.fr. Portraits, paysages, sc\u00e8nes de la vie quotidienne, insolite\u2026 Tout est permis\u00a0! L\u2019envoi de vos prises de vue vaut autorisation gratuite de les publier dans Le T\u00e9l\u00e9gramme, sur letelegramme.fr et les r\u00e9seaux sociaux.<\/p>\n","protected":false},"excerpt":{"rendered":"Il fait peut-\u00eatre un poil froid en cette fin d\u2019ann\u00e9e mais il fait \u00e9galement tr\u00e8s beau. Olivier Cuzon&hellip;\n","protected":false},"author":2,"featured_media":627029,"comment_status":"","ping_status":"","sticky":false,"template":"","format":"standard","meta":{"footnotes":""},"categories":[1358],"tags":[1348,1384,1385,3450,22873,1386,58,59,1011,27,1756],"class_list":{"0":"post-627028","1":"post","2":"type-post","3":"status-publish","4":"format-standard","5":"has-post-thumbnail","7":"category-arts-et-design","8":"tag-arts","9":"tag-arts-and-design","10":"tag-arts-et-design","11":"tag-brest","12":"tag-cliche-de-zef","13":"tag-design","14":"tag-divertissement","15":"tag-entertainment","16":"tag-fr","17":"tag-france","18":"tag-photographie"},"share_on_mastodon":{"url":"https:\/\/pubeurope.com\/@fr\/115797232431133052","error":""},"_links":{"self":[{"href":"https:\/\/www.europesays.com\/fr\/wp-json\/wp\/v2\/posts\/627028","targetHints":{"allow":["GET"]}}],"collection":[{"href":"https:\/\/www.europesays.com\/fr\/wp-json\/wp\/v2\/posts"}],"about":[{"href":"https:\/\/www.europesays.com\/fr\/wp-json\/wp\/v2\/types\/post"}],"author":[{"embeddable":true,"href":"https:\/\/www.europesays.com\/fr\/wp-json\/wp\/v2\/users\/2"}],"replies":[{"embeddable":true,"href":"https:\/\/www.europesays.com\/fr\/wp-json\/wp\/v2\/comments?post=627028"}],"version-history":[{"count":0,"href":"https:\/\/www.europesays.com\/fr\/wp-json\/wp\/v2\/posts\/627028\/revisions"}],"wp:featuredmedia":[{"embeddable":true,"href":"https:\/\/www.europesays.com\/fr\/wp-json\/wp\/v2\/media\/627029"}],"wp:attachment":[{"href":"https:\/\/www.europesays.com\/fr\/wp-json\/wp\/v2\/media?parent=627028"}],"wp:term":[{"taxonomy":"category","embeddable":true,"href":"https:\/\/www.europesays.com\/fr\/wp-json\/wp\/v2\/categories?post=627028"},{"taxonomy":"post_tag","embeddable":true,"href":"https:\/\/www.europesays.com\/fr\/wp-json\/wp\/v2\/tags?post=627028"}],"curies":[{"name":"wp","href":"https:\/\/api.w.org\/{rel}","templated":true}]}}