{"id":627030,"date":"2025-12-28T12:39:23","date_gmt":"2025-12-28T12:39:23","guid":{"rendered":"https:\/\/www.europesays.com\/fr\/627030\/"},"modified":"2025-12-28T12:39:23","modified_gmt":"2025-12-28T12:39:23","slug":"dix-series-pour-passer-lannee-2025-en-revue","status":"publish","type":"post","link":"https:\/\/www.europesays.com\/fr\/627030\/","title":{"rendered":"Dix s\u00e9ries pour passer l&rsquo;ann\u00e9e 2025 en revue"},"content":{"rendered":"<p class=\"ap-StoryElement ap-StoryElement--mb ap-StoryText\"><b>2 <\/b><a href=\"https:\/\/laloidesseries.lalibre.be\/2025\/03\/04\/douglas-is-cancelled-steven-moffat-decrypte-la-cancel-culture\/\" target=\"_blank\" rel=\"noopener noreferrer\"><b>Douglas is cancelled<\/b><\/a> (Arte) maintient son suspense jusqu&rsquo;au bout, nous for\u00e7ant \u00e0 envisager l&rsquo;impact des complicit\u00e9s muettes aussi d\u00e9vastatrices que les agressions elles-m\u00eames. Stephen Moffat traque la v\u00e9rit\u00e9 au sujet du comportement de Hugh Bonneville.<\/p>\n<p><img loading=\"lazy\" decoding=\"async\" class=\"w-full lazyload lazyload--opacity object-contain\" style=\"aspect-ratio:71 \/ 100;opacity:1\" alt=\"Douglas (Hugh Bonneville) a-t-il contribu\u00e9 \u00e0 une ambiance sexiste par son silence et ses blagues d\u00e9plac\u00e9es ?\" width=\"768\" height=\"1085\" fetchpriority=\"auto\" src=\"https:\/\/www.europesays.com\/fr\/wp-content\/uploads\/2025\/12\/1765951754_589_S5VKD3X55FFF3BW6V4SEHXNP7I.png\"  data- data-optimumx=\"1\"\/>Douglas (Hugh Bonneville) a-t-il contribu\u00e9 \u00e0 une ambiance sexiste par son silence et ses blagues d\u00e9plac\u00e9es ?<\/p>\n<p class=\"ap-StoryElement ap-StoryElement--mb ap-StoryText\"><b>3 <\/b><a href=\"https:\/\/laloidesseries.lalibre.be\/2025\/09\/15\/adolescence-the-pitt-the-studio-tierce-gagnant-et-brulant-aux-emmy-awards\/\" target=\"_blank\" rel=\"noopener noreferrer\"><b>Adolescence<\/b><\/a> (Netflix), Stephen Graham a cr\u00e9\u00e9 l&rsquo;une des s\u00e9ries phares de l&rsquo;ann\u00e9e. Elle pointe l&rsquo;impact des messages virilistes sur le comportement des ados et la violence induite par le cyber-harc\u00e8lement. D\u00e9tonant.<\/p>\n<p class=\"ap-StoryElement ap-StoryElement--mb ap-StoryText\"><b>4 <\/b><a href=\"https:\/\/laloidesseries.lalibre.be\/2025\/10\/27\/apres-les-attentats-du-bataclan-refaire-partie-des-vivants\/\" target=\"_blank\" rel=\"noopener noreferrer\"><b>Des Vivants<\/b><\/a> (Auvio, France TV) : Jean-Xavier de Lestrade et Antoine Lacomblez accompagnent le groupe des otages du Bataclan et retracent leur lente reconstruction depuis les attentats du 13 novembre.<\/p>\n<p><img loading=\"lazy\" decoding=\"async\" class=\"w-full lazyload lazyload--opacity object-contain\" style=\"aspect-ratio:178 \/ 100;opacity:1\" alt=\"La s\u00e9rie &quot;Des Vivants&quot; suit le groupe des otages du Bataclan dans leur lente reconstruction apr\u00e8s les attentats du 13 novembre.\" width=\"768\" height=\"432\" fetchpriority=\"auto\" src=\"https:\/\/www.europesays.com\/fr\/wp-content\/uploads\/2025\/12\/1765951754_589_S5VKD3X55FFF3BW6V4SEHXNP7I.png\"  data- data-optimumx=\"1\"\/>La s\u00e9rie \u00ab\u00a0Des Vivants\u00a0\u00bb suit le groupe des otages du Bataclan dans leur lente reconstruction apr\u00e8s les attentats du 13 novembre.<\/p>\n<p class=\"ap-StoryElement ap-StoryElement--mb ap-StoryText\"><b>5 <\/b><a href=\"https:\/\/laloidesseries.lalibre.be\/2025\/12\/02\/plur1bus-vince-gilligan-imagine-linquietante-dictature-des-gentils\/\" target=\"_blank\" rel=\"noopener noreferrer\"><b>Plur1bus<\/b><\/a> (Apple TV) : la gentillesse peut-elle sauver le monde ? Tout d\u00e9pend si elle annihile notre libre arbitre. Vince Gilligan le d\u00e9montre en suivant le parcours de Carole, lucide et tr\u00e8s en col\u00e8re.<\/p>\n<p class=\"ap-StoryElement ap-StoryElement--mb ap-StoryText\"><b>6 <\/b><a href=\"https:\/\/laloidesseries.lalibre.be\/2025\/11\/06\/los-anos-nuevos-lhymne-a-lamour-de-rodrigo-sorogoyen\/\" target=\"_blank\" rel=\"noopener noreferrer\"><b>Los Anos Nuevos<\/b><\/a> (Arte) : Rodrigo Sorogoyen retrace dix ann\u00e9es de la vie d&rsquo;un couple de la complicit\u00e9 et la fusion des premiers temps au d\u00e9litement et aux petits agacements du quotidien. Limpide et percutant.<\/p>\n<p class=\"ap-StoryElement ap-StoryElement--mb ap-StoryText\"><b>7 <\/b><a href=\"https:\/\/laloidesseries.lalibre.be\/2025\/09\/15\/adolescence-the-pitt-the-studio-tierce-gagnant-et-brulant-aux-emmy-awards\/\" target=\"_blank\" rel=\"noopener noreferrer\"><b>The Studio<\/b><\/a> (Apple TV), la cr\u00e9ation de Seth Rogen refl\u00e8te les questions qui bruissent dans le secteur de la cr\u00e9ation cin\u00e9ma et de s\u00e9ries aux \u00c9tats-Unis. Une r\u00e9alit\u00e9 am\u00e8re d\u00e9tourn\u00e9e avec humour.<\/p>\n<p class=\"ap-StoryElement ap-StoryElement--mb ap-StoryText\"><b>8 <\/b><a href=\"https:\/\/laloidesseries.lalibre.be\/2025\/09\/15\/adolescence-the-pitt-the-studio-tierce-gagnant-et-brulant-aux-emmy-awards\/\" target=\"_blank\" rel=\"noopener noreferrer\"><b>The Pitt<\/b><\/a> (HBO Max) : Noah Wyle est de retour aux urgences, mais cette fois \u00e0 Pittsburgh. La s\u00e9rie, d\u00e9clin\u00e9e quasiment en temps r\u00e9el, souligne la lente d\u00e9sagr\u00e9gation des soins de sant\u00e9 aux \u00c9tats-Unis.<\/p>\n<p class=\"ap-StoryElement ap-StoryElement--mb ap-StoryText\"><b>9 <\/b><a href=\"https:\/\/laloidesseries.lalibre.be\/2025\/02\/10\/paradise-comment-assurer-la-survie-dune-partie-privilegiee-de-lhumanite\/\" target=\"_blank\" rel=\"noopener noreferrer\"><b>Paradise<\/b><\/a> (Disney) : Dans un futur proche, Dan Fogelman imagine l&rsquo;humanit\u00e9 condamn\u00e9e \u00e0 vivre sous globe dans un r\u00e9el reconstitu\u00e9. Sterling K. Brown doit d\u00e9jouer le complot en cours au paradis.<\/p>\n<p class=\"ap-StoryElement ap-StoryElement--mb ap-StoryText\"><b>10 <\/b><a href=\"https:\/\/laloidesseries.lalibre.be\/2025\/09\/22\/bistronomia-retrace-la-folle-revolution-dune-cuisine-sans-chichis-a-paris\/\" target=\"_blank\" rel=\"noopener noreferrer\"><b>Bistronomia<\/b><\/a> (Auvio, France TV) : Marine Bidaud et Alexandre Cammas retracent les d\u00e9buts du Fooding, mouvement pop qui voulait rompre avec les codes de la gastronomie classique pour proposer une cuisine abordable.<\/p>\n<p class=\"ap-StoryElement ap-StoryElement--mb ap-StoryText\">Sans surprise, on aurait ador\u00e9 que <a href=\"https:\/\/laloidesseries.lalibre.be\/2025\/03\/28\/series-mania-a-recompense-la-serie-francaise-37-secondes-et-la-serie-espagnole-querer\/\" target=\"_blank\" rel=\"noopener noreferrer\">la s\u00e9rie qu\u00e9b\u00e9coise Empathie<\/a> d\u00e9couverte \u00e0 S\u00e9ries Mania, puisse faire partie de ce palmar\u00e8s 2025, mais aucune cha\u00eene belge n&rsquo;a d\u00e9cid\u00e9 de la diffuser jusqu&rsquo;ici. En 2026, peut-\u00eatre ?<\/p>\n","protected":false},"excerpt":{"rendered":"2 Douglas is cancelled (Arte) maintient son suspense jusqu&rsquo;au bout, nous for\u00e7ant \u00e0 envisager l&rsquo;impact des complicit\u00e9s muettes&hellip;\n","protected":false},"author":2,"featured_media":627031,"comment_status":"","ping_status":"","sticky":false,"template":"","format":"standard","meta":{"footnotes":""},"categories":[1356],"tags":[58,59,1011,27,1314,252,1364],"class_list":{"0":"post-627030","1":"post","2":"type-post","3":"status-publish","4":"format-standard","5":"has-post-thumbnail","7":"category-television","8":"tag-divertissement","9":"tag-entertainment","10":"tag-fr","11":"tag-france","12":"tag-series","13":"tag-television","14":"tag-tv"},"share_on_mastodon":{"url":"https:\/\/pubeurope.com\/@fr\/115797242024452957","error":""},"_links":{"self":[{"href":"https:\/\/www.europesays.com\/fr\/wp-json\/wp\/v2\/posts\/627030","targetHints":{"allow":["GET"]}}],"collection":[{"href":"https:\/\/www.europesays.com\/fr\/wp-json\/wp\/v2\/posts"}],"about":[{"href":"https:\/\/www.europesays.com\/fr\/wp-json\/wp\/v2\/types\/post"}],"author":[{"embeddable":true,"href":"https:\/\/www.europesays.com\/fr\/wp-json\/wp\/v2\/users\/2"}],"replies":[{"embeddable":true,"href":"https:\/\/www.europesays.com\/fr\/wp-json\/wp\/v2\/comments?post=627030"}],"version-history":[{"count":0,"href":"https:\/\/www.europesays.com\/fr\/wp-json\/wp\/v2\/posts\/627030\/revisions"}],"wp:featuredmedia":[{"embeddable":true,"href":"https:\/\/www.europesays.com\/fr\/wp-json\/wp\/v2\/media\/627031"}],"wp:attachment":[{"href":"https:\/\/www.europesays.com\/fr\/wp-json\/wp\/v2\/media?parent=627030"}],"wp:term":[{"taxonomy":"category","embeddable":true,"href":"https:\/\/www.europesays.com\/fr\/wp-json\/wp\/v2\/categories?post=627030"},{"taxonomy":"post_tag","embeddable":true,"href":"https:\/\/www.europesays.com\/fr\/wp-json\/wp\/v2\/tags?post=627030"}],"curies":[{"name":"wp","href":"https:\/\/api.w.org\/{rel}","templated":true}]}}