{"id":627034,"date":"2025-12-28T12:41:15","date_gmt":"2025-12-28T12:41:15","guid":{"rendered":"https:\/\/www.europesays.com\/fr\/627034\/"},"modified":"2025-12-28T12:41:15","modified_gmt":"2025-12-28T12:41:15","slug":"le-3e-teaser-en-fuite-confirme-le-retour-des-x-men","status":"publish","type":"post","link":"https:\/\/www.europesays.com\/fr\/627034\/","title":{"rendered":"le 3e teaser en fuite confirme le retour des X-Men"},"content":{"rendered":"<p>Comme on pouvait s\u2019y attendre, le troisi\u00e8me des quatre teasers de Avengers: Doomsday est victime d\u2019une fuite. La qualit\u00e9 n\u2019est pas au rendez-vous, mais le retour de vieux personnages Marvel est bien confirm\u00e9e. <\/p>\n<p>\u00ab Les X-Men feront leur retour dans Avengers: Doomsday \u00bb : il y a quelques ann\u00e9es, il aurait \u00e9t\u00e9 impensable de prononcer cette phrase. Mais, en r\u00e9cup\u00e9rant la Fox, Disney s\u2019est offert les licences Marvel qui manquaient \u00e0 son escarcelle \u2014 dont celles li\u00e9s aux mutants. Leur apparition dans <a href=\"https:\/\/www.numerama.com\/films\/avengers-5-doomsday\/\" target=\"_blank\" rel=\"noopener\">Avengers: Doomsday<\/a> a \u00e9t\u00e9 confirm\u00e9e, comme attendu, par le troisi\u00e8me teaser \u2014 qui est victime de fuites en ce dimanche 28 d\u00e9cembre. <\/p>\n<p>Comme pour <a href=\"https:\/\/www.numerama.com\/pop-culture\/2139885-le-trailer-davengers-doomsday-a-fuite-et-confirme-le-retour-dun-personnage-cle.html\" target=\"_blank\" rel=\"noopener\">le premier teaser, centr\u00e9 sur Steve Rogers<\/a> et diffus\u00e9 officiellement, <a href=\"https:\/\/www.numerama.com\/pop-culture\/2147655-un-nouveau-teaser-de-avengers-doomsday-fuite-en-ligne-en-vf-cette-fois.html\" target=\"_blank\" rel=\"noopener\">et \u00e0 l\u2019instar du second, qui fait de Thor une t\u00eate d\u2019affiche<\/a>, Disney et Marvel ne parviennent pas \u00e0 \u00e9viter les leaks. Sur les r\u00e9seaux sociaux, on peut donc tomber sur la tr\u00e8s courte vid\u00e9o, film\u00e9e sur un \u00e9cran de cin\u00e9ma et, donc, en tr\u00e8s mauvaise qualit\u00e9. Mais on a quand m\u00eame de quoi se ravir de ce premier aper\u00e7u <a href=\"https:\/\/www.numerama.com\/pop-culture\/1863858-tous-les-personnages-confirmes-pour-avengers-doomsday.html\" target=\"_blank\" rel=\"noopener\">du retour de trois vieux X-Men dans<\/a><a href=\"https:\/\/www.numerama.com\/pop-culture\/1863858-tous-les-personnages-confirmes-pour-avengers-doomsday.html\" target=\"_blank\" rel=\"noopener\"> Avengers: Doomsday<\/a>. <\/p>\n<blockquote class=\"twitter-tweet\" data-width=\"500\" data-dnt=\"true\">\n<p lang=\"en\" dir=\"ltr\">X-MEN TRAILER AVENGERS DOOMSDAY <a href=\"https:\/\/twitter.com\/hashtag\/AvengersDoomsday?src=hash&amp;ref_src=twsrc%5Etfw\" target=\"_blank\" rel=\"noopener\">#AvengersDoomsday<\/a> <a href=\"https:\/\/t.co\/gj4SH2x7AY\">pic.twitter.com\/gj4SH2x7AY<\/a><\/p>\n<p>\u2014 \ud835\udd72\ud835\udd94\ud835\udd91\ud835\udd89\ud835\udd8a\ud835\udd93 \ud835\udd82\ud835\udd8e\ud835\udd93\ud835\udd8a\ud83c\udf77 (@g0lden_wine) <a href=\"https:\/\/twitter.com\/g0lden_wine\/status\/2005181164395634907?ref_src=twsrc%5Etfw\" target=\"_blank\" rel=\"noopener\">December 28, 2025<\/a><\/p><\/blockquote>\n<p>            Ce contenu est bloqu\u00e9 car vous n\u2019avez pas accept\u00e9 les cookies et autres traceurs. Ce contenu est fourni par Twitter.<br \/>Pour pouvoir le visualiser, vous devez accepter l\u2019usage \u00e9tant op\u00e9r\u00e9 par Twitter avec vos donn\u00e9es qui pourront \u00eatre utilis\u00e9es pour les finalit\u00e9s suivantes : vous permettre de visualiser et de partager des contenus avec des m\u00e9dias sociaux, favoriser le d\u00e9veloppement et l\u2019am\u00e9lioration des produits d\u2019Humanoid et de ses partenaires, vous afficher des publicit\u00e9s personnalis\u00e9es par rapport \u00e0 votre profil et activit\u00e9, vous d\u00e9finir un profil publicitaire personnalis\u00e9, mesurer la performance des publicit\u00e9s et du contenu de ce site et mesurer l\u2019audience de ce site <a href=\"#\" class=\"js-privacy\" target=\"_blank\">(en savoir plus)<\/a>        <\/p>\n<p>            En cliquant sur \u00ab J\u2019accepte tout \u00bb, vous consentez aux finalit\u00e9s susmentionn\u00e9es pour l\u2019ensemble des cookies et autres traceurs d\u00e9pos\u00e9s par Humanoid et <a class=\"embed-consent-overlay-vendors-link\" href=\"#preferences-vendeurs\">ses partenaires<\/a>.        <\/p>\n<p>            Vous gardez la possibilit\u00e9 de retirer votre consentement \u00e0 tout moment. Pour plus d\u2019informations, nous vous invitons \u00e0 prendre connaissance de notre <a href=\"https:\/\/www.numerama.com\/politique-cookies\" target=\"_blank\" rel=\"noopener\">Politique cookies<\/a>.        <\/p>\n<p>        J\u2019accepte tout    <\/p>\n<p class=\"embed-consent-overlay-manage-choices\">        <a href=\"#preferences-publicitaires\">G\u00e9rer mes choix<\/a>    <\/p>\n<p>Le troisi\u00e8me teaser de Avengers: Doosmday est centr\u00e9 sur les X-Men <\/p>\n<p>Les images sont sombres, le ton du narrateur est grave (la voix est celle de Magneto), les phrases prononc\u00e9es sont proph\u00e9tiques (\u00ab La mort vient pour nous tous \u00bb), le manoir X-Men a l\u2019air en tr\u00e8s, tr\u00e8s mauvaise posture, Cyclope semble plus d\u00e9cha\u00een\u00e9 que jamais\u2026 Ce teaser pr\u00e9figure le pire en ce qui concerne les \u00e9v\u00e9nements de Avengers: Doomsday, centr\u00e9 sur un nouveau m\u00e9chant qui pourrait \u00eatre ultra puissant et redoutable (<a href=\"https:\/\/www.numerama.com\/pop-culture\/1781566-le-retour-de-robert-downey-jr-en-mechant-des-films-marvel-est-une-aberration.html\" target=\"_blank\" rel=\"noopener\">incarn\u00e9 par Robert Downey Jr., ex-interpr\u00e8te d\u2019Iron Man<\/a>). <\/p>\n<p><a href=\"https:\/\/www.numerama.com\/wp-content\/uploads\/2025\/12\/capture-decran-2025-12-28-a-103854.jpg\" target=\"_blank\" rel=\"noopener\"><img decoding=\"async\" width=\"1024\" height=\"576\" loading=\"lazy\" alt=\"Les X-Men dans Avengers Doomsday \/\/ Source : Capture X\" title=\"Les X-Men dans Avengers Doomsday \/\/ Source : Capture X\" class=\"wp-image-2149781 placeholder-default wp-image\" src=\"https:\/\/www.europesays.com\/fr\/wp-content\/uploads\/2025\/12\/capture-decran-2025-12-28-a-103854-1024x576.jpg\" \/><\/a>Professeur Xavier ! \/\/ Source : <a href=\"https:\/\/x.com\/g0lden_wine\/status\/2005181164395634907?s=46&amp;t=lOI2KpfJtdNui9u5oRxN5A\" target=\"_blank\">Capture X<\/a><\/p>\n<p>\u00ab\u00a0La mort vient pour nous tous, c\u2019est tout ce que je sais. La question n\u2019est pas de savoir si vous \u00eates pr\u00eat \u00e0 mourir, la question est de savoir qui serez-vous quand vous fermerez les yeux ?\u00a0\u00bb, pr\u00e9vient Magneto. Dans les d\u00e9combres du manoir X-Men, qui semble avoir subi une grosse attaque, on le retrouve aux c\u00f4t\u00e9s de son grand ami, le professeur X. Les deux se tiennent la main avec une complicit\u00e9 \u00e9vidente, comme s\u2019ils se pr\u00e9paraient \u00e0 un ultime combat.\u00a0On aper\u00e7oit plusieurs r\u00e9f\u00e9rences aux vieux films X-Men, comme le jeu d\u2019\u00e9chec ou encore les roues embl\u00e9matiques de la chaise roulante de Professeur X.<\/p>\n<p><a href=\"https:\/\/www.numerama.com\/wp-content\/uploads\/2025\/12\/capture-decran-2025-12-28-a-103902.jpg\" target=\"_blank\" rel=\"noopener\"><img decoding=\"async\" width=\"1024\" height=\"576\" loading=\"lazy\" alt=\"Les X-Men dans Avengers Doomsday \/\/ Source : Capture X\" title=\"Les X-Men dans Avengers Doomsday \/\/ Source : Capture X\" class=\"wp-image-2149783 placeholder-default wp-image\" src=\"https:\/\/www.europesays.com\/fr\/wp-content\/uploads\/2025\/12\/capture-decran-2025-12-28-a-103902-1024x576.jpg\" \/><\/a>Magneto a une nouvelle coupe de cheveux \/\/ Source : <a href=\"https:\/\/x.com\/g0lden_wine\/status\/2005181164395634907?s=46&amp;t=lOI2KpfJtdNui9u5oRxN5A\" target=\"_blank\">Capture X<\/a><\/p>\n<p>Puis, le teaser se termine sur des images de Cyclope, personnage honteusement sacrifi\u00e9 dans X-Men : L\u2019Affrontement final et qui pourrait enfin avoir droit \u00e0 une belle revanche. En tout cas, on le voit retirer son masque pour d\u00e9chainer son rayon surpuissant, dans un d\u00e9cor l\u00e0 encore peu accueillant. Contre qui se bat-il ? On peut voir des jambes m\u00e9talliques, appartenant sans doute \u00e0 une Sentinelle, ce qui suppose que Doomsday pourrait les contr\u00f4ler et les aurait envoyer d\u00e9truire les X-Men et leur manoir. <\/p>\n<p><a href=\"https:\/\/www.numerama.com\/wp-content\/uploads\/2025\/12\/capture-decran-2025-12-28-a-103922.jpg\" target=\"_blank\" rel=\"noopener\"><img decoding=\"async\" width=\"1024\" height=\"575\" loading=\"lazy\" alt=\"Les X-Men dans Avengers Doomsday \/\/ Source : Capture X\" title=\"Les X-Men dans Avengers Doomsday \/\/ Source : Capture X\" class=\"wp-image-2149785 placeholder-default wp-image\" src=\"https:\/\/www.europesays.com\/fr\/wp-content\/uploads\/2025\/12\/capture-decran-2025-12-28-a-103922-1024x575.jpg\" \/><\/a>Cyclope en mode badass \/\/ Source : <a href=\"https:\/\/x.com\/g0lden_wine\/status\/2005181164395634907?s=46&amp;t=lOI2KpfJtdNui9u5oRxN5A\" target=\"_blank\">Capture X<\/a><\/p>\n<p>Bien s\u00fbr, sans le contexte des diff\u00e9rentes s\u00e9quences montr\u00e9es, il est difficile de tout saisir l\u2019importance des X-Men dans Avengers: Doomsday. Mais le simple fait qu\u2019ils aient droit \u00e0 un teaser signifie qu\u2019ils tiendront une place pr\u00e9pond\u00e9rante dans le r\u00e9cit. Sachant que, pour Disney et Marvel, l\u2019id\u00e9e est aussi de les int\u00e9grer toujours plus au Marvel Cinematic Universe \u2014 comme c\u2019est d\u00e9j\u00e0 le cas dans<a href=\"https:\/\/www.numerama.com\/films\/deadpool-wolverine\/\" target=\"_blank\" rel=\"noopener\"> Deadpool &amp; Wolverine<\/a>. <\/p>\n<p>            <img decoding=\"async\" src=\"https:\/\/www.europesays.com\/fr\/wp-content\/uploads\/2025\/12\/iPhone-16-pro-vDJtn9o4_vzSsPIGCFDc5.png\" alt=\"Toute l'actu tech en un clien d'oeil\"\/><\/p>\n<p class=\"card-install-pwa__title\">Toute l&rsquo;actu tech en un clin d&rsquo;\u0153il<\/p>\n<p class=\"card-install-pwa__description\">Ajoutez Numerama \u00e0 votre \u00e9cran d&rsquo;accueil et restez connect\u00e9s au futur !<\/p>\n<p>            <img decoding=\"async\" src=\"https:\/\/www.numerama.com\/wp-content\/themes\/numerama-next\/dist\/images\/premium\/logo-card-pwa-coupe-vCvPQ_Q_ysBNfqKp6w7gG.svg\" alt=\"Logo PWA\"\/><\/p>\n<p>       Installer Numerama<\/p>\n<p class=\"title\">\n            Les infos sur les films et s\u00e9ries             <a href=\"https:\/\/www.numerama.com\/tag\/marvel\/\" target=\"_blank\" rel=\"noopener\"><br \/>\n                Marvel            <\/a>\n        <\/p>\n<p>        <script async src=\"https:\/\/platform.twitter.com\/widgets.js\" charset=\"utf-8\"><\/script><\/p>\n","protected":false},"excerpt":{"rendered":"Comme on pouvait s\u2019y attendre, le troisi\u00e8me des quatre teasers de Avengers: Doomsday est victime d\u2019une fuite. La&hellip;\n","protected":false},"author":2,"featured_media":627035,"comment_status":"","ping_status":"","sticky":false,"template":"","format":"standard","meta":{"footnotes":""},"categories":[1354],"tags":[4553,520,58,59,1346,1011,27,2135,1360,26589],"class_list":{"0":"post-627034","1":"post","2":"type-post","3":"status-publish","4":"format-standard","5":"has-post-thumbnail","7":"category-films","8":"tag-avengers-doomsday","9":"tag-disney","10":"tag-divertissement","11":"tag-entertainment","12":"tag-films","13":"tag-fr","14":"tag-france","15":"tag-marvel","16":"tag-movies","17":"tag-x-men"},"share_on_mastodon":{"url":"https:\/\/pubeurope.com\/@fr\/115797249294169524","error":""},"_links":{"self":[{"href":"https:\/\/www.europesays.com\/fr\/wp-json\/wp\/v2\/posts\/627034","targetHints":{"allow":["GET"]}}],"collection":[{"href":"https:\/\/www.europesays.com\/fr\/wp-json\/wp\/v2\/posts"}],"about":[{"href":"https:\/\/www.europesays.com\/fr\/wp-json\/wp\/v2\/types\/post"}],"author":[{"embeddable":true,"href":"https:\/\/www.europesays.com\/fr\/wp-json\/wp\/v2\/users\/2"}],"replies":[{"embeddable":true,"href":"https:\/\/www.europesays.com\/fr\/wp-json\/wp\/v2\/comments?post=627034"}],"version-history":[{"count":0,"href":"https:\/\/www.europesays.com\/fr\/wp-json\/wp\/v2\/posts\/627034\/revisions"}],"wp:featuredmedia":[{"embeddable":true,"href":"https:\/\/www.europesays.com\/fr\/wp-json\/wp\/v2\/media\/627035"}],"wp:attachment":[{"href":"https:\/\/www.europesays.com\/fr\/wp-json\/wp\/v2\/media?parent=627034"}],"wp:term":[{"taxonomy":"category","embeddable":true,"href":"https:\/\/www.europesays.com\/fr\/wp-json\/wp\/v2\/categories?post=627034"},{"taxonomy":"post_tag","embeddable":true,"href":"https:\/\/www.europesays.com\/fr\/wp-json\/wp\/v2\/tags?post=627034"}],"curies":[{"name":"wp","href":"https:\/\/api.w.org\/{rel}","templated":true}]}}