{"id":627036,"date":"2025-12-28T12:42:14","date_gmt":"2025-12-28T12:42:14","guid":{"rendered":"https:\/\/www.europesays.com\/fr\/627036\/"},"modified":"2025-12-28T12:42:14","modified_gmt":"2025-12-28T12:42:14","slug":"une-etude-britannique-revele-la-vitesse-de-marche-ideale-pour-perdre-du-poids","status":"publish","type":"post","link":"https:\/\/www.europesays.com\/fr\/627036\/","title":{"rendered":"Une \u00e9tude britannique r\u00e9v\u00e8le la vitesse de marche id\u00e9ale pour perdre du poids"},"content":{"rendered":"<p>La marche est souvent sous-estim\u00e9e lorsqu\u00a0\u00bbil s&rsquo;agit de perdre du<br \/>\npoids rapidement, mais une nouvelle \u00e9tude publi\u00e9e dans le<br \/>\n<a href=\"https:\/\/bjsm.bmj.com\/content\/early\/2023\/11\/14\/bjsports-2023-107336\" target=\"_blank\" rel=\"nofollow noopener\">British Journal of Sports<br \/>\nMedicine<\/a> r\u00e9v\u00e8le que <strong>la vitesse \u00e0 laquelle vous<br \/>\nmarchez<\/strong> peut faire une r\u00e9elle diff\u00e9rence. Si l&rsquo;on savait<br \/>\nque la marche \u00e9tait un alli\u00e9 de taille dans notre perte de poids,<br \/>\non ne se doutait pas que de petites astuces pourraient nous aider \u00e0<br \/>\noptimiser nos r\u00e9sultats.<\/p>\n<p>Cela ne signifie pas pour autant que seule la vitesse compte.<br \/>\nToute marche est meilleure que pas de marche du tout, m\u00eame sur de<br \/>\ncourtes distances et \u00e0 un rythme tranquille. Voici comment<br \/>\noptimiser votre marche, devienne <a href=\"https:\/\/www.grazia.fr\/beaute\/forme-minceur\/entre-cafe-et-matcha-lequel-apporte-le-plus-denergie-1053896.html\" target=\"_blank\" rel=\"noopener\"><br \/>\nindispensable de notre routine sant\u00e9.<\/a> La recherche sugg\u00e8re que<br \/>\nla vitesse \u00e0 laquelle vous marchez peut avoir un impact<br \/>\nsignificatif sur votre risque de d\u00e9velopper un diab\u00e8te de type 2.<br \/>\nUne marche rapide, d\u00e9finie comme une vitesse de 4km\/h, est peut<br \/>\nr\u00e9duire le risque de diab\u00e8te de type 2 de 24 % par rapport \u00e0 une<br \/>\nmarche plus lente.<\/p>\n<p>Quid de l&rsquo;importance de la vitesse de marche ?<\/p>\n<p>De plus, une marche \u00ab\u00a0stridante\u00a0\u00bb \u00e0 une <strong>vitesse sup\u00e9rieure<br \/>\n\u00e0 6 km\/h<\/strong> peut r\u00e9duire le risque de diab\u00e8te de type 2 de<br \/>\npr\u00e8s de 40 %. Alors que de nombreuses personnes se concentrent sur<br \/>\nla distance parcourue lors de leurs s\u00e9ances de marche, cette \u00e9tude<br \/>\nmet en \u00e9vidence l&rsquo;importance de l&rsquo;intensit\u00e9. Il est essentiel de<br \/>\nprivil\u00e9gier une marche plus rapide et plus dynamique pour maximiser<br \/>\nles <a href=\"https:\/\/www.grazia.fr\/beaute\/forme-minceur\/voici-pourquoi-vous-avez-tout-le-temps-faim-1053925.html\" target=\"_blank\" rel=\"noopener\"><br \/>\nbienfaits sur la sant\u00e9<\/a>, notamment en ce qui concerne la perte<br \/>\nde poids et la r\u00e9duction du risque de maladies chroniques.<\/p>\n<p>Outre ses effets sur la perte de poids, la marche r\u00e9guli\u00e8re<br \/>\npr\u00e9sente de nombreux autres avantages pour la sant\u00e9. Par exemple,<br \/>\nde nombreuses \u00e9tudes ont montr\u00e9 depuis des ann\u00e9es, que marcher<br \/>\npendant seulement 15 minutes par jour, cinq jours par semaine,<br \/>\nrenforce le syst\u00e8me immunitaire et aide \u00e0 combattre les envies de<br \/>\nsucre.<\/p>\n<p>Les bienfaits de la marche<\/p>\n<p>Des \u00e9tudes plus r\u00e9centes aussi publi\u00e9es dans le British<br \/>\nJournal of Sports Medicine, ont \u00e9galement montr\u00e9 que de<br \/>\ncourtes p\u00e9riodes d&rsquo;activit\u00e9 intense de 20 \u00e0 25 minutes peuvent<br \/>\ncontribuer \u00e0 augmenter la long\u00e9vit\u00e9.<\/p>\n<p>De plus, une \u00e9tude de 2023 publi\u00e9e dans le <a href=\"https:\/\/www.atherosclerosis-journal.com\/article\/S0021-9150(23)05221-8\/fulltext\" target=\"_blank\" rel=\"noopener\"><br \/>\nAtherosclerosis Journal<\/a>, a r\u00e9v\u00e9l\u00e9 que <strong>monter les<br \/>\nescaliers cinq fois par jour,<\/strong> soit environ 50 marches,<br \/>\nr\u00e9duit le risque de maladies cardiovasculaires de 20%. De plus, la<br \/>\nmarche est associ\u00e9e \u00e0 une r\u00e9duction du risque de maladies<br \/>\ncardiovasculaires, m\u00eame \u00e0 des niveaux plus modestes de pas par<br \/>\njour.<\/p>\n<p>Comment int\u00e9grer la marche dans votre<br \/>\nroutine<\/p>\n<p>La bonne nouvelle est que la marche peut \u00eatre facilement<br \/>\nint\u00e9gr\u00e9e \u00e0 votre quotidien, que ce soit en marchant apr\u00e8s les<br \/>\nrepas, en montant les escaliers au lieu de prendre l&rsquo;ascenseur, ou<br \/>\nen faisant des promenades r\u00e9guli\u00e8res dans votre quartier.<br \/>\nL&rsquo;essentiel est de privil\u00e9gier <strong>l&rsquo;activit\u00e9 physique<br \/>\nr\u00e9guli\u00e8re<\/strong> et d&rsquo;adopter une approche globale de la sant\u00e9 et<br \/>\ndu bien-\u00eatre.<\/p>\n<p>En somme, la marche peut \u00eatre un outil puissant pour <a href=\"https:\/\/www.grazia.fr\/beaute\/forme-minceur\/ces-postures-de-yoga-permettent-de-faire-degonfler-le-ventre-instantanement-1053767.html\" target=\"_blank\" rel=\"noopener\"><br \/>\nperdre du poids rapidement<\/a> et am\u00e9liorer votre sant\u00e9 globale. En<br \/>\nadoptant une d\u00e9marche active et en marchant \u00e0 un rythme soutenu,<br \/>\nvous pouvez non seulement br\u00fbler des calories, mais aussi r\u00e9duire<br \/>\nvotre risque de d\u00e9velopper diverses maladies chroniques. Alors,<br \/>\nenfilez vos chaussures de marche et mettez-vous en mouvement pour<br \/>\nune meilleure sant\u00e9 et un corps plus mince.<\/p>\n","protected":false},"excerpt":{"rendered":"La marche est souvent sous-estim\u00e9e lorsqu\u00a0\u00bbil s&rsquo;agit de perdre du poids rapidement, mais une nouvelle \u00e9tude publi\u00e9e dans&hellip;\n","protected":false},"author":2,"featured_media":627037,"comment_status":"","ping_status":"","sticky":false,"template":"","format":"standard","meta":{"footnotes":""},"categories":[10],"tags":[1011,27,72,6055,71],"class_list":{"0":"post-627036","1":"post","2":"type-post","3":"status-publish","4":"format-standard","5":"has-post-thumbnail","7":"category-sante","8":"tag-fr","9":"tag-france","10":"tag-health","11":"tag-republishing","12":"tag-sante"},"share_on_mastodon":{"url":"https:\/\/pubeurope.com\/@fr\/115797252172321724","error":""},"_links":{"self":[{"href":"https:\/\/www.europesays.com\/fr\/wp-json\/wp\/v2\/posts\/627036","targetHints":{"allow":["GET"]}}],"collection":[{"href":"https:\/\/www.europesays.com\/fr\/wp-json\/wp\/v2\/posts"}],"about":[{"href":"https:\/\/www.europesays.com\/fr\/wp-json\/wp\/v2\/types\/post"}],"author":[{"embeddable":true,"href":"https:\/\/www.europesays.com\/fr\/wp-json\/wp\/v2\/users\/2"}],"replies":[{"embeddable":true,"href":"https:\/\/www.europesays.com\/fr\/wp-json\/wp\/v2\/comments?post=627036"}],"version-history":[{"count":0,"href":"https:\/\/www.europesays.com\/fr\/wp-json\/wp\/v2\/posts\/627036\/revisions"}],"wp:featuredmedia":[{"embeddable":true,"href":"https:\/\/www.europesays.com\/fr\/wp-json\/wp\/v2\/media\/627037"}],"wp:attachment":[{"href":"https:\/\/www.europesays.com\/fr\/wp-json\/wp\/v2\/media?parent=627036"}],"wp:term":[{"taxonomy":"category","embeddable":true,"href":"https:\/\/www.europesays.com\/fr\/wp-json\/wp\/v2\/categories?post=627036"},{"taxonomy":"post_tag","embeddable":true,"href":"https:\/\/www.europesays.com\/fr\/wp-json\/wp\/v2\/tags?post=627036"}],"curies":[{"name":"wp","href":"https:\/\/api.w.org\/{rel}","templated":true}]}}