{"id":627039,"date":"2025-12-28T12:44:22","date_gmt":"2025-12-28T12:44:22","guid":{"rendered":"https:\/\/www.europesays.com\/fr\/627039\/"},"modified":"2025-12-28T12:44:22","modified_gmt":"2025-12-28T12:44:22","slug":"il-a-transforme-une-aire-dautoroute-en-dancing-la-nuit-rurale-qui-seduit-jusqua-paris","status":"publish","type":"post","link":"https:\/\/www.europesays.com\/fr\/627039\/","title":{"rendered":"Il a transform\u00e9 une aire d\u2019autoroute en dancing\u00a0: la nuit rurale qui s\u00e9duit jusqu\u2019\u00e0 Paris"},"content":{"rendered":"<p>\n                                                                    l&rsquo;essentiel<br \/>\n                                                                Au bord de la RN 88, entre Tarn et Aveyron, une aire de repos devient chaque week-end une v\u00e9ritable piste de danse. Imagin\u00e9 par Jean-Christophe Carcenac, ce concept unique en France vient d\u2019\u00eatre nomm\u00e9 aux Troph\u00e9es de la Nuit, bousculant les clich\u00e9s sur la f\u00eate en milieu rural.\n                            <\/p>\n<p>Quand on parle du monde de la nuit, on pense aux n\u00e9ons des grandes m\u00e9tropoles, aux DJ internationaux, aux clubs o\u00f9 l\u2019on danse jusqu\u2019\u00e0 l\u2019aube un verre hors de prix \u00e0 la main. Rarement \u00e0 une aire routi\u00e8re\u2026 du S\u00e9gala.<\/p>\n<p>Et pourtant, au bord de la RN 88, entre Tarn et Aveyron, un lieu atypique vient de se frayer un chemin jusqu\u2019\u00e0 Paris\u00a0: l\u2019Aire de la Croix de Mille est nomm\u00e9e aux Troph\u00e9es de la Nuit, une distinction nationale qui r\u00e9compense les lieux les plus marquants de la f\u00eate en France.<\/p>\n<p class=\"std-elt__inline\">\n        <strong>\u00c0 lire aussi :<\/strong><br \/>\n        <a href=\"https:\/\/www.ladepeche.fr\/2023\/09\/25\/tarn-le-dimanche-laire-de-repos-de-la-croix-de-mille-se-transforme-en-dancing-11476842.php\" target=\"_blank\" rel=\"noopener\">Tarn : le dimanche, l&rsquo;aire de repos de la Croix de Mille se transforme en dancing<\/a>\n    <\/p>\n<p>\u00c0 premi\u00e8re vue, rien ne distingue vraiment cette aire des autres. Un parking pour poids lourds, des toilettes, une boutique, des machines \u00e0 caf\u00e9. Un d\u00e9cor familier pour les routiers de passage. Mais chaque week-end, le lieu change de visage. Les tables s\u2019\u00e9cartent, le parquet s\u2019anime, la musique s\u2019\u00e9l\u00e8ve. Ici, on danse. Bals musette, th\u00e9s dansants, rock\u2019n\u2019roll, salsa\u2026 Une aire de repos devenue piste de danse, avec la RN 88\u00a0en toile de fond.<\/p>\n<p>        <img decoding=\"async\" class=\"std-img__img responsive-img\" src=\"https:\/\/www.europesays.com\/fr\/wp-content\/uploads\/2025\/12\/1766925862_779_image.jpg\" alt=\"Jean-Christophe Carcenac a \u00e9t\u00e9 nomm\u00e9 aux Troph\u00e9es de la Nuit dans la cat\u00e9gorie &quot;Animation du territoire&quot;\u00a0: il invite tout le monde \u00e0 participer au vote ouvert jusqu\u2019au 26\u00a0janvier 2026.\"\/><\/p>\n<p>                Jean-Christophe Carcenac a \u00e9t\u00e9 nomm\u00e9 aux Troph\u00e9es de la Nuit dans la cat\u00e9gorie \u00ab\u00a0Animation du territoire\u00a0\u00bb\u00a0: il invite tout le monde \u00e0 participer au vote ouvert jusqu\u2019au 26\u00a0janvier 2026.<br \/>\n                                    DDM &#8211; Laura Julien<\/p>\n<p>Derri\u00e8re ce concept improbable, un homme\u00a0: Jean-Christophe Carcenac. Restaurateur et h\u00f4telier depuis 1989, il reprend d\u2019abord le relais routier des Farguettes avant d\u2019imaginer un projet hors normes. \u00ab\u00a0Quel illumin\u00e9 emprunterait 2,2\u00a0millions d\u2019euros pour ce genre de chose, simplement pour animer un territoire et se faire plaisir\u00a0?\u00a0\u00bb, sourit-il aujourd\u2019hui. L\u2019illumin\u00e9, c\u2019est lui.\u00a0Et il l\u2019assume.<\/p>\n<p>Faire vivre un territoire rural<\/p>\n<p>De A \u00e0 Z, il fait construire l\u2019endroit qu\u2019il avait en t\u00eate. En juin\u00a02021, le complexe de 1\u00a0500 m\u00b2 ouvre ses portes\u00a0: bar, tabac, chambres d\u2019h\u00f4tel, salles de s\u00e9minaires, restaurants et piste de danse. Dix-huit salari\u00e9s y travaillent au quotidien. L\u2019objectif n\u2019est pas seulement \u00e9conomique. Il est aussi social, culturel, presque militant\u00a0: faire vivre un territoire rural, cr\u00e9er du lien, offrir un lieu de rencontre l\u00e0 o\u00f9 on ne l\u2019attend pas.<\/p>\n<p class=\"std-elt__inline\">\n        <strong>\u00c0 lire aussi :<\/strong><br \/>\n        <a href=\"https:\/\/www.ladepeche.fr\/2024\/08\/04\/reportage-les-gens-sarretent-moins-comment-les-relais-routiers-tentent-de-survivre-face-au-manque-de-clients-12117753.php\" target=\"_blank\" rel=\"noopener\">REPORTAGE. \u00ab\u00a0Les gens s\u2019arr\u00eatent moins\u2026\u00a0\u00bb Comment les relais routiers tentent de survivre face au manque de clients<\/a>\n    <\/p>\n<p>\u00ab\u00a0Voyez, d\u2019ici on peut voir le poteau relais de Vaour ou encore Lescure-Jaoul\u00a0\u00bb, glisse Jean-Christophe Carcenac en d\u00e9signant l\u2019horizon. Par temps clair, la vue porte \u00e0 plus de 40 kilom\u00e8tres sur le Carmaussin-S\u00e9gala. Une mani\u00e8re de rappeler que ce complexe existe aussi pour mettre en lumi\u00e8re un territoire souvent oubli\u00e9 des cartes festives. Et d\u00e9sormais, cette ambition d\u00e9passe les fronti\u00e8res d\u00e9partementales.<\/p>\n<p class=\"std-elt__inline\">\n        <strong>\u00c0 lire aussi :<\/strong><br \/>\n        <a href=\"https:\/\/www.ladepeche.fr\/2021\/06\/11\/tarn-un-nouvel-etablissement-sur-laire-de-services-de-la-croix-de-mille-9600457.php\" target=\"_blank\" rel=\"noopener\">Tarn : un nouvel \u00e9tablissement sur l\u2019aire de services de la Croix de Mille<\/a>\n    <\/p>\n<p>Car l\u2019Aire de la Croix de Mille vient d\u2019\u00eatre nomm\u00e9e aux 31e Troph\u00e9es de la Nuit, une c\u00e9r\u00e9monie nationale qui distingue les lieux festifs les plus remarqu\u00e9s du pays. \u00ab\u00a0Cette nomination, c\u2019est une vraie reconnaissance professionnelle. Mais ce qui me touche le plus, c\u2019est la cat\u00e9gorie &lsquo;animation du territoire&rsquo;. C\u2019est exactement ce que je fais, et le faire ici, en milieu rural, \u00e7a a du sens\u00a0\u00bb, confie-t-il.<\/p>\n<p>Plus de 200 personnes se pressent pour danser<\/p>\n<p>Chaque week-end, le spectacle est le m\u00eame et toujours diff\u00e9rent. Routiers, familles, danseurs aguerris ou amateurs se croisent sur le parquet. L\u2019apr\u00e8s-midi\u00a0commence invariablement par un traditionnel brise-pied, ouvert par Jean-Christophe Carcenac et sa compagne.<\/p>\n<p>Ancien accord\u00e9oniste dans un orchestre, il n\u2019est pas rare qu\u2019il prenne lui-m\u00eame l\u2019instrument pour quelques morceaux. \u00ab\u00a0Je me fais plaisir de temps en temps\u00a0\u00bb, l\u00e2che-t-il en riant. Le public suit. Lors du r\u00e9veillon ou du bal du 1er\u00a0janvier, plus de 200 personnes se pressent pour danser.<\/p>\n<p class=\"std-elt__inline\">\n        <strong>\u00c0 lire aussi :<\/strong><br \/>\n        <a href=\"https:\/\/www.ladepeche.fr\/2025\/01\/10\/tf1-a-laire-de-la-croix-de-mille-12436414.php\" target=\"_blank\" rel=\"noopener\">TF1 \u00e0 l\u2019aire de La Croix de Mille<\/a>\n    <\/p>\n<p>\u00c0 57 ans, Jean-Christophe Carcenac d\u00e9fendra donc son dancing pas comme les autres le lundi 26\u00a0janvier, lors de la c\u00e9r\u00e9monie des Troph\u00e9es de la Nuit, anim\u00e9e par Cyril F\u00e9raud. La remise des prix devrait se tenir au Paradis Latin, haut lieu du cabaret parisien. Un contraste saisissant, \u00e0 l\u2019image de cette aventure singuli\u00e8re.<\/p>\n<p>Au bout de la RN 88, une aire routi\u00e8re rappelle ainsi que la f\u00eate n\u2019est pas l\u2019apanage des grandes villes. Parfois, elle surgit l\u00e0 o\u00f9 on ne l\u2019attend pas, port\u00e9e par une conviction simple\u00a0: faire danser les gens, et faire battre le c\u0153ur d\u2019un territoire.<\/p>\n<p>Il est possible de voter pour son complexe si atypique\u00a0sur\u00a0<a href=\"https:\/\/votetn.paris-nuit.fr\/\" target=\"_self\" rel=\"noopener\">https:\/\/votetn.paris-nuit.fr\/<\/a><\/p>\n","protected":false},"excerpt":{"rendered":"l&rsquo;essentiel Au bord de la RN 88, entre Tarn et Aveyron, une aire de repos devient chaque week-end&hellip;\n","protected":false},"author":2,"featured_media":627040,"comment_status":"","ping_status":"","sticky":false,"template":"","format":"standard","meta":{"footnotes":""},"categories":[8],"tags":[58,59,1011,27,1757,73634,8412],"class_list":{"0":"post-627039","1":"post","2":"type-post","3":"status-publish","4":"format-standard","5":"has-post-thumbnail","7":"category-divertissement","8":"tag-divertissement","9":"tag-entertainment","10":"tag-fr","11":"tag-france","12":"tag-insolite","13":"tag-pampelonne","14":"tag-tarn"},"share_on_mastodon":{"url":"https:\/\/pubeurope.com\/@fr\/115797261441169863","error":""},"_links":{"self":[{"href":"https:\/\/www.europesays.com\/fr\/wp-json\/wp\/v2\/posts\/627039","targetHints":{"allow":["GET"]}}],"collection":[{"href":"https:\/\/www.europesays.com\/fr\/wp-json\/wp\/v2\/posts"}],"about":[{"href":"https:\/\/www.europesays.com\/fr\/wp-json\/wp\/v2\/types\/post"}],"author":[{"embeddable":true,"href":"https:\/\/www.europesays.com\/fr\/wp-json\/wp\/v2\/users\/2"}],"replies":[{"embeddable":true,"href":"https:\/\/www.europesays.com\/fr\/wp-json\/wp\/v2\/comments?post=627039"}],"version-history":[{"count":0,"href":"https:\/\/www.europesays.com\/fr\/wp-json\/wp\/v2\/posts\/627039\/revisions"}],"wp:featuredmedia":[{"embeddable":true,"href":"https:\/\/www.europesays.com\/fr\/wp-json\/wp\/v2\/media\/627040"}],"wp:attachment":[{"href":"https:\/\/www.europesays.com\/fr\/wp-json\/wp\/v2\/media?parent=627039"}],"wp:term":[{"taxonomy":"category","embeddable":true,"href":"https:\/\/www.europesays.com\/fr\/wp-json\/wp\/v2\/categories?post=627039"},{"taxonomy":"post_tag","embeddable":true,"href":"https:\/\/www.europesays.com\/fr\/wp-json\/wp\/v2\/tags?post=627039"}],"curies":[{"name":"wp","href":"https:\/\/api.w.org\/{rel}","templated":true}]}}