{"id":627047,"date":"2025-12-28T12:48:22","date_gmt":"2025-12-28T12:48:22","guid":{"rendered":"https:\/\/www.europesays.com\/fr\/627047\/"},"modified":"2025-12-28T12:48:22","modified_gmt":"2025-12-28T12:48:22","slug":"racket-violences-extorsion-les-placiers-du-marche-de-sarcelles-pointes-du-doigt-par-des-commercants","status":"publish","type":"post","link":"https:\/\/www.europesays.com\/fr\/627047\/","title":{"rendered":"Racket, violences, extorsion\u2026 Les placiers du march\u00e9 de Sarcelles point\u00e9s du doigt par des commer\u00e7ants"},"content":{"rendered":"<p class=\"paragraph text_align_left lp-f-body-02\">\u00ab Un syst\u00e8me mafieux. \u00bb <a href=\"https:\/\/www.leparisien.fr\/val-d-oise-95\/sarcelles-un-placier-du-marche-en-garde-a-vue-pour-avoir-tente-de-corrompre-un-policier-en-lui-donnant-100-euros-06-02-2025-TDWGNEJSPZC5DIMEKPRMUBUTRY.php\" target=\"_blank\" rel=\"noreferrer noopener\">C\u2019est par ces mots<\/a> que le maire (PS) de Sarcelles qualifiait il y a quelques mois le fonctionnement du march\u00e9 de l\u2019avenue Joliot-Curie, qui se tient les mardis, vendredis et dimanches, dans la ville. Ce fonctionnement, plusieurs commer\u00e7ants qui l\u2019ont d\u00e9nonc\u00e9 en ont fait les frais. <\/p>\n<p class=\"\">Parmi eux, Mamadou San\u00e9 alerte depuis plusieurs ann\u00e9es sur l\u2019extorsion que pratiqueraient les placiers de la Semaco (groupe Bensidoun), soci\u00e9t\u00e9 qui g\u00e8re le march\u00e9 pour la mairie.<\/p>\n","protected":false},"excerpt":{"rendered":"\u00ab Un syst\u00e8me mafieux. \u00bb C\u2019est par ces mots que le maire (PS) de Sarcelles qualifiait il y&hellip;\n","protected":false},"author":2,"featured_media":627048,"comment_status":"","ping_status":"","sticky":false,"template":"","format":"standard","meta":{"footnotes":""},"categories":[4],"tags":[11,1011,27,1944,12,25,6601],"class_list":{"0":"post-627047","1":"post","2":"type-post","3":"status-publish","4":"format-standard","5":"has-post-thumbnail","7":"category-france","8":"tag-actualites","9":"tag-fr","10":"tag-france","11":"tag-ma-ville","12":"tag-news","13":"tag-republique-francaise","14":"tag-val-d-oise"},"share_on_mastodon":{"url":"https:\/\/pubeurope.com\/@fr\/115797275776862743","error":""},"_links":{"self":[{"href":"https:\/\/www.europesays.com\/fr\/wp-json\/wp\/v2\/posts\/627047","targetHints":{"allow":["GET"]}}],"collection":[{"href":"https:\/\/www.europesays.com\/fr\/wp-json\/wp\/v2\/posts"}],"about":[{"href":"https:\/\/www.europesays.com\/fr\/wp-json\/wp\/v2\/types\/post"}],"author":[{"embeddable":true,"href":"https:\/\/www.europesays.com\/fr\/wp-json\/wp\/v2\/users\/2"}],"replies":[{"embeddable":true,"href":"https:\/\/www.europesays.com\/fr\/wp-json\/wp\/v2\/comments?post=627047"}],"version-history":[{"count":0,"href":"https:\/\/www.europesays.com\/fr\/wp-json\/wp\/v2\/posts\/627047\/revisions"}],"wp:featuredmedia":[{"embeddable":true,"href":"https:\/\/www.europesays.com\/fr\/wp-json\/wp\/v2\/media\/627048"}],"wp:attachment":[{"href":"https:\/\/www.europesays.com\/fr\/wp-json\/wp\/v2\/media?parent=627047"}],"wp:term":[{"taxonomy":"category","embeddable":true,"href":"https:\/\/www.europesays.com\/fr\/wp-json\/wp\/v2\/categories?post=627047"},{"taxonomy":"post_tag","embeddable":true,"href":"https:\/\/www.europesays.com\/fr\/wp-json\/wp\/v2\/tags?post=627047"}],"curies":[{"name":"wp","href":"https:\/\/api.w.org\/{rel}","templated":true}]}}