{"id":627052,"date":"2025-12-28T12:54:12","date_gmt":"2025-12-28T12:54:12","guid":{"rendered":"https:\/\/www.europesays.com\/fr\/627052\/"},"modified":"2025-12-28T12:54:12","modified_gmt":"2025-12-28T12:54:12","slug":"la-star-ac-fait-escale-dans-le-grand-nancy","status":"publish","type":"post","link":"https:\/\/www.europesays.com\/fr\/627052\/","title":{"rendered":"La \u00ab\u00a0Star Ac\u2019\u00a0\u00bb fait escale dans le Grand Nancy"},"content":{"rendered":"<p>La Star Academy Summer Tour s\u2019arr\u00eatera dans le Grand Nancy le dimanche 5\u00a0juillet 2026 \u00e0 l\u2019occasion du festival <a href=\"https:\/\/www.lasemaine.fr\/culture\/nancy-open-air-encore-une-star-a-laffiche\/\" data-type=\"post\" data-id=\"406493\" target=\"_blank\" rel=\"noopener\">Nancy Open Air,<\/a> pour une repr\u00e9sentation dans l\u2019amphith\u00e9\u00e2tre de plein air du Z\u00e9nith \u00e0 Max\u00e9ville. Port\u00e9e par les artistes de la nouvelle promotion de Star Academy, cette \u00e9tape fait partie du Star Academy Tour 2026, une tourn\u00e9e \u00e0 travers l\u2019Europe. L\u2019occasion pour les fans ayant suivi les aventures des jeunes acad\u00e9miciens apr\u00e8s la diffusion de l\u2019\u00e9mission cette saison sur TF1 de les rencontrer et les voir pr\u00e9former en direct. Le spectacle promet reprises, chor\u00e9graphies et ambiance festive.<\/p>\n<p>Entre le d\u00e9sormais incontournable <a href=\"https:\/\/www.lasemaine.fr\/culture\/nancy-open-air-festival-gojira-en-tete-daffiche-du-prochain-heavy-week-end\/\" data-type=\"post\" data-id=\"404733\" target=\"_blank\" rel=\"noopener\">Heavy Week-End<\/a>, la venue de la star am\u00e9ricaine Neil Young, Gims, <a href=\"https:\/\/www.lasemaine.fr\/culture\/orelsan-de-retour-a-nancy-pour-open-air-2026-la-billetterie-arrive\/\" data-type=\"post\" data-id=\"406045\" target=\"_blank\" rel=\"noopener\">Orelsan<\/a>, ou encore la com\u00e9die musicale Le Roi Soleil, cette \u00e9dition 2026 est certainement l\u2019une des plus \u00e9clectique du Nancy Open Air.<\/p>\n","protected":false},"excerpt":{"rendered":"La Star Academy Summer Tour s\u2019arr\u00eatera dans le Grand Nancy le dimanche 5\u00a0juillet 2026 \u00e0 l\u2019occasion du festival&hellip;\n","protected":false},"author":2,"featured_media":627053,"comment_status":"","ping_status":"","sticky":false,"template":"","format":"standard","meta":{"footnotes":""},"categories":[9635],"tags":[1111,11,1777,674,1011,27,775,1702,12,25],"class_list":{"0":"post-627052","1":"post","2":"type-post","3":"status-publish","4":"format-standard","5":"has-post-thumbnail","7":"category-nancy","8":"tag-actu","9":"tag-actualites","10":"tag-eu","11":"tag-europe","12":"tag-fr","13":"tag-france","14":"tag-grand-est","15":"tag-nancy","16":"tag-news","17":"tag-republique-francaise"},"share_on_mastodon":{"url":"https:\/\/pubeurope.com\/@fr\/115797299254646718","error":""},"_links":{"self":[{"href":"https:\/\/www.europesays.com\/fr\/wp-json\/wp\/v2\/posts\/627052","targetHints":{"allow":["GET"]}}],"collection":[{"href":"https:\/\/www.europesays.com\/fr\/wp-json\/wp\/v2\/posts"}],"about":[{"href":"https:\/\/www.europesays.com\/fr\/wp-json\/wp\/v2\/types\/post"}],"author":[{"embeddable":true,"href":"https:\/\/www.europesays.com\/fr\/wp-json\/wp\/v2\/users\/2"}],"replies":[{"embeddable":true,"href":"https:\/\/www.europesays.com\/fr\/wp-json\/wp\/v2\/comments?post=627052"}],"version-history":[{"count":0,"href":"https:\/\/www.europesays.com\/fr\/wp-json\/wp\/v2\/posts\/627052\/revisions"}],"wp:featuredmedia":[{"embeddable":true,"href":"https:\/\/www.europesays.com\/fr\/wp-json\/wp\/v2\/media\/627053"}],"wp:attachment":[{"href":"https:\/\/www.europesays.com\/fr\/wp-json\/wp\/v2\/media?parent=627052"}],"wp:term":[{"taxonomy":"category","embeddable":true,"href":"https:\/\/www.europesays.com\/fr\/wp-json\/wp\/v2\/categories?post=627052"},{"taxonomy":"post_tag","embeddable":true,"href":"https:\/\/www.europesays.com\/fr\/wp-json\/wp\/v2\/tags?post=627052"}],"curies":[{"name":"wp","href":"https:\/\/api.w.org\/{rel}","templated":true}]}}