{"id":627054,"date":"2025-12-28T12:58:56","date_gmt":"2025-12-28T12:58:56","guid":{"rendered":"https:\/\/www.europesays.com\/fr\/627054\/"},"modified":"2025-12-28T12:58:56","modified_gmt":"2025-12-28T12:58:56","slug":"capitaine-frimousse-et-tresor-oceans-a-nancy-2026","status":"publish","type":"post","link":"https:\/\/www.europesays.com\/fr\/627054\/","title":{"rendered":"Capitaine Frimousse et Tr\u00e9sor Oc\u00e9ans \u00e0 Nancy 2026"},"content":{"rendered":"<p class=\"intro\">Le dimanche 15 f\u00e9vrier 2026 \u00e0 15h, le Th\u00e9\u00e2tre de la Foucotte \u00e0 Nancy accueille la com\u00e9die-musicale\u00a0\u00ab\u00a0Capitaine Frimousse et le Tr\u00e9sor des Oc\u00e9ans\u00a0\u00bb, un spectacle d&rsquo;aventure destin\u00e9 aux enfants de 4 \u00e0 10 ans et \u00e0 leurs familles. Cette repr\u00e9sentation unique en Lorraine promet de transporter petits et grands dans un univers f\u00e9erique, des for\u00eats tropicales aux profondeurs marines. Suivez les aventures du petit capitaine et de ses compagnons dans leur qu\u00eate pour sauver Bernard l&rsquo;escargot des griffes du redoutable James Took. Les billets sont disponibles \u00e0 partir de 13\u00a0\u20ac.<\/p>\n<p>Nancy accueille les aventures de Capitaine Frimousse au Th\u00e9\u00e2tre de la Foucotte<\/p>\n<p>Cette com\u00e9die-musicale familiale raconte l&rsquo;histoire touchante du <strong>Capitaine Frimousse<\/strong>, un petit capitaine de la marine fran\u00e7aise qui vit paisiblement avec Bernard l&rsquo;escargot. Lorsque son ami se fait enlever par James Took, le roi des Mers, notre h\u00e9ros se lance dans une qu\u00eate \u00e9pique pour retrouver le myst\u00e9rieux tr\u00e9sor des Oc\u00e9ans. Accompagn\u00e9 de la f\u00e9e Glinda, du perroquet Pepito et d&rsquo;Ernest le Dragon, il devra braver mille dangers pour sauver son compagnon.<\/p>\n<p><img decoding=\"async\" loading=\"lazy\" src=\"https:\/\/www.europesays.com\/fr\/wp-content\/uploads\/2025\/12\/capitaine-frimousse-et-le-tr-sor-des-oc-ans-tickets_322931_2809288_222x222.jpg\" alt=\"Capitaine Frimousse et le Tr\u00e9sor des Oc\u00e9ans\" class=\"border\"\/><\/p>\n<p>Le spectacle transporte les familles lorraines dans un voyage extraordinaire, des <strong>for\u00eats tropicales luxuriantes<\/strong> aux profondeurs des mers les plus f\u00e9eriques. Cette aventure musicale, sp\u00e9cialement con\u00e7ue pour les enfants de 4 \u00e0 10 ans, m\u00eale humour, \u00e9motion et chansons entra\u00eenantes. Les spectateurs nanc\u00e9iens pourront d\u00e9couvrir d&rsquo;autres <a href=\"https:\/\/www.jds.fr\/nancy\/agenda\/sorties-culturelles-spectacles-expositions-cinema-470_B\" target=\"_blank\" rel=\"noopener\">spectacles familiaux \u00e0 Nancy<\/a> tout au long de l&rsquo;ann\u00e9e.<\/p>\n<p>Billetterie pour Capitaine Frimousse et le Tr\u00e9sor des Oc\u00e9ans au Th\u00e9\u00e2tre de la Foucotte<\/p>\n<p><a class=\"btn btn-lg shadow-lg btn-primary rounded-pill fnac_link\" data-fnac=\"in_article\" href=\"https:\/\/www.awin1.com\/pclick.php?p=43287523822&amp;a=634278&amp;m=12494&amp;clickref=in_article-A-desktop\" target=\"_blank\" rel=\"nofollow noopener\"> Acheter des billets<\/a><\/p>\n<p>Cette com\u00e9die-musicale d&rsquo;aventure s\u00e9duit les familles par son univers color\u00e9 et ses personnages attachants. Les <strong>billets<\/strong> sont propos\u00e9s \u00e0 partir de <strong>13\u00a0\u20ac<\/strong> pour cette repr\u00e9sentation au Th\u00e9\u00e2tre de la Foucotte. N&rsquo;h\u00e9sitez pas \u00e0 <strong>r\u00e9server<\/strong> vos places rapidement car ce type de spectacle familial rencontre g\u00e9n\u00e9ralement un franc succ\u00e8s aupr\u00e8s du public nanc\u00e9ien.<\/p>\n<p>Comment acc\u00e9der au Th\u00e9\u00e2tre de la Foucotte \u00e0 Nancy\u00a0?<\/p>\n<p>Pour rejoindre le <a href=\"https:\/\/www.jds.fr\/nancy\/salle-de-concert-spectacle\/theatre-de-la-foucotte-17315_L\" target=\"_blank\" rel=\"noopener\">Th\u00e9\u00e2tre de la Foucotte<\/a> en voiture, pr\u00e9voyez du temps suppl\u00e9mentaire car la circulation peut \u00eatre dense dans ce secteur de Nancy. Le th\u00e9\u00e2tre ne disposant pas de parking priv\u00e9, vous devrez vous garer dans le quartier environnant. Il est recommand\u00e9 d&rsquo;utiliser les applications de r\u00e9servation de places de parking pour s\u00e9curiser votre stationnement \u00e0 l&rsquo;avance.<\/p>\n<p>Les <strong>transports en commun Nancy STAN<\/strong> desservent efficacement le secteur du th\u00e9\u00e2tre. Vous pouvez emprunter la <strong>ligne TEMPO 2<\/strong>, un bus \u00e0 haut niveau de service, ou les <strong>lignes COROLLE 1 et 2<\/strong> qui constituent le r\u00e9seau structurant de Nancy. Ces lignes permettent de rejoindre facilement le lieu depuis diff\u00e9rents points de la ville. Attention\u00a0: la salle se trouve au <strong>second \u00e9tage<\/strong> et n&rsquo;est accessible que par escalier, limitant l&rsquo;acc\u00e8s aux personnes \u00e0 mobilit\u00e9 r\u00e9duite.<\/p>\n<p class=\"mise_en_avant\">Notre conseil\u00a0: privil\u00e9giez les transports en commun STAN avec les lignes TEMPO 2 ou COROLLE pour \u00e9viter les difficult\u00e9s de stationnement.<\/p>\n<p>Apr\u00e8s cette aventure maritime avec Capitaine Frimousse, le Th\u00e9\u00e2tre de la Foucotte proposera prochainement un autre spectacle\u00a0: <a href=\"https:\/\/www.jds.fr\/nancy\/spectacles\/humour\/paroles-de-clitoris-tournee-1283811_A\" target=\"_blank\" rel=\"noopener\">Paroles de Clitoris au Th\u00e9\u00e2tre de la Foucotte<\/a>, une com\u00e9die d\u00e9cal\u00e9e qui s&rsquo;adresse cette fois-ci \u00e0 un public adulte.<\/p>\n","protected":false},"excerpt":{"rendered":"Le dimanche 15 f\u00e9vrier 2026 \u00e0 15h, le Th\u00e9\u00e2tre de la Foucotte \u00e0 Nancy accueille la com\u00e9die-musicale\u00a0\u00ab\u00a0Capitaine Frimousse&hellip;\n","protected":false},"author":2,"featured_media":627055,"comment_status":"","ping_status":"","sticky":false,"template":"","format":"standard","meta":{"footnotes":""},"categories":[9635],"tags":[1111,11,1777,674,1011,27,775,1702,12,25],"class_list":{"0":"post-627054","1":"post","2":"type-post","3":"status-publish","4":"format-standard","5":"has-post-thumbnail","7":"category-nancy","8":"tag-actu","9":"tag-actualites","10":"tag-eu","11":"tag-europe","12":"tag-fr","13":"tag-france","14":"tag-grand-est","15":"tag-nancy","16":"tag-news","17":"tag-republique-francaise"},"share_on_mastodon":{"url":"https:\/\/pubeurope.com\/@fr\/115797320743379162","error":""},"_links":{"self":[{"href":"https:\/\/www.europesays.com\/fr\/wp-json\/wp\/v2\/posts\/627054","targetHints":{"allow":["GET"]}}],"collection":[{"href":"https:\/\/www.europesays.com\/fr\/wp-json\/wp\/v2\/posts"}],"about":[{"href":"https:\/\/www.europesays.com\/fr\/wp-json\/wp\/v2\/types\/post"}],"author":[{"embeddable":true,"href":"https:\/\/www.europesays.com\/fr\/wp-json\/wp\/v2\/users\/2"}],"replies":[{"embeddable":true,"href":"https:\/\/www.europesays.com\/fr\/wp-json\/wp\/v2\/comments?post=627054"}],"version-history":[{"count":0,"href":"https:\/\/www.europesays.com\/fr\/wp-json\/wp\/v2\/posts\/627054\/revisions"}],"wp:featuredmedia":[{"embeddable":true,"href":"https:\/\/www.europesays.com\/fr\/wp-json\/wp\/v2\/media\/627055"}],"wp:attachment":[{"href":"https:\/\/www.europesays.com\/fr\/wp-json\/wp\/v2\/media?parent=627054"}],"wp:term":[{"taxonomy":"category","embeddable":true,"href":"https:\/\/www.europesays.com\/fr\/wp-json\/wp\/v2\/categories?post=627054"},{"taxonomy":"post_tag","embeddable":true,"href":"https:\/\/www.europesays.com\/fr\/wp-json\/wp\/v2\/tags?post=627054"}],"curies":[{"name":"wp","href":"https:\/\/api.w.org\/{rel}","templated":true}]}}