{"id":627064,"date":"2025-12-28T13:11:13","date_gmt":"2025-12-28T13:11:13","guid":{"rendered":"https:\/\/www.europesays.com\/fr\/627064\/"},"modified":"2025-12-28T13:11:13","modified_gmt":"2025-12-28T13:11:13","slug":"plus-de-2-000-heures-densoleillement-dans-quelles-villes-bretonnes-a-t-il-fait-le-plus-beau","status":"publish","type":"post","link":"https:\/\/www.europesays.com\/fr\/627064\/","title":{"rendered":"Plus de 2\u00a0000\u00a0heures d\u2019ensoleillement\u00a0: dans quelles villes bretonnes a-t-il fait le plus beau"},"content":{"rendered":"<p>Alors que 2025 s\u2019ach\u00e8ve, la Bretagne aura globalement profit\u00e9 du soleil. C\u2019est \u00e0 Lorient (Morbihan) que les Bretons auront le plus eu besoin de chausser leurs lunettes de soleil\u00a0: avec 2\u00a0127\u00a0heures d\u2019ensoleillement depuis janvier, la Ville aux six ports \u00a0a la palme de l\u2019ensoleillement le plus g\u00e9n\u00e9reux\u00a0, <a href=\"https:\/\/www.meteo.bzh\/actualite\/record-d-ensoleillement-annuel-battu-a-quimper-2025-12-26\" target=\"_blank\" rel=\"noopener\">commente S\u00e9bastien Decaux, pr\u00e9visionniste \u00e0 M\u00e9t\u00e9o Bretagne<\/a>. Elle s\u2019approche de son record de 2022, o\u00f9 2\u00a0156\u00a0heures d\u2019ensoleillement avaient \u00e9t\u00e9 enregistr\u00e9es.<\/p>\n<p>Le record tombe \u00e0 Quimper<\/p>\n<p>Sur la C\u00f4te d\u2019\u00c9meraude, Dinard (Ille-et-Vilaine) d\u00e9passe la barre des 2\u00a0000\u00a0heures. Rennes flirte avec (1\u00a0968).<\/p>\n<p>\u00c0 l\u2019autre bout de la Bretagne, Quimper (Finist\u00e8re) fait m\u00eame tomber son record\u00a0: la ville pr\u00e9fecture du Finist\u00e8re cumule 1\u00a0967\u00a0d\u2019ensoleillement en 2025, relevant ainsi son plus haut niveau enregistr\u00e9 alors en 2022. \u00a0C\u2019est un beau bonus pour Quimper, o\u00f9 la norme est de 1\u00a0708\u00a0heures d\u2019ensoleillement par an (soit d\u00e9j\u00e0 259\u00a0heures de plus)\u00a0, ajoute S\u00e9bastien Decaux. Brest n\u2019est pas en reste et a profit\u00e9, elle aussi, d\u2019environ 200\u00a0heures de soleil en plus cette ann\u00e9e (1\u00a0700\u00a0heures contre 1\u00a0555\u00a0en moyenne). Tout comme Saint-Brieuc (C\u00f4tes-d\u2019Armor), avec 1\u00a0845\u00a0heures en 2025 contre 1\u00a0616\u00a0habituellement.<\/p>\n<p>\u00a0<\/p>\n","protected":false},"excerpt":{"rendered":"Alors que 2025 s\u2019ach\u00e8ve, la Bretagne aura globalement profit\u00e9 du soleil. C\u2019est \u00e0 Lorient (Morbihan) que les Bretons&hellip;\n","protected":false},"author":2,"featured_media":627065,"comment_status":"","ping_status":"","sticky":false,"template":"","format":"standard","meta":{"footnotes":""},"categories":[2821],"tags":[5742,6541,17,16736,1111,11,6005,829,21732,73635,1777,674,21,1011,27,6203,12,584,25,6316],"class_list":{"0":"post-627064","1":"post","2":"type-post","3":"status-publish","4":"format-standard","5":"has-post-thumbnail","7":"category-rennes","8":"tag-5742","9":"tag-6541","10":"tag-17","11":"tag-a-t-il","12":"tag-actu","13":"tag-actualites","14":"tag-beau","15":"tag-bretagne","16":"tag-bretonnes","17":"tag-ensoleillement","18":"tag-eu","19":"tag-europe","20":"tag-fait","21":"tag-fr","22":"tag-france","23":"tag-heures","24":"tag-news","25":"tag-rennes","26":"tag-republique-francaise","27":"tag-villes"},"share_on_mastodon":{"url":"","error":""},"_links":{"self":[{"href":"https:\/\/www.europesays.com\/fr\/wp-json\/wp\/v2\/posts\/627064","targetHints":{"allow":["GET"]}}],"collection":[{"href":"https:\/\/www.europesays.com\/fr\/wp-json\/wp\/v2\/posts"}],"about":[{"href":"https:\/\/www.europesays.com\/fr\/wp-json\/wp\/v2\/types\/post"}],"author":[{"embeddable":true,"href":"https:\/\/www.europesays.com\/fr\/wp-json\/wp\/v2\/users\/2"}],"replies":[{"embeddable":true,"href":"https:\/\/www.europesays.com\/fr\/wp-json\/wp\/v2\/comments?post=627064"}],"version-history":[{"count":0,"href":"https:\/\/www.europesays.com\/fr\/wp-json\/wp\/v2\/posts\/627064\/revisions"}],"wp:featuredmedia":[{"embeddable":true,"href":"https:\/\/www.europesays.com\/fr\/wp-json\/wp\/v2\/media\/627065"}],"wp:attachment":[{"href":"https:\/\/www.europesays.com\/fr\/wp-json\/wp\/v2\/media?parent=627064"}],"wp:term":[{"taxonomy":"category","embeddable":true,"href":"https:\/\/www.europesays.com\/fr\/wp-json\/wp\/v2\/categories?post=627064"},{"taxonomy":"post_tag","embeddable":true,"href":"https:\/\/www.europesays.com\/fr\/wp-json\/wp\/v2\/tags?post=627064"}],"curies":[{"name":"wp","href":"https:\/\/api.w.org\/{rel}","templated":true}]}}