{"id":627070,"date":"2025-12-29T07:37:12","date_gmt":"2025-12-29T07:37:12","guid":{"rendered":"https:\/\/www.europesays.com\/fr\/627070\/"},"modified":"2025-12-29T07:37:12","modified_gmt":"2025-12-29T07:37:12","slug":"un-institut-europeen-pour-accelerer-la-transition-ecologique","status":"publish","type":"post","link":"https:\/\/www.europesays.com\/fr\/627070\/","title":{"rendered":"un institut europ\u00e9en pour acc\u00e9l\u00e9rer la transition \u00e9cologique"},"content":{"rendered":"<blockquote class=\"question\"><p>\u00ab\u00a0Pourquoi cr\u00e9er cet institut\u00a0?<\/p><\/blockquote>\n<p>\u00ab\u00a0Selon le think tank The Shift Project, le secteur de la sant\u00e9 repr\u00e9sente environ 49\u00a0millions de tonnes de CO 2 \u00e9quivalent, soit 8\u00a0% des \u00e9missions nationales de gaz \u00e0 effet de serre, davantage que l\u2019a\u00e9ronautique (5\u00a0%). Pr\u00e8s de 50\u00a0% de cet impact environnemental de la sant\u00e9 provient des m\u00e9dicaments et des dispositifs m\u00e9dicaux. La sant\u00e9 accuse un retard dans la mise en \u0153uvre de la transition \u00e9cologique. Il y a encore cinq ans, le <a href=\"https:\/\/www.dna.fr\/environnement\/2024\/02\/03\/centre-hospitalier-le-bloc-operatoire-lance-sa-revolution-verte\" target=\"_blank\" rel=\"nofollow noopener\">tri des d\u00e9chets<\/a> n\u2019\u00e9tait pas syst\u00e9matis\u00e9 dans les h\u00f4pitaux, qui produisent aujourd\u2019hui pr\u00e8s de 700\u00a0000 tonnes de d\u00e9chets par an.<\/p>\n<p>Une planification \u00e9cologique du syst\u00e8me de sant\u00e9 (PESS) a \u00e9t\u00e9 lanc\u00e9e en 2023 par le minist\u00e8re de la Sant\u00e9 avec sept axes d\u2019action (achats durables, d\u00e9chets,\u00a0etc.). Il faut aujourd\u2019hui en acc\u00e9l\u00e9rer la mise en place. L\u2019institut sera un lieu de recherche et d\u2019innovation, un campus capable d\u2019agr\u00e9ger les initiatives individuelles, les exp\u00e9rimentations de terrain.\u00a0\u00bb<\/p>\n<p class=\"txt\">Ce savoir servira ensuite \u00e0 d\u00e9velopper des formations \u00e0 destination des soignants.<\/p>\n<blockquote class=\"question\"><p>Quels seront vos leviers d\u2019actions\u00a0?<\/p><\/blockquote>\n<p>\u00ab\u00a0Le premier enjeu est celui des donn\u00e9es scientifiques, aujourd\u2019hui insuffisantes. Il s\u2019agit d\u2019identifier des pratiques concr\u00e8tes responsables\u00a0: usage de mat\u00e9riaux recyclables, tri des d\u00e9chets, suppression de certains m\u00e9dicaments tr\u00e8s impactants comme certains gaz anesth\u00e9siants.<\/p>\n<p>Ces donn\u00e9es permettront de d\u00e9finir ce qu\u2019est un \u00e9cosoin, d\u2019en pr\u00e9ciser les m\u00e9thodologies, les outils, sans jamais d\u00e9grader la qualit\u00e9 des soins. Il faudra \u00e9galement s\u2019appuyer sur les exp\u00e9riences men\u00e9es par nos coll\u00e8gues europ\u00e9ens. Ce savoir servira ensuite \u00e0 d\u00e9velopper des formations \u00e0 destination des soignants, des industriels, des dirigeants d\u2019\u00e9tablissements.\u00a0\u00bb<\/p>\n<p>Notre troisi\u00e8me levier d\u2019action sera l\u2019innovation et le soutien aux startups.<\/p>\n<blockquote class=\"question\"><p>Comment financerez-vous ces projets\u00a0?<\/p><\/blockquote>\n<p>\u00ab\u00a0Le financement repose pour l\u2019instant sur les cofondateurs. L\u2019une des missions de l\u2019IETES sera d\u2019aller chercher des financements externes, via des appels \u00e0 projets ou du m\u00e9c\u00e9nat. \u00c0 ce stade, l\u2019Institut ne compte aucun salari\u00e9. L\u2019objectif est de recruter au moins deux \u00e9quivalents temps plein en 2026, puis de monter progressivement en puissance.\u00a0\u00bb<\/p>\n<blockquote class=\"question\"><p>Comment allez-vous convaincre les industriels, les d\u00e9cideurs politiques et les soignants\u00a0?<\/p><\/blockquote>\n<p>\u00ab\u00a0L\u2019\u00e9coconception des soins permet de concilier les enjeux \u00e9cologiques et les contraintes \u00e9conomiques dans un contexte de forte pression sur le financement de la S\u00e9curit\u00e9 sociale. Elle impose une r\u00e9flexion sur l\u2019optimisation des ressources.<\/p>\n<p class=\"txt\">20\u00a0% des d\u00e9chets du bloc op\u00e9ratoire aujourd\u2019hui en France correspondent \u00e0 du mat\u00e9riel ouvert non utilis\u00e9.<\/p>\n<p>La transition \u00e9cologique est aussi un levier d\u2019attractivit\u00e9 et redonne du sens au travail des soignants. Je le constate au sein de mon service au Nouvel h\u00f4pital civil depuis la mise en place d\u2019un \u00ab\u00a0green bloc\u00a0\u00bb. Aujourd\u2019hui, 20\u00a0% des d\u00e9chets du bloc op\u00e9ratoire en France correspondent \u00e0 du mat\u00e9riel ouvert non utilis\u00e9. Il faut donc \u00e9laborer des fiches de besoins pr\u00e9cises par intervention. Un exemple concret\u00a0: donner du parac\u00e9tamol en comprim\u00e9 lors d\u2019une chirurgie ambulatoire est douze fois moins impactant en termes de CO 2 qu\u2019une perfusion. Ces actions favorisent le travail collectif entre des acteurs qui ont peu l\u2019habitude de collaborer et constituent un argument pour les patients. Reste un principe fondamental\u00a0: la meilleure \u00e9nergie est celle que l\u2019on ne consomme pas et le meilleur soin est celui dont on n\u2019a pas besoin. La pr\u00e9vention joue un r\u00f4le cl\u00e9.\u00a0\u00bb<\/p>\n<p class=\"note\">(*) Il est cofond\u00e9 par l\u2019Association strasbourgeoise d\u2019anesth\u00e9sie r\u00e9animation (Asar), Agir durablement en sant\u00e9 en Nouvelle-Aquitaine (ADSNA), le collectif d\u2019\u00c9coresponsabilit\u00e9 en sant\u00e9, regroupant un ensemble de soci\u00e9t\u00e9s savantes (Ceres), Mines Paris- PSL \u2013 Grand \u00e9tablissement d\u2019enseignement sup\u00e9rieur et de recherche engag\u00e9 pour les transitions, l\u2019\u00c9cole des hautes \u00e9tudes en sant\u00e9 publique (EHESP), la F\u00e9d\u00e9ration des \u00e9tablissements hospitaliers et d\u2019aide \u00e0 la personne priv\u00e9s non lucratifs (FEHAP), la F\u00e9d\u00e9ration hospitali\u00e8re de France (FHF) et le R\u00e9seau des acheteurs hospitaliers (Resah).<\/p>\n","protected":false},"excerpt":{"rendered":"\u00ab\u00a0Pourquoi cr\u00e9er cet institut\u00a0? \u00ab\u00a0Selon le think tank The Shift Project, le secteur de la sant\u00e9 repr\u00e9sente environ&hellip;\n","protected":false},"author":2,"featured_media":627071,"comment_status":"","ping_status":"","sticky":false,"template":"","format":"standard","meta":{"footnotes":""},"categories":[2820],"tags":[1111,11,2389,2649,2880,436,1777,674,107,1011,27,775,8423,12,1800,5140,25,71,640,2879],"class_list":{"0":"post-627070","1":"post","2":"type-post","3":"status-publish","4":"format-standard","5":"has-post-thumbnail","7":"category-strasbourg","8":"tag-actu","9":"tag-actualites","10":"tag-alsace","11":"tag-bas-rhin","12":"tag-edition-strasbourg","13":"tag-environnement","14":"tag-eu","15":"tag-europe","16":"tag-fil-info","17":"tag-fr","18":"tag-france","19":"tag-grand-est","20":"tag-meteorologie-climat","21":"tag-news","22":"tag-pollution","23":"tag-rechauffement-climatique","24":"tag-republique-francaise","25":"tag-sante","26":"tag-strasbourg","27":"tag-strasbourg-ville"},"share_on_mastodon":{"url":"https:\/\/pubeurope.com\/@fr\/115801715191070139","error":""},"_links":{"self":[{"href":"https:\/\/www.europesays.com\/fr\/wp-json\/wp\/v2\/posts\/627070","targetHints":{"allow":["GET"]}}],"collection":[{"href":"https:\/\/www.europesays.com\/fr\/wp-json\/wp\/v2\/posts"}],"about":[{"href":"https:\/\/www.europesays.com\/fr\/wp-json\/wp\/v2\/types\/post"}],"author":[{"embeddable":true,"href":"https:\/\/www.europesays.com\/fr\/wp-json\/wp\/v2\/users\/2"}],"replies":[{"embeddable":true,"href":"https:\/\/www.europesays.com\/fr\/wp-json\/wp\/v2\/comments?post=627070"}],"version-history":[{"count":0,"href":"https:\/\/www.europesays.com\/fr\/wp-json\/wp\/v2\/posts\/627070\/revisions"}],"wp:featuredmedia":[{"embeddable":true,"href":"https:\/\/www.europesays.com\/fr\/wp-json\/wp\/v2\/media\/627071"}],"wp:attachment":[{"href":"https:\/\/www.europesays.com\/fr\/wp-json\/wp\/v2\/media?parent=627070"}],"wp:term":[{"taxonomy":"category","embeddable":true,"href":"https:\/\/www.europesays.com\/fr\/wp-json\/wp\/v2\/categories?post=627070"},{"taxonomy":"post_tag","embeddable":true,"href":"https:\/\/www.europesays.com\/fr\/wp-json\/wp\/v2\/tags?post=627070"}],"curies":[{"name":"wp","href":"https:\/\/api.w.org\/{rel}","templated":true}]}}