{"id":627080,"date":"2025-12-29T07:42:14","date_gmt":"2025-12-29T07:42:14","guid":{"rendered":"https:\/\/www.europesays.com\/fr\/627080\/"},"modified":"2025-12-29T07:42:14","modified_gmt":"2025-12-29T07:42:14","slug":"fc-nantes-la-reaction-dawaziem-apres-nigeria-tunisie-a-la-can-video","status":"publish","type":"post","link":"https:\/\/www.europesays.com\/fr\/627080\/","title":{"rendered":"FC Nantes. La r\u00e9action d&rsquo;Awaziem apr\u00e8s Nig\u00e9ria-Tunisie \u00e0 la CAN (vid\u00e9o)"},"content":{"rendered":"<p>Les Super Eagles se sont impos\u00e9s ce week-end face aux Aigles de Carthage (3-2) et sont assur\u00e9s de disputer les <a href=\"https:\/\/tribunenantaise.fr\/actus-fcnantes\/selection-nationale\/fc-nantes-le-nigeria-dawaziem-et-simon-qualifie-pour-les-8es-de-finale-de-la-can\/\" target=\"_blank\" rel=\"noopener\">8es de finale<\/a> de la Coupe d\u2019Afrique des nations 2025 au Maroc. Malgr\u00e9 quelques frayeurs en fin de partie, l\u2019\u00e9quipe de <strong>Moses Simon<\/strong> et <strong>Chidozie Awaziem <\/strong>a tenu bon. Apr\u00e8s le match, le d\u00e9fenseur des Canaris, entr\u00e9 en jeu \u00e0 la 90\u00e8me minute, a salu\u00e9 la d\u00e9termination sans faille de ses co\u00e9quipiers.<\/p>\n<p>\u00ab \u00c7a montre que nous sommes collectifs, que nous travaillons ensemble, et \u00e7a montre la qualit\u00e9 des joueurs, individuellement et en tant qu\u2019\u00e9quipe. Je pense donc que chacun fait de son mieux et essaie simplement de faire gagner l\u2019\u00e9quipe. C\u2019est, selon moi, le plus important : l\u2019\u00e9quipe avant la performance individuelle. Cette \u00e9quipe peut aller tr\u00e8s loin \u00bb, a d\u00e9clar\u00e9 le natif d\u2019Enugu en zone mixte.<\/p>\n<p>Prochain rendez-vous pour le joueur du FC Nantes et sa s\u00e9lection mardi \u00e0 17h contre l\u2019Ouganda.<\/p>\n<blockquote class=\"instagram-media\" style=\"background: #FFF; border: 0; border-radius: 3px; box-shadow: 0 0 1px 0 rgba(0,0,0,0.5),0 1px 10px 0 rgba(0,0,0,0.15); margin: 1px; max-width: 540px; min-width: 326px; padding: 0; width: calc(100% - 2px);\" data-instgrm-captioned=\"\" data-instgrm-permalink=\"https:\/\/www.instagram.com\/reel\/DSzeyreiCG6\/?utm_source=ig_embed&amp;utm_campaign=loading\" data-instgrm-version=\"14\">\n<\/blockquote>\n<p><script async src=\"\/\/www.instagram.com\/embed.js\"><\/script><\/p>\n","protected":false},"excerpt":{"rendered":"Les Super Eagles se sont impos\u00e9s ce week-end face aux Aigles de Carthage (3-2) et sont assur\u00e9s de&hellip;\n","protected":false},"author":2,"featured_media":627081,"comment_status":"","ping_status":"","sticky":false,"template":"","format":"standard","meta":{"footnotes":""},"categories":[2818],"tags":[1111,11,1777,674,1011,27,766,12,2636,25],"class_list":{"0":"post-627080","1":"post","2":"type-post","3":"status-publish","4":"format-standard","5":"has-post-thumbnail","7":"category-nantes","8":"tag-actu","9":"tag-actualites","10":"tag-eu","11":"tag-europe","12":"tag-fr","13":"tag-france","14":"tag-nantes","15":"tag-news","16":"tag-pays-de-la-loire","17":"tag-republique-francaise"},"share_on_mastodon":{"url":"https:\/\/pubeurope.com\/@fr\/115801734848728910","error":""},"_links":{"self":[{"href":"https:\/\/www.europesays.com\/fr\/wp-json\/wp\/v2\/posts\/627080","targetHints":{"allow":["GET"]}}],"collection":[{"href":"https:\/\/www.europesays.com\/fr\/wp-json\/wp\/v2\/posts"}],"about":[{"href":"https:\/\/www.europesays.com\/fr\/wp-json\/wp\/v2\/types\/post"}],"author":[{"embeddable":true,"href":"https:\/\/www.europesays.com\/fr\/wp-json\/wp\/v2\/users\/2"}],"replies":[{"embeddable":true,"href":"https:\/\/www.europesays.com\/fr\/wp-json\/wp\/v2\/comments?post=627080"}],"version-history":[{"count":0,"href":"https:\/\/www.europesays.com\/fr\/wp-json\/wp\/v2\/posts\/627080\/revisions"}],"wp:featuredmedia":[{"embeddable":true,"href":"https:\/\/www.europesays.com\/fr\/wp-json\/wp\/v2\/media\/627081"}],"wp:attachment":[{"href":"https:\/\/www.europesays.com\/fr\/wp-json\/wp\/v2\/media?parent=627080"}],"wp:term":[{"taxonomy":"category","embeddable":true,"href":"https:\/\/www.europesays.com\/fr\/wp-json\/wp\/v2\/categories?post=627080"},{"taxonomy":"post_tag","embeddable":true,"href":"https:\/\/www.europesays.com\/fr\/wp-json\/wp\/v2\/tags?post=627080"}],"curies":[{"name":"wp","href":"https:\/\/api.w.org\/{rel}","templated":true}]}}