{"id":627086,"date":"2025-12-29T07:45:10","date_gmt":"2025-12-29T07:45:10","guid":{"rendered":"https:\/\/www.europesays.com\/fr\/627086\/"},"modified":"2025-12-29T07:45:10","modified_gmt":"2025-12-29T07:45:10","slug":"pres-de-toulouse-un-homme-de-58-ans-blesse-par-arme-blanche-dans-un-quartier-pavillonnaire","status":"publish","type":"post","link":"https:\/\/www.europesays.com\/fr\/627086\/","title":{"rendered":"Pr\u00e8s de Toulouse. Un homme de 58 ans bless\u00e9 par arme blanche dans un quartier pavillonnaire"},"content":{"rendered":"<p>                    Par<br \/>\n        <strong><br \/>\n            <a href=\"https:\/\/actu.fr\/auteur\/marie-lamarque\" title=\"Consulter tous les articles de Marie Lamarque\" target=\"_blank\" rel=\"noopener\">Marie Lamarque<\/a><br \/>\n                    <\/strong><\/p>\n<p>        Publi\u00e9 le<\/p>\n<p>            29 d\u00e9c. 2025 \u00e0 7h56        <\/p>\n<p><strong>Un homme de 58 ans a \u00e9t\u00e9 bless\u00e9 par arme blanche<\/strong> dans un quartier pavillonnaire de <strong>Tournefeuille<\/strong>, \u00e0 l\u2019ouest de <a href=\"https:\/\/actu.fr\/toulouse\/\" target=\"_blank\" rel=\"noopener\">Toulouse<\/a>, dans la soir\u00e9e du dimanche 28 d\u00e9cembre 2025. Une enqu\u00eate a \u00e9t\u00e9 ouverte afin d\u2019\u00e9claircir les circonstances de cette agression.<\/p>\n<p>L\u2019homme est l\u00e9g\u00e8rement bless\u00e9<\/p>\n<p class=\" wall-content\">L\u2019homme a \u00e9t\u00e9 pris en charge par les secours aux alentours de 19h30, ce dimanche, rue de la Paderne.<\/p>\n<p>    <a href=\"https:\/\/www.google.com\/maps\/embed?pb=!1m18!1m12!1m3!1d2889.999288322459!2d1.3289434128547628!3d43.585731156669596!2m3!1f0!2f0!3f0!3m2!1i1024!2i768!4f13.1!3m3!1m2!1s0x12aeb0fc136e62a7%3A0x2e10733073282c2e!2sRue%20de%20la%20Paderne%2C%2031170%20Tournefeuille!5e0!3m2!1sfr!2sfr!4v1766990879707!5m2!1sfr!2sfr\" title=\"Ouvrie le lien\" target=\"_blank\" rel=\"noopener\">Cliquez ici pour visualiser le contenu<\/a><\/p>\n<p class=\" wall-content\"><strong>L\u00e9g\u00e8rement bless\u00e9<\/strong>, il a \u00e9t\u00e9 \u00ab\u00a0\u00e9vacu\u00e9 vers le centre hospitalier du secteur\u00a0\u00bb, indique le Service d\u00e9partemental d\u2019incendie et de secours (SDIS) de la Haute-Garonne.<\/p>\n<p class=\" wall-content\">Quatre pompiers accompagn\u00e9s d\u2019une infirmi\u00e8re et deux v\u00e9hicules de secours ont \u00e9t\u00e9 mobilis\u00e9s sur place.<\/p>\n<p class=\" wall-content\">Plus d\u2019informations \u00e0 venir\u2026<\/p>\n<p class=\" wall-content\">Personnalisez votre actualit\u00e9 en ajoutant vos villes et m\u00e9dias en favori avec <a href=\"https:\/\/moncompte.actu.fr\" title=\"D\u00e9couvez Mon Actu\" rel=\"nofollow noopener\" data-trk=\"{&quot;cta&quot;:{&quot;action&quot;:&quot;https:\\\/\\\/moncompte.actu.fr&quot;,&quot;category&quot;:&quot;mon compte&quot;,&quot;from&quot;:&quot;article footer&quot;,&quot;name&quot;:&quot;Mon actu&quot;,&quot;type&quot;:&quot;cta&quot;}}\" target=\"_blank\">Mon Actu<\/a>.<\/p>\n","protected":false},"excerpt":{"rendered":"Par Marie Lamarque Publi\u00e9 le 29 d\u00e9c. 2025 \u00e0 7h56 Un homme de 58 ans a \u00e9t\u00e9 bless\u00e9&hellip;\n","protected":false},"author":2,"featured_media":627087,"comment_status":"","ping_status":"","sticky":false,"template":"","format":"standard","meta":{"footnotes":""},"categories":[2816],"tags":[1111,11,1777,674,118,1011,27,12,2680,1072,25,2312],"class_list":{"0":"post-627086","1":"post","2":"type-post","3":"status-publish","4":"format-standard","5":"has-post-thumbnail","7":"category-toulouse","8":"tag-actu","9":"tag-actualites","10":"tag-eu","11":"tag-europe","12":"tag-faits-divers","13":"tag-fr","14":"tag-france","15":"tag-news","16":"tag-occitanie","17":"tag-police","18":"tag-republique-francaise","19":"tag-toulouse"},"share_on_mastodon":{"url":"https:\/\/pubeurope.com\/@fr\/115801746725881647","error":""},"_links":{"self":[{"href":"https:\/\/www.europesays.com\/fr\/wp-json\/wp\/v2\/posts\/627086","targetHints":{"allow":["GET"]}}],"collection":[{"href":"https:\/\/www.europesays.com\/fr\/wp-json\/wp\/v2\/posts"}],"about":[{"href":"https:\/\/www.europesays.com\/fr\/wp-json\/wp\/v2\/types\/post"}],"author":[{"embeddable":true,"href":"https:\/\/www.europesays.com\/fr\/wp-json\/wp\/v2\/users\/2"}],"replies":[{"embeddable":true,"href":"https:\/\/www.europesays.com\/fr\/wp-json\/wp\/v2\/comments?post=627086"}],"version-history":[{"count":0,"href":"https:\/\/www.europesays.com\/fr\/wp-json\/wp\/v2\/posts\/627086\/revisions"}],"wp:featuredmedia":[{"embeddable":true,"href":"https:\/\/www.europesays.com\/fr\/wp-json\/wp\/v2\/media\/627087"}],"wp:attachment":[{"href":"https:\/\/www.europesays.com\/fr\/wp-json\/wp\/v2\/media?parent=627086"}],"wp:term":[{"taxonomy":"category","embeddable":true,"href":"https:\/\/www.europesays.com\/fr\/wp-json\/wp\/v2\/categories?post=627086"},{"taxonomy":"post_tag","embeddable":true,"href":"https:\/\/www.europesays.com\/fr\/wp-json\/wp\/v2\/tags?post=627086"}],"curies":[{"name":"wp","href":"https:\/\/api.w.org\/{rel}","templated":true}]}}