{"id":627088,"date":"2025-12-29T07:46:10","date_gmt":"2025-12-29T07:46:10","guid":{"rendered":"https:\/\/www.europesays.com\/fr\/627088\/"},"modified":"2025-12-29T07:46:10","modified_gmt":"2025-12-29T07:46:10","slug":"percutes-par-une-voiture-en-pleine-nuit-deux-pietons-gravement-blesses","status":"publish","type":"post","link":"https:\/\/www.europesays.com\/fr\/627088\/","title":{"rendered":"percut\u00e9s par une voiture en pleine nuit, deux pi\u00e9tons gravement bless\u00e9s"},"content":{"rendered":"<p>                    Par<br \/>\n        <strong><br \/>\n            <a href=\"https:\/\/actu.fr\/auteur\/marie-lamarque\" title=\"Consulter tous les articles de Marie Lamarque\" target=\"_blank\" rel=\"noopener\">Marie Lamarque<\/a><br \/>\n                    <\/strong><\/p>\n<p>        Publi\u00e9 le<\/p>\n<p>            29 d\u00e9c. 2025 \u00e0 8h31        <\/p>\n<p>Un<strong> violent accident<\/strong> est survenu tout pr\u00e8s de la N124, cette p\u00e9n\u00e9trante qui permet de rejoindre la rocade arc-en-ciel <a href=\"https:\/\/actu.fr\/toulouse\/\" target=\"_blank\" rel=\"noopener\">\u00e0 Toulouse<\/a>, dans la nuit du dimanche 28 au lundi 29 d\u00e9cembre 2025. Le choc est survenu au niveau du rond-point du Page, \u00e0 Colomiers.<\/p>\n<p>Deux femmes gravement bless\u00e9es<\/p>\n<p class=\" wall-content\"><strong>Deux pi\u00e9tons ont \u00e9t\u00e9 violemment percut\u00e9s<\/strong> par une voiture en pleine nuit. Les secours se sont rendus sur les lieux peu apr\u00e8s minuit.<\/p>\n<p>    <a href=\"https:\/\/www.google.com\/maps\/embed?pb=!1m18!1m12!1m3!1d5778.116384670729!2d1.3446802128553055!3d43.6053299554035!2m3!1f0!2f0!3f0!3m2!1i1024!2i768!4f13.1!3m3!1m2!1s0x12aeb069f97c1d91%3A0x76973a8899d3462f!2sRdpt%20du%20Page%2C%2031770%20Colomiers!5e0!3m2!1sfr!2sfr!4v1766992996619!5m2!1sfr!2sfr\" title=\"Ouvrie le lien\" target=\"_blank\" rel=\"noopener\">Cliquez ici pour visualiser le contenu<\/a><\/p>\n<p class=\" wall-content\"><strong>Deux femmes, \u00e2g\u00e9es de 30 et 45 ans, ont \u00e9t\u00e9 gravement bless\u00e9es<\/strong>. Elles ont \u00e9t\u00e9 transport\u00e9es vers \u00ab\u00a0le centre hospitalier du secteur\u00a0\u00bb, indique le Service d\u00e9partemental d\u2019incendie et de secours (SDIS) de la Haute-Garonne.<\/p>\n<p class=\" wall-content\">Deux \u00e9quipes du SMUR ont \u00e9t\u00e9 mobilis\u00e9es sur les lieux de l\u2019accident. 13 pompiers et cinq engins de secours \u00e9taient \u00e9galement en intervention.<\/p>\n<p class=\" wall-content\">Personnalisez votre actualit\u00e9 en ajoutant vos villes et m\u00e9dias en favori avec <a href=\"https:\/\/moncompte.actu.fr\" title=\"D\u00e9couvez Mon Actu\" rel=\"nofollow noopener\" data-trk=\"{&quot;cta&quot;:{&quot;action&quot;:&quot;https:\\\/\\\/moncompte.actu.fr&quot;,&quot;category&quot;:&quot;mon compte&quot;,&quot;from&quot;:&quot;article footer&quot;,&quot;name&quot;:&quot;Mon actu&quot;,&quot;type&quot;:&quot;cta&quot;}}\" target=\"_blank\">Mon Actu<\/a>.<\/p>\n","protected":false},"excerpt":{"rendered":"Par Marie Lamarque Publi\u00e9 le 29 d\u00e9c. 2025 \u00e0 8h31 Un violent accident est survenu tout pr\u00e8s de&hellip;\n","protected":false},"author":2,"featured_media":627089,"comment_status":"","ping_status":"","sticky":false,"template":"","format":"standard","meta":{"footnotes":""},"categories":[2816],"tags":[119,1111,11,1777,674,118,1011,27,12,2680,1072,25,2312],"class_list":{"0":"post-627088","1":"post","2":"type-post","3":"status-publish","4":"format-standard","5":"has-post-thumbnail","7":"category-toulouse","8":"tag-accident","9":"tag-actu","10":"tag-actualites","11":"tag-eu","12":"tag-europe","13":"tag-faits-divers","14":"tag-fr","15":"tag-france","16":"tag-news","17":"tag-occitanie","18":"tag-police","19":"tag-republique-francaise","20":"tag-toulouse"},"share_on_mastodon":{"url":"https:\/\/pubeurope.com\/@fr\/115801750634800798","error":""},"_links":{"self":[{"href":"https:\/\/www.europesays.com\/fr\/wp-json\/wp\/v2\/posts\/627088","targetHints":{"allow":["GET"]}}],"collection":[{"href":"https:\/\/www.europesays.com\/fr\/wp-json\/wp\/v2\/posts"}],"about":[{"href":"https:\/\/www.europesays.com\/fr\/wp-json\/wp\/v2\/types\/post"}],"author":[{"embeddable":true,"href":"https:\/\/www.europesays.com\/fr\/wp-json\/wp\/v2\/users\/2"}],"replies":[{"embeddable":true,"href":"https:\/\/www.europesays.com\/fr\/wp-json\/wp\/v2\/comments?post=627088"}],"version-history":[{"count":0,"href":"https:\/\/www.europesays.com\/fr\/wp-json\/wp\/v2\/posts\/627088\/revisions"}],"wp:featuredmedia":[{"embeddable":true,"href":"https:\/\/www.europesays.com\/fr\/wp-json\/wp\/v2\/media\/627089"}],"wp:attachment":[{"href":"https:\/\/www.europesays.com\/fr\/wp-json\/wp\/v2\/media?parent=627088"}],"wp:term":[{"taxonomy":"category","embeddable":true,"href":"https:\/\/www.europesays.com\/fr\/wp-json\/wp\/v2\/categories?post=627088"},{"taxonomy":"post_tag","embeddable":true,"href":"https:\/\/www.europesays.com\/fr\/wp-json\/wp\/v2\/tags?post=627088"}],"curies":[{"name":"wp","href":"https:\/\/api.w.org\/{rel}","templated":true}]}}