{"id":627090,"date":"2025-12-29T07:47:10","date_gmt":"2025-12-29T07:47:10","guid":{"rendered":"https:\/\/www.europesays.com\/fr\/627090\/"},"modified":"2025-12-29T07:47:10","modified_gmt":"2025-12-29T07:47:10","slug":"sante-lhopital-de-roubaix-a-realise-sa-premiere-intervention-de-prothese-de-genou-assistee-par-robot","status":"publish","type":"post","link":"https:\/\/www.europesays.com\/fr\/627090\/","title":{"rendered":"Sant\u00e9. L&rsquo;h\u00f4pital de Roubaix a r\u00e9alis\u00e9 sa premi\u00e8re intervention de proth\u00e8se de genou assist\u00e9e par robot"},"content":{"rendered":"<p>                    Par<br \/>\n        <strong><br \/>\n            <a href=\"https:\/\/actu.fr\/auteur\/nicolas-demollien\" title=\"Consulter tous les articles de Nicolas Demollien\" target=\"_blank\" rel=\"noopener\">Nicolas Demollien<\/a><br \/>\n                    <\/strong><\/p>\n<p>        Publi\u00e9 le<\/p>\n<p>            29 d\u00e9c. 2025 \u00e0 7h53        <\/p>\n<p>Fin 2025, une <b>grande premi\u00e8re<\/b> a eu lieu pour l\u2019<b>\u00e9quipe de chirurgie<\/b> orthop\u00e9dique \u2013 traumatologique du <b>centre hospitalier<\/b> de <a href=\"https:\/\/actu.fr\/hauts-de-france\/roubaix_59512\" target=\"_blank\" rel=\"noopener\">Roubaix<\/a> (Nord) avec la r\u00e9alisation de leur <b>premi\u00e8re intervention de proth\u00e8se totale de genou<\/b> (PTG) assist\u00e9e par robot. Une <b>avanc\u00e9e technologique consid\u00e9rable<\/b> \u00ab\u00a0au service des patients\u00a0\u00bb selon la structure, \u00ab\u00a0dans un contexte o\u00f9 plus de 70 000 PTG sont r\u00e9alis\u00e9es chaque ann\u00e9e en France\u00a0\u00bb, un chiffre en constante augmentation.<\/p>\n<p>Premi\u00e8re intervention de proth\u00e8se de genou assist\u00e9e par robot \u00e0 Roubaix<\/p>\n<p class=\" wall-content\">Mais \u00e0 quoi sert exactement ce robot ? \u00ab\u00a0Le syst\u00e8me d\u2019assistance robotique <b>guide les chirurgiens dans la pose<\/b>\u00ab\u00a0, r\u00e9pond le centre hospitalier. S\u2019il repr\u00e9sente un tournant technologique, c\u2019est que son utilisation offre de <b>nombreux avantages<\/b> qu\u2019\u00e9num\u00e8re l\u2019h\u00f4pital dans une communiqu\u00e9 :<\/p>\n<ul class=\" wall-content\">\n<li>une excellente pr\u00e9cision du geste chirurgical, permettant d\u2019optimiser l\u2019alignement du genou sans n\u00e9cessit\u00e9 d\u2019imagerie pr\u00e9op\u00e9ratoire ;<\/li>\n<li>l\u2019\u00e9laboration d\u2019algorithmes de reconstruction du genou personnalis\u00e9s et l\u2019int\u00e9gration des donn\u00e9es en temps r\u00e9el pour un ajustement plus fin de la proth\u00e8se ;<\/li>\n<li>une meilleure ma\u00eetrise des cas complexes gr\u00e2ce \u00e0 une proc\u00e9dure facilit\u00e9e et plus fiable ;<\/li>\n<li>une chirurgie moins invasive facilitant les suites op\u00e9ratoires pour les patients ;<\/li>\n<li>un temps d\u2019intervention r\u00e9duit.<\/li>\n<\/ul>\n<p data-end=\"1583\" class=\" wall-content\">Et de pr\u00e9ciser : \u00ab\u00a0Bien que le robot apporte une plus grande technicit\u00e9, les <b>\u00e9quipes chirurgicales restent au centre des d\u00e9cisions<\/b> op\u00e9ratoires et conservent la ma\u00eetrise du geste\u00a0\u00bb. L\u2019intervention mobilise d\u2019ailleurs une \u00e9quipe pluridisciplinaire exp\u00e9riment\u00e9e.<\/p>\n<p data-end=\"1829\" class=\" wall-content\">Port\u00e9 par l\u2019\u00e9quipe des chirurgiens orthop\u00e9diques \u2013 traumatologiques et celle des blocs op\u00e9ratoires, ce projet s\u2019inscrit \u00ab\u00a0dans une <b>volont\u00e9 d\u2019am\u00e9liorer les techniques op\u00e9ratoires<\/b> et d\u2019<b>offrir des soins et des expertises de haute qualit\u00e9<\/b> aux patients\u00a0\u00bb, assure encore l\u2019h\u00f4pital.<\/p>\n<p data-end=\"2121\" class=\" wall-content\">La chirurgie assist\u00e9e par robot permet ainsi de renforcer son attractivit\u00e9 en d\u00e9veloppant des chirurgies de pointe et de s\u2019int\u00e9grer dans une dynamique r\u00e9gionale aux c\u00f4t\u00e9s des \u00e9tablissements \u00e9quip\u00e9s de cette technologie.<\/p>\n<p data-end=\"2121\" class=\" wall-content\">Plus d\u2019informations sur l\u2019h\u00f4pital sur le site <a href=\"https:\/\/www.ch-roubaix.fr\/\" target=\"_blank\" rel=\"noopener\">ch-roubaix.fr<\/a><\/p>\n<p class=\" wall-content\">Personnalisez votre actualit\u00e9 en ajoutant vos villes et m\u00e9dias en favori avec <a href=\"https:\/\/moncompte.actu.fr\" title=\"D\u00e9couvez Mon Actu\" rel=\"nofollow noopener\" data-trk=\"{&quot;cta&quot;:{&quot;action&quot;:&quot;https:\\\/\\\/moncompte.actu.fr&quot;,&quot;category&quot;:&quot;mon compte&quot;,&quot;from&quot;:&quot;article footer&quot;,&quot;name&quot;:&quot;Mon actu&quot;,&quot;type&quot;:&quot;cta&quot;}}\" target=\"_blank\">Mon Actu<\/a>.<\/p>\n","protected":false},"excerpt":{"rendered":"Par Nicolas Demollien Publi\u00e9 le 29 d\u00e9c. 2025 \u00e0 7h53 Fin 2025, une grande premi\u00e8re a eu lieu&hellip;\n","protected":false},"author":2,"featured_media":627091,"comment_status":"","ping_status":"","sticky":false,"template":"","format":"standard","meta":{"footnotes":""},"categories":[2815],"tags":[1111,11,1777,674,1011,27,811,1307,12,25,71,104],"class_list":{"0":"post-627090","1":"post","2":"type-post","3":"status-publish","4":"format-standard","5":"has-post-thumbnail","7":"category-lille","8":"tag-actu","9":"tag-actualites","10":"tag-eu","11":"tag-europe","12":"tag-fr","13":"tag-france","14":"tag-hauts-de-france","15":"tag-lille","16":"tag-news","17":"tag-republique-francaise","18":"tag-sante","19":"tag-societe"},"share_on_mastodon":{"url":"https:\/\/pubeurope.com\/@fr\/115801754487000612","error":""},"_links":{"self":[{"href":"https:\/\/www.europesays.com\/fr\/wp-json\/wp\/v2\/posts\/627090","targetHints":{"allow":["GET"]}}],"collection":[{"href":"https:\/\/www.europesays.com\/fr\/wp-json\/wp\/v2\/posts"}],"about":[{"href":"https:\/\/www.europesays.com\/fr\/wp-json\/wp\/v2\/types\/post"}],"author":[{"embeddable":true,"href":"https:\/\/www.europesays.com\/fr\/wp-json\/wp\/v2\/users\/2"}],"replies":[{"embeddable":true,"href":"https:\/\/www.europesays.com\/fr\/wp-json\/wp\/v2\/comments?post=627090"}],"version-history":[{"count":0,"href":"https:\/\/www.europesays.com\/fr\/wp-json\/wp\/v2\/posts\/627090\/revisions"}],"wp:featuredmedia":[{"embeddable":true,"href":"https:\/\/www.europesays.com\/fr\/wp-json\/wp\/v2\/media\/627091"}],"wp:attachment":[{"href":"https:\/\/www.europesays.com\/fr\/wp-json\/wp\/v2\/media?parent=627090"}],"wp:term":[{"taxonomy":"category","embeddable":true,"href":"https:\/\/www.europesays.com\/fr\/wp-json\/wp\/v2\/categories?post=627090"},{"taxonomy":"post_tag","embeddable":true,"href":"https:\/\/www.europesays.com\/fr\/wp-json\/wp\/v2\/tags?post=627090"}],"curies":[{"name":"wp","href":"https:\/\/api.w.org\/{rel}","templated":true}]}}