{"id":627096,"date":"2025-12-29T07:50:16","date_gmt":"2025-12-29T07:50:16","guid":{"rendered":"https:\/\/www.europesays.com\/fr\/627096\/"},"modified":"2025-12-29T07:50:16","modified_gmt":"2025-12-29T07:50:16","slug":"une-offre-a-25me-bouleverse-marseille","status":"publish","type":"post","link":"https:\/\/www.europesays.com\/fr\/627096\/","title":{"rendered":"Une offre \u00e0 25ME bouleverse Marseille"},"content":{"rendered":"<p><b>L&rsquo;OM risque de se faire attaquer pour Amine Gouiri, pour qui l&rsquo;entraineur de Galatasaray a compl\u00e8tement craqu\u00e9. Des \u00e9l\u00e9ments ext\u00e9rieurs peuvent encore tout changer, mais l&rsquo;int\u00e9r\u00eat turc est r\u00e9el. <\/b><\/p>\n<p>Absent pendant quasiment toute la premi\u00e8re partie de saison, Amine Gouiri est quasiment une nouvelle fois attendu comme une recrue hivernale \u00e0 partir du mois de f\u00e9vrier. L\u2019attaquant alg\u00e9rien se remet de sa blessure \u00e0 l\u2019\u00e9paule et devrait reprendre l\u2019entrainement dans le courant du mois de janvier. Mais rejouera-t-il avec le maillot de <a href=\"https:\/\/www.foot01.com\/marseille\" target=\"_self\" rel=\"noopener\">l\u2019OM<\/a> sur le dos ? <a href=\"https:\/\/www.foot01.com\/marseille\/om-gouiri-sur-le-depart-longoria-accepte\" target=\"_self\" rel=\"noopener\">Les bruits d\u2019un transfert express \u00e0 Galatasaray <\/a>ont parcouru la Canebi\u00e8re ce dimanche. Galatasaray s\u2019int\u00e9resse \u00e0 lui en vue d\u2019un recrutement d\u00e8s le mois de janvier.Galatasaray utilise Gouiri<\/p>\n<p>La presse turque d\u00e9voile les d\u00e9tails de cet int\u00e9r\u00eat qui a, au d\u00e9part, de quoi surprendre. Mais l\u2019explication tombe assez rapidement. Selon Fanatik, le club d\u2019Istanbul n\u00e9gocie actuellement avec Mauro Icardi afin de prolonger son contrat, qui se terminera au mois de juin. L\u2019attaquant argentin donne satisfaction avec ses buts marqu\u00e9s, mais est aussi r\u00e9guli\u00e8rement bless\u00e9. Galatasaray lui propose un nouveau contrat de deux ans, mais avec un salaire en baisse, de 10 ME par an, \u00e0 6 ME par an. Forc\u00e9ment, cela peine \u00e0 passer pour l\u2019ancien joueur du PSG.<\/p>\n<p>La formation d\u2019Istanbul a donc pris les devants en faisant bien comprendre qu\u2019elle \u00e9tait capable de s\u2019offrir un autre attaquant pour le remplacer rapidement. L\u2019id\u00e9e de proposer 25 ME pour l\u2019international alg\u00e9rien reste pour le moment tr\u00e8s hypoth\u00e9tique. Cette somme aurait tout de m\u00eame de quoi faire r\u00e9fl\u00e9chir l\u2019OM, qui l\u2019a achet\u00e9 il y a un an de cela pour 19 ME en provenance de Rennes.<\/p>\n<p>Mais \u00e0 Marseille, on estime que l\u2019occasion de vendre Amine Gouiri serait belle, surtout un joueur qui n\u2019a pas forc\u00e9ment une place \u00e9vidente dans le nouveau syst\u00e8me offensif mis en place par Roberto De Zerbi. Pour le moment, la question ne se pose pas, mais le profil d\u2019Amine Gouiri a bien s\u00e9duit Okan Buruk, l\u2019entraineur de Galatasaray, qui adore la polyvalence et le sens du but de l\u2019ancien Lyonnais. De quoi provoquer une offre de premier plan courant janvier, et faire h\u00e9siter l\u2019OM ?<\/p>\n","protected":false},"excerpt":{"rendered":"L&rsquo;OM risque de se faire attaquer pour Amine Gouiri, pour qui l&rsquo;entraineur de Galatasaray a compl\u00e8tement craqu\u00e9. Des&hellip;\n","protected":false},"author":2,"featured_media":627097,"comment_status":"","ping_status":"","sticky":false,"template":"","format":"standard","meta":{"footnotes":""},"categories":[2814],"tags":[1111,11,8936,1777,674,1011,27,884,1434,12,149,882,25],"class_list":{"0":"post-627096","1":"post","2":"type-post","3":"status-publish","4":"format-standard","5":"has-post-thumbnail","7":"category-marseille","8":"tag-actu","9":"tag-actualites","10":"tag-breaking-news","11":"tag-eu","12":"tag-europe","13":"tag-fr","14":"tag-france","15":"tag-marseille","16":"tag-mercato","17":"tag-news","18":"tag-om","19":"tag-provence-alpes-cote-dazur","20":"tag-republique-francaise"},"share_on_mastodon":{"url":"https:\/\/pubeurope.com\/@fr\/115801766285578515","error":""},"_links":{"self":[{"href":"https:\/\/www.europesays.com\/fr\/wp-json\/wp\/v2\/posts\/627096","targetHints":{"allow":["GET"]}}],"collection":[{"href":"https:\/\/www.europesays.com\/fr\/wp-json\/wp\/v2\/posts"}],"about":[{"href":"https:\/\/www.europesays.com\/fr\/wp-json\/wp\/v2\/types\/post"}],"author":[{"embeddable":true,"href":"https:\/\/www.europesays.com\/fr\/wp-json\/wp\/v2\/users\/2"}],"replies":[{"embeddable":true,"href":"https:\/\/www.europesays.com\/fr\/wp-json\/wp\/v2\/comments?post=627096"}],"version-history":[{"count":0,"href":"https:\/\/www.europesays.com\/fr\/wp-json\/wp\/v2\/posts\/627096\/revisions"}],"wp:featuredmedia":[{"embeddable":true,"href":"https:\/\/www.europesays.com\/fr\/wp-json\/wp\/v2\/media\/627097"}],"wp:attachment":[{"href":"https:\/\/www.europesays.com\/fr\/wp-json\/wp\/v2\/media?parent=627096"}],"wp:term":[{"taxonomy":"category","embeddable":true,"href":"https:\/\/www.europesays.com\/fr\/wp-json\/wp\/v2\/categories?post=627096"},{"taxonomy":"post_tag","embeddable":true,"href":"https:\/\/www.europesays.com\/fr\/wp-json\/wp\/v2\/tags?post=627096"}],"curies":[{"name":"wp","href":"https:\/\/api.w.org\/{rel}","templated":true}]}}