{"id":627098,"date":"2025-12-29T07:51:10","date_gmt":"2025-12-29T07:51:10","guid":{"rendered":"https:\/\/www.europesays.com\/fr\/627098\/"},"modified":"2025-12-29T07:51:10","modified_gmt":"2025-12-29T07:51:10","slug":"un-homme-tue-par-balle-a-proximite-dun-point-de-deal-a-vaulx-en-velin","status":"publish","type":"post","link":"https:\/\/www.europesays.com\/fr\/627098\/","title":{"rendered":"un homme tu\u00e9 par balle \u00e0 proximit\u00e9 d\u2019un point de deal \u00e0 Vaulx-en-Velin"},"content":{"rendered":"<p itemprop=\"description\"><strong>Nouvelle sc\u00e8ne de violence ce dimanche soir dans l\u2019agglom\u00e9ration lyonnaise.<\/strong><\/p>\n<p>Les faits se sont d\u00e9roul\u00e9s \u00e0 Vaulx-en-Velin dans le quartier du Mas du Taureau. Des coups de feu ont \u00e9t\u00e9 tir\u00e9s apr\u00e8s 23 heures au niveau de la rue des Vergers pr\u00e8s d\u2019un point de deal. Selon le Progr\u00e8s, un homme est d\u00e9c\u00e9d\u00e9 apr\u00e8s avoir \u00e9t\u00e9 bless\u00e9 par balle.\u00a0<\/p>\n<p>Une enqu\u00eate a \u00e9t\u00e9 ouverte afin de faire toute la lumi\u00e8re sur cette nouvelle sc\u00e8ne de violence qui vient compl\u00e9ter une longue s\u00e9rie de faits divers \u00e0 Vaulx-en-Velin.\u00a0<\/p>\n","protected":false},"excerpt":{"rendered":"Nouvelle sc\u00e8ne de violence ce dimanche soir dans l\u2019agglom\u00e9ration lyonnaise. Les faits se sont d\u00e9roul\u00e9s \u00e0 Vaulx-en-Velin dans&hellip;\n","protected":false},"author":2,"featured_media":627099,"comment_status":"","ping_status":"","sticky":false,"template":"","format":"standard","meta":{"footnotes":""},"categories":[1889],"tags":[1111,11,2813,2190,2430,1109,251,1112,2811,1777,674,118,1011,27,1922,1110,1114,2428,2810,12,241,316,25,2812,517,800],"class_list":{"0":"post-627098","1":"post","2":"type-post","3":"status-publish","4":"format-standard","5":"has-post-thumbnail","7":"category-lyon","8":"tag-actu","9":"tag-actualites","10":"tag-article","11":"tag-asvel","12":"tag-auvergne-rhone-alpes","13":"tag-breves","14":"tag-culture","15":"tag-depeches","16":"tag-economique","17":"tag-eu","18":"tag-europe","19":"tag-faits-divers","20":"tag-fr","21":"tag-france","22":"tag-info","23":"tag-informations","24":"tag-infos","25":"tag-lyon","26":"tag-lyonmag","27":"tag-news","28":"tag-ol","29":"tag-politique","30":"tag-republique-francaise","31":"tag-sociale","32":"tag-sport","33":"tag-transports"},"share_on_mastodon":{"url":"https:\/\/pubeurope.com\/@fr\/115801770479622900","error":""},"_links":{"self":[{"href":"https:\/\/www.europesays.com\/fr\/wp-json\/wp\/v2\/posts\/627098","targetHints":{"allow":["GET"]}}],"collection":[{"href":"https:\/\/www.europesays.com\/fr\/wp-json\/wp\/v2\/posts"}],"about":[{"href":"https:\/\/www.europesays.com\/fr\/wp-json\/wp\/v2\/types\/post"}],"author":[{"embeddable":true,"href":"https:\/\/www.europesays.com\/fr\/wp-json\/wp\/v2\/users\/2"}],"replies":[{"embeddable":true,"href":"https:\/\/www.europesays.com\/fr\/wp-json\/wp\/v2\/comments?post=627098"}],"version-history":[{"count":0,"href":"https:\/\/www.europesays.com\/fr\/wp-json\/wp\/v2\/posts\/627098\/revisions"}],"wp:featuredmedia":[{"embeddable":true,"href":"https:\/\/www.europesays.com\/fr\/wp-json\/wp\/v2\/media\/627099"}],"wp:attachment":[{"href":"https:\/\/www.europesays.com\/fr\/wp-json\/wp\/v2\/media?parent=627098"}],"wp:term":[{"taxonomy":"category","embeddable":true,"href":"https:\/\/www.europesays.com\/fr\/wp-json\/wp\/v2\/categories?post=627098"},{"taxonomy":"post_tag","embeddable":true,"href":"https:\/\/www.europesays.com\/fr\/wp-json\/wp\/v2\/tags?post=627098"}],"curies":[{"name":"wp","href":"https:\/\/api.w.org\/{rel}","templated":true}]}}