{"id":627104,"date":"2025-12-29T07:55:12","date_gmt":"2025-12-29T07:55:12","guid":{"rendered":"https:\/\/www.europesays.com\/fr\/627104\/"},"modified":"2025-12-29T07:55:12","modified_gmt":"2025-12-29T07:55:12","slug":"la-numero-2-du-ministere-de-linterieur-explique-sur-rtl-quil-etait-difficile-de-dire-que-le-suspect-avait-ete-naturalise-en-2018","status":"publish","type":"post","link":"https:\/\/www.europesays.com\/fr\/627104\/","title":{"rendered":"la num\u00e9ro 2 du minist\u00e8re de l&rsquo;Int\u00e9rieur explique sur RTL qu&rsquo;il \u00e9tait \u00ab\u00a0difficile de dire\u00a0\u00bb que le suspect avait \u00e9t\u00e9 naturalis\u00e9 en 2018"},"content":{"rendered":"<p class=\"article-p mdl\">Il n&rsquo;avait jamais mentionn\u00e9 sa nationalit\u00e9 fran\u00e7aise lors de sa garde \u00e0 vue. L&rsquo;agresseur pr\u00e9sum\u00e9 de trois femmes dans le m\u00e9tro parisien, vendredi 26 d\u00e9cembre, a \u00e9t\u00e9\u00a0<a class=\"link\" href=\"https:\/\/www.rtl.fr\/actu\/justice-faits-divers\/info-rtl-attaque-au-couteau-a-paris-le-suspect-a-ete-naturalise-francais-en-2018-7900583033\" target=\"_blank\" rel=\"noopener\">naturalis\u00e9 fran\u00e7ais en 2018<\/a>, selon les informations de RTL. \u00ab\u00a0Nous sommes en cours de v\u00e9rification et je nous invite \u00e0 la plus grande prudence\u00a0\u00bb, a r\u00e9agi Marie-Pierre Vedrenne, ministre d\u00e9l\u00e9gu\u00e9e aupr\u00e8s du ministre de l&rsquo;Int\u00e9rieur, invit\u00e9e de RTL ce lundi 29 d\u00e9cembre.<\/p>\n<p class=\"article-p mdl\">Le\u00a0<a class=\"link\" href=\"https:\/\/www.rtl.fr\/actu\/justice-faits-divers\/trois-blessees-le-profil-du-suspect-ce-que-l-on-sait-de-l-attaque-a-l-arme-blanche-sur-la-ligne-3-du-metro-parisien-7900582729\" target=\"_blank\" rel=\"noopener\">suspect<\/a>, \u00e2g\u00e9 de 25 ans, n\u00e9 au Mali, est plac\u00e9 sous OQTF. Des documents d&rsquo;identit\u00e9 fran\u00e7ais ont \u00e9t\u00e9 d\u00e9couverts chez lui lors d&rsquo;une perquisition. \u00ab\u00a0Les v\u00e9rifications ont eu lieu tout au long de l&rsquo;enqu\u00eate (&#8230;) La difficult\u00e9 est que, jusqu&rsquo;\u00e0 alors, cette personne n&rsquo;avait pas de document. Il \u00e9tait difficile pour nous de dire qu&rsquo;il \u00e9tait possiblement de nationalit\u00e9 fran\u00e7aise\u00a0\u00bb, explique-t-elle.\u00a0<\/p>\n<p class=\"article-p mdl\">Et de marteler : \u00ab\u00a0Il faut \u00eatre prudent. Les v\u00e9rifications sont encore en cours.\u00a0\u00bb<\/p>\n<p>            Plac\u00e9 en centre de r\u00e9tention administrative<\/p>\n<p class=\"article-p mdl\">Le suspect, d\u00e9j\u00e0 connu de la justice, pour des faits de vol aggrav\u00e9 et agression sexuelle, faisait l&rsquo;objet d&rsquo;une obligation de quitter le territoire fran\u00e7ais depuis cet \u00e9t\u00e9. Il a \u00e9t\u00e9 plac\u00e9 en centre de r\u00e9tention administrative, mais \u00ab\u00a0l&rsquo;\u00e9loignement n&rsquo;ayant pu aboutir dans le d\u00e9lai l\u00e9gal des 90 jours, faute d&rsquo;obtention d&rsquo;un laisser-passer consulaire en l&rsquo;absence de titre d&rsquo;identit\u00e9 valide, il a \u00e9t\u00e9 lib\u00e9r\u00e9 avec assignation \u00e0 r\u00e9sidence\u00a0\u00bb, a expliqu\u00e9 Beauvau vendredi soir, pr\u00e9cisant qu&rsquo;il \u00e9tait \u00ab\u00a0sous mandat de recherche\u00a0\u00bb.\u00a0<\/p>\n<p class=\"article-p mdl\">\u00ab\u00a0Il a \u00e9t\u00e9 en centre de r\u00e9tention par le pass\u00e9, il \u00e9tait sous OQTF, connu de nos services comme d&rsquo;origine malienne. Son t\u00e9moignage, jusqu&rsquo;\u00e0 alors, ne disant pas qu&rsquo;il \u00e9tait possiblement de nationalit\u00e9 fran\u00e7aise. C&rsquo;est pour \u00e7a que toutes les v\u00e9rifications sont en cours pour faire \u00e9tat de la lumi\u00e8re sur sa nationalit\u00e9\u00a0\u00bb, r\u00e9sume Marie-Pierre Vedrenne.\u00a0<\/p>\n<p class=\"article-p mdl\">Trois femmes ont \u00e9t\u00e9 agress\u00e9es au couteau sur la ligne 3 du m\u00e9tro parisien vendredi 26 d\u00e9cembre. Apr\u00e8s la s\u00e9rie d&rsquo;agressions, l&rsquo;homme a pris la fuite avant d&rsquo;\u00eatre interpell\u00e9 \u00e0 Sarcelles, dans le Val-d&rsquo;Oise. Sa garde \u00e0 vue a \u00e9t\u00e9 lev\u00e9e samedi soir pour raison psychiatrique quand un m\u00e9decin, apr\u00e8s l&rsquo;avoir examin\u00e9, estime que son \u00e9tat n&rsquo;est pas compatible avec cette mesure.<\/p>\n<p>    La r\u00e9daction vous recommande<\/p>\n<p class=\"s-newsletter__title\">\n                L\u2019actualit\u00e9 par la r\u00e9daction de RTL dans votre bo\u00eete mail.\n            <\/p>\n<p class=\"s-newsletter__subtitle\">\n                Gr\u00e2ce \u00e0 votre compte RTL abonnez-vous \u00e0 la newsletter RTL info pour suivre toute l&rsquo;actualit\u00e9 au quotidien\n            <\/p>\n<p>\n                                    Lire la suite\n                                <\/p>\n","protected":false},"excerpt":{"rendered":"Il n&rsquo;avait jamais mentionn\u00e9 sa nationalit\u00e9 fran\u00e7aise lors de sa garde \u00e0 vue. L&rsquo;agresseur pr\u00e9sum\u00e9 de trois femmes&hellip;\n","protected":false},"author":2,"featured_media":627105,"comment_status":"","ping_status":"","sticky":false,"template":"","format":"standard","meta":{"footnotes":""},"categories":[1888],"tags":[1111,1928,11,1927,1120,1777,674,107,1011,27,7088,12,1926,626,1925,25],"class_list":{"0":"post-627104","1":"post","2":"type-post","3":"status-publish","4":"format-standard","5":"has-post-thumbnail","7":"category-paris","8":"tag-actu","9":"tag-actu-paris","10":"tag-actualites","11":"tag-actualites-paris","12":"tag-agression","13":"tag-eu","14":"tag-europe","15":"tag-fil-info","16":"tag-fr","17":"tag-france","18":"tag-ministre-de-linterieur","19":"tag-news","20":"tag-news-paris","21":"tag-paris","22":"tag-paris-news","23":"tag-republique-francaise"},"share_on_mastodon":{"url":"https:\/\/pubeurope.com\/@fr\/115801785892775713","error":""},"_links":{"self":[{"href":"https:\/\/www.europesays.com\/fr\/wp-json\/wp\/v2\/posts\/627104","targetHints":{"allow":["GET"]}}],"collection":[{"href":"https:\/\/www.europesays.com\/fr\/wp-json\/wp\/v2\/posts"}],"about":[{"href":"https:\/\/www.europesays.com\/fr\/wp-json\/wp\/v2\/types\/post"}],"author":[{"embeddable":true,"href":"https:\/\/www.europesays.com\/fr\/wp-json\/wp\/v2\/users\/2"}],"replies":[{"embeddable":true,"href":"https:\/\/www.europesays.com\/fr\/wp-json\/wp\/v2\/comments?post=627104"}],"version-history":[{"count":0,"href":"https:\/\/www.europesays.com\/fr\/wp-json\/wp\/v2\/posts\/627104\/revisions"}],"wp:featuredmedia":[{"embeddable":true,"href":"https:\/\/www.europesays.com\/fr\/wp-json\/wp\/v2\/media\/627105"}],"wp:attachment":[{"href":"https:\/\/www.europesays.com\/fr\/wp-json\/wp\/v2\/media?parent=627104"}],"wp:term":[{"taxonomy":"category","embeddable":true,"href":"https:\/\/www.europesays.com\/fr\/wp-json\/wp\/v2\/categories?post=627104"},{"taxonomy":"post_tag","embeddable":true,"href":"https:\/\/www.europesays.com\/fr\/wp-json\/wp\/v2\/tags?post=627104"}],"curies":[{"name":"wp","href":"https:\/\/api.w.org\/{rel}","templated":true}]}}