{"id":62711,"date":"2025-04-29T20:59:09","date_gmt":"2025-04-29T20:59:09","guid":{"rendered":"https:\/\/www.europesays.com\/fr\/62711\/"},"modified":"2025-04-29T20:59:09","modified_gmt":"2025-04-29T20:59:09","slug":"pedro-acosta-a-ete-opere-pour-un-arm-pump","status":"publish","type":"post","link":"https:\/\/www.europesays.com\/fr\/62711\/","title":{"rendered":"Pedro Acosta a \u00e9t\u00e9 op\u00e9r\u00e9 pour un arm-pump"},"content":{"rendered":"<p>Apr\u00e8s le GP d&rsquo;Argentine, <a href=\"https:\/\/fr.motorsport.com\/driver\/pedro-acosta\/840236\/\" target=\"_blank\" rel=\"noopener\">Pedro Acosta<\/a> avait \u00e9voqu\u00e9 des douleurs au niveau du bras droit. L&rsquo;Espagnol faisait alors des comparaisons avec un arm-pump tout en affirmant que ce n&rsquo;\u00e9tait pas v\u00e9ritablement le mal dont il souffrait, et en <a href=\"https:\/\/fr.motorsport.com\/motogp\/news\/acosta-ralenti-douleur-bras-argentine\/10704345\/\" target=\"_blank\" rel=\"noopener\">maintenant le myst\u00e8re sur la nature exacte de sa douleur<\/a>.<\/p>\n<p>Ce mardi, dans la foul\u00e9e du GP d&rsquo;Espagne et du test qui s&rsquo;est tenu lundi \u00e0 Jerez, Acosta a cependant bel et bien \u00e9t\u00e9 trait\u00e9 pour un arm-pump.<\/p>\n<p>\u00ab\u00a0Pedro Acosta a \u00e9t\u00e9 op\u00e9r\u00e9 avec succ\u00e8s de son avant-bras droit ce soir, pour traiter un syndrome des loges chronique\u00a0\u00bb, a annonc\u00e9 l&rsquo;\u00e9quipe KTM. \u00ab\u00a0Il va rester en observation pendant 24 heures et son retour est attendu pour le GP de France, sous r\u00e9serve d&rsquo;un examen m\u00e9dical la semaine prochaine.\u00a0\u00bb<\/p>\n<p>Pedro Acosta n&rsquo;est pas le seul pilote touch\u00e9 puisque dimanche, <a href=\"https:\/\/fr.motorsport.com\/driver\/somkiat-chantra\/823104\/\" target=\"_blank\" rel=\"noopener\">Somkiat Chantra<\/a> a d\u00fb abandonner en raison du m\u00eame probl\u00e8me physique. Il a pass\u00e9 des examens lundi matin mais a finalement pu prendre part \u00e0 la fin du test.<\/p>\n<p>L&rsquo;arm-pump est un mal r\u00e9current pour les pilotes moto, souvent en d\u00e9but de saison, quand leur organisme doit se r\u00e9habituer aux forces engendr\u00e9es sur les avant-bras, qui peuvent provoquer une accumulation de sang autour du muscle, au point de t\u00e9taniser le bras et de g\u00e9n\u00e9rer des douleurs. On avait ainsi vu <a href=\"https:\/\/fr.motorsport.com\/driver\/fabio-quartararo\/109400\/\" target=\"_blank\" rel=\"noopener\">Fabio Quartararo<\/a> d\u00e9gringoler dans la hi\u00e9rarchie en raison de ce probl\u00e8me physique alors qu&rsquo;il menait le GP d&rsquo;Espagne en 2021.<\/p>\n<p>L&rsquo;op\u00e9ration consiste \u00e0 sectionner la loge dans laquelle se situe le muscle\u00a0\u2013 d&rsquo;o\u00f9 l&rsquo;appellation de syndrome des loges. La convalescence est en g\u00e9n\u00e9ral rapide, ce qui permet \u00e0 des pilotes de ne manquer aucune course apr\u00e8s \u00eatre pass\u00e9s entre les mains des chirurgiens. Il y a deux ans, une op\u00e9ration plus lourde qu&rsquo;\u00e0 l&rsquo;accoutum\u00e9e avait n\u00e9anmoins pouss\u00e9\u00a0<a href=\"https:\/\/fr.motorsport.com\/driver\/raul-fernandez\/443094\/\" target=\"_blank\" rel=\"noopener\">Ra\u00fal Fern\u00e1ndez<\/a> \u00e0 <a href=\"https:\/\/fr.motorsport.com\/motogp\/news\/raul-fernandez-renonce-gp-france\/10468359\/\" target=\"_blank\" rel=\"noopener\">d\u00e9clarer forfait au GP de France<\/a>.<\/p>\n<p>Le d\u00e9but de saison 2025 a \u00e9t\u00e9 marqu\u00e9 par des blessures nettement plus lourdes pour <a href=\"https:\/\/fr.motorsport.com\/driver\/jorge-martin\/109391\/\" target=\"_blank\" rel=\"noopener\">Jorge Mart\u00edn<\/a>, touch\u00e9 par des fractures \u00e0 deux reprises lors de la pr\u00e9-saison puis bless\u00e9 pour son retour au GP du Qatar. Touch\u00e9 \u00e0 l&rsquo;\u00e9paule gauche apr\u00e8s une chute depuis le GP d&rsquo;Argentine, <a href=\"https:\/\/fr.motorsport.com\/driver\/miguel-oliveira\/109382\/\" target=\"_blank\" rel=\"noopener\">Miguel Oliveira<\/a> est \u00e9galement contraint au repos depuis plus d&rsquo;un mois.<\/p>\n<p>Lire aussi :<\/p>\n<p>Dans cet article<\/p>\n<p>    Vincent Lalanne-Sicaud\n<\/p>\n<p>    MotoGP\n<\/p>\n<p>    Pedro Acosta\n<\/p>\n<p>    Red Bull KTM Factory Racing\n<\/p>\n<p>Soyez le premier inform\u00e9 et souscrivez aux alertes mails pour recevoir les infos en temps r\u00e9el<\/p>\n<p>    S&rsquo;abonner aux alertes de news<\/p>\n","protected":false},"excerpt":{"rendered":"Apr\u00e8s le GP d&rsquo;Argentine, Pedro Acosta avait \u00e9voqu\u00e9 des douleurs au niveau du bras droit. L&rsquo;Espagnol faisait alors&hellip;\n","protected":false},"author":2,"featured_media":62712,"comment_status":"","ping_status":"","sticky":false,"template":"","format":"standard","meta":{"footnotes":""},"categories":[1413],"tags":[1011,27,1457,1456,1458,3070,3068,60],"class_list":{"0":"post-62711","1":"post","2":"type-post","3":"status-publish","4":"format-standard","5":"has-post-thumbnail","7":"category-moto","8":"tag-fr","9":"tag-france","10":"tag-moto","11":"tag-motocycle","12":"tag-motogp","13":"tag-pedro-acosta","14":"tag-red-bull-ktm-factory-racing","15":"tag-sports"},"share_on_mastodon":{"url":"https:\/\/pubeurope.com\/@fr\/114423264918460382","error":""},"_links":{"self":[{"href":"https:\/\/www.europesays.com\/fr\/wp-json\/wp\/v2\/posts\/62711","targetHints":{"allow":["GET"]}}],"collection":[{"href":"https:\/\/www.europesays.com\/fr\/wp-json\/wp\/v2\/posts"}],"about":[{"href":"https:\/\/www.europesays.com\/fr\/wp-json\/wp\/v2\/types\/post"}],"author":[{"embeddable":true,"href":"https:\/\/www.europesays.com\/fr\/wp-json\/wp\/v2\/users\/2"}],"replies":[{"embeddable":true,"href":"https:\/\/www.europesays.com\/fr\/wp-json\/wp\/v2\/comments?post=62711"}],"version-history":[{"count":0,"href":"https:\/\/www.europesays.com\/fr\/wp-json\/wp\/v2\/posts\/62711\/revisions"}],"wp:featuredmedia":[{"embeddable":true,"href":"https:\/\/www.europesays.com\/fr\/wp-json\/wp\/v2\/media\/62712"}],"wp:attachment":[{"href":"https:\/\/www.europesays.com\/fr\/wp-json\/wp\/v2\/media?parent=62711"}],"wp:term":[{"taxonomy":"category","embeddable":true,"href":"https:\/\/www.europesays.com\/fr\/wp-json\/wp\/v2\/categories?post=62711"},{"taxonomy":"post_tag","embeddable":true,"href":"https:\/\/www.europesays.com\/fr\/wp-json\/wp\/v2\/tags?post=62711"}],"curies":[{"name":"wp","href":"https:\/\/api.w.org\/{rel}","templated":true}]}}