{"id":627112,"date":"2025-12-29T07:59:11","date_gmt":"2025-12-29T07:59:11","guid":{"rendered":"https:\/\/www.europesays.com\/fr\/627112\/"},"modified":"2025-12-29T07:59:11","modified_gmt":"2025-12-29T07:59:11","slug":"garanties-de-securite-pour-lukraine-macron-organise-une-reunion-des-allies-a-paris-en-janvier","status":"publish","type":"post","link":"https:\/\/www.europesays.com\/fr\/627112\/","title":{"rendered":"Garanties de s\u00e9curit\u00e9 pour l\u2019Ukraine\u00a0: Macron organise une r\u00e9union des alli\u00e9s \u00e0 Paris en janvier"},"content":{"rendered":"<p>Le pr\u00e9sident fran\u00e7ais Emmanuel Macron a annonc\u00e9, ce lundi, une r\u00e9union des alli\u00e9s de Kiev \u00e0 Paris d\u00e9but janvier autour des garanties de s\u00e9curit\u00e9 pour l\u2019Ukraine dans le cadre d\u2019un<a href=\"https:\/\/www.letelegramme.fr\/monde\/guerre-ukraine-russie\/\" target=\"_blank\" rel=\"noopener\"> accord de paix avec la Russie<\/a>. \u00ab Nous r\u00e9unirons les pays de la Coalition des volontaires \u00e0 Paris d\u00e9but janvier pour finaliser les contributions concr\u00e8tes de chacun \u00bb, a \u00e9crit sur X Emmanuel Macron, qui avait auparavant \u00e9chang\u00e9 avec ses homologues ukrainien Volodymyr Zelensky et am\u00e9ricain Donald Trump, aux c\u00f4t\u00e9s de plusieurs autres dirigeants europ\u00e9ens.<\/p>\n<p>\u00ab Construire une paix juste et durable \u00bb<\/p>\n<p>\u00ab Nous progressons sur les garanties de s\u00e9curit\u00e9 qui seront centrales pour construire une paix juste et durable \u00bb, a affirm\u00e9 le dirigeant fran\u00e7ais, qui s\u2019est \u00e9galement entretenu seul avec Volodymyr Zelensky.<\/p>\n<blockquote class=\"twitter-tweet\">\n<p lang=\"fr\" dir=\"ltr\">Avec plusieurs autres dirigeants europ\u00e9ens, j&rsquo;ai particip\u00e9 ce soir \u00e0 un \u00e9change avec les Pr\u00e9sidents <a href=\"https:\/\/twitter.com\/ZelenskyyUa?ref_src=twsrc%5Etfw\" target=\"_blank\" rel=\"noopener\">@ZelenskyyUa<\/a> et <a href=\"https:\/\/twitter.com\/realDonaldTrump?ref_src=twsrc%5Etfw\" target=\"_blank\" rel=\"noopener\">@realDonaldTrump<\/a>. Je me suis ensuite entretenu avec le Pr\u00e9sident Zelensky.<\/p>\n<p>Nous progressons sur les garanties de s\u00e9curit\u00e9 qui seront centrales\u2026<\/p>\n<p>\u2014 Emmanuel Macron (@EmmanuelMacron) <a href=\"https:\/\/twitter.com\/EmmanuelMacron\/status\/2005429170659090650?ref_src=twsrc%5Etfw\" target=\"_blank\" rel=\"noopener\">December 29, 2025<\/a><\/p><\/blockquote>\n<p>Cette annonce intervient alors que Zelensky et Trump se sont rencontr\u00e9s, ce dimanche, dans la r\u00e9sidence du pr\u00e9sident am\u00e9ricain en Floride, ce dernier se montrant r\u00e9solument optimiste, bien qu\u2019aussi \u00e9vasif, sur une r\u00e9solution prochaine du conflit qui fait rage depuis f\u00e9vrier 2022. \u00ab Cela a \u00e9t\u00e9 une n\u00e9gociation tr\u00e8s difficile \u00bb, a reconnu Donald Trump, \u00e9voquant de \u00ab nombreux progr\u00e8s \u00bb. \u00ab Je ne veux pas dire quand, mais je pense que nous allons y arriver \u00bb, a-t-il poursuivi, proposant aussi de venir s\u2019exprimer devant le Parlement ukrainien pour faire avancer son plan de paix.<\/p>\n<p>Prenant la parole \u00e0 ses c\u00f4t\u00e9s, Volodymyr Zelensky s\u2019est voulu enthousiaste lui aussi, parlant de \u00ab grandes avanc\u00e9es \u00bb, notamment \u00ab 90 % \u00bb du plan de paix am\u00e9ricain en 20 points \u00ab approuv\u00e9 \u00bb, des \u00ab garanties de s\u00e9curit\u00e9 \u00bb pour l\u2019Ukraine \u00ab approuv\u00e9es \u00bb pour certaines et \u00ab presque approuv\u00e9es \u00bb pour d\u2019autres, ainsi que d&rsquo;\u00ab un plan de prosp\u00e9rit\u00e9 en cours de finalisation \u00bb.<\/p>\n<p><script async src=\"https:\/\/platform.twitter.com\/widgets.js\" charset=\"utf-8\"><\/script><\/p>\n","protected":false},"excerpt":{"rendered":"Le pr\u00e9sident fran\u00e7ais Emmanuel Macron a annonc\u00e9, ce lundi, une r\u00e9union des alli\u00e9s de Kiev \u00e0 Paris d\u00e9but&hellip;\n","protected":false},"author":2,"featured_media":627113,"comment_status":"","ping_status":"","sticky":false,"template":"","format":"standard","meta":{"footnotes":""},"categories":[1591],"tags":[11,1073,765,1887,27,131,2069,74,12,1885,1886,132,220],"class_list":{"0":"post-627112","1":"post","2":"type-post","3":"status-publish","4":"format-standard","5":"has-post-thumbnail","7":"category-russie","8":"tag-actualites","9":"tag-emmanuel-macron","10":"tag-en-continu","11":"tag-federation-de-russie","12":"tag-france","13":"tag-guerre-en-ukraine","14":"tag-guerre-ukraine-russie","15":"tag-monde","16":"tag-news","17":"tag-russia","18":"tag-russian-federation","19":"tag-russie","20":"tag-ukraine"},"share_on_mastodon":{"url":"https:\/\/pubeurope.com\/@fr\/115801801563754684","error":""},"_links":{"self":[{"href":"https:\/\/www.europesays.com\/fr\/wp-json\/wp\/v2\/posts\/627112","targetHints":{"allow":["GET"]}}],"collection":[{"href":"https:\/\/www.europesays.com\/fr\/wp-json\/wp\/v2\/posts"}],"about":[{"href":"https:\/\/www.europesays.com\/fr\/wp-json\/wp\/v2\/types\/post"}],"author":[{"embeddable":true,"href":"https:\/\/www.europesays.com\/fr\/wp-json\/wp\/v2\/users\/2"}],"replies":[{"embeddable":true,"href":"https:\/\/www.europesays.com\/fr\/wp-json\/wp\/v2\/comments?post=627112"}],"version-history":[{"count":0,"href":"https:\/\/www.europesays.com\/fr\/wp-json\/wp\/v2\/posts\/627112\/revisions"}],"wp:featuredmedia":[{"embeddable":true,"href":"https:\/\/www.europesays.com\/fr\/wp-json\/wp\/v2\/media\/627113"}],"wp:attachment":[{"href":"https:\/\/www.europesays.com\/fr\/wp-json\/wp\/v2\/media?parent=627112"}],"wp:term":[{"taxonomy":"category","embeddable":true,"href":"https:\/\/www.europesays.com\/fr\/wp-json\/wp\/v2\/categories?post=627112"},{"taxonomy":"post_tag","embeddable":true,"href":"https:\/\/www.europesays.com\/fr\/wp-json\/wp\/v2\/tags?post=627112"}],"curies":[{"name":"wp","href":"https:\/\/api.w.org\/{rel}","templated":true}]}}