{"id":627114,"date":"2025-12-29T08:00:16","date_gmt":"2025-12-29T08:00:16","guid":{"rendered":"https:\/\/www.europesays.com\/fr\/627114\/"},"modified":"2025-12-29T08:00:16","modified_gmt":"2025-12-29T08:00:16","slug":"guerre-en-ukraine-emmanuel-macron-annonce-lorganisation-dune-reunion-entre-allies-de-kiev-en-debut-dannee-a-paris","status":"publish","type":"post","link":"https:\/\/www.europesays.com\/fr\/627114\/","title":{"rendered":"Guerre en Ukraine\u00a0: Emmanuel Macron annonce l\u2019organisation d\u2019une r\u00e9union entre alli\u00e9s de Kiev en d\u00e9but d\u2019ann\u00e9e \u00e0 Paris"},"content":{"rendered":"<p>\n                                                                Emmanuel Macron a annonc\u00e9 ce lundi 29\u00a0d\u00e9cembre qu\u2019il organiserait avec les autres pays de la \u00ab\u00a0Coalition des volontaires\u00a0\u00bb une r\u00e9union d\u00e9but janvier. L\u2019objectif\u00a0: discuter des garanties de s\u00e9curit\u00e9 que les alli\u00e9s de l\u2019Ukraine lui proposeront en cas d\u2019un accord de paix avec la Russie.\n                            <\/p>\n<p>Emmanuel Macron a annonc\u00e9 ce lundi qu\u2019une r\u00e9union des alli\u00e9s de Kiev \u00e0 Paris allait se tenir\u00a0d\u00e9but janvier. Elle portera sur les garanties de s\u00e9curit\u00e9 pour l\u2019Ukraine dans le cadre d\u2019un accord de paix avec la Russie.<\/p>\n<p>\u00ab\u00a0Nous r\u00e9unirons les pays de la Coalition des volontaires \u00e0 Paris d\u00e9but janvier pour finaliser les contributions concr\u00e8tes de chacun\u00a0\u00bb, a \u00e9crit sur X Emmanuel Macron, qui avait auparavant \u00e9chang\u00e9 avec ses homologues ukrainien Volodymyr Zelensky et am\u00e9ricain Donald Trump, aux c\u00f4t\u00e9s de plusieurs autres dirigeants europ\u00e9ens.\u00a0\u00ab\u00a0Nous progressons sur les garanties de s\u00e9curit\u00e9 qui seront centrales pour construire une paix juste et durable\u00a0\u00bb, a affirm\u00e9 le dirigeant fran\u00e7ais, qui s\u2019est \u00e9galement entretenu seul avec Volodymyr Zelensky.<\/p>\n<p>Une rencontre Zelensky-Trump fructueuse<\/p>\n<p>Cette annonce intervient<a href=\"https:\/\/www.midilibre.fr\/2025\/12\/29\/guerre-en-ukraine-donald-trump-annonce-des-progres-apres-une-negociation-tres-difficile-avec-volodymyr-zelensky-13135053.php\" target=\"_blank\" rel=\"noopener\"> alors que Donald Trump et Volodymyr Zelensky se sont rencontr\u00e9s dimanche 28\u00a0d\u00e9cembre<\/a>\u00a0dans la r\u00e9sidence du pr\u00e9sident am\u00e9ricain en Floride, ce dernier se montrant r\u00e9solument optimiste, bien qu\u2019aussi \u00e9vasif, sur une r\u00e9solution prochaine du conflit qui fait rage depuis f\u00e9vrier\u00a02022.<\/p>\n<p>\u00ab\u00a0Cela a \u00e9t\u00e9 une n\u00e9gociation tr\u00e8s difficile\u00a0\u00bb, a reconnu Donald Trump, \u00e9voquant de \u00ab\u00a0nombreux progr\u00e8s\u00a0\u00bb. \u00ab\u00a0Je ne veux pas dire quand, mais je pense que nous allons y arriver\u00a0\u00bb, a-t-il poursuivi, proposant aussi de venir s\u2019exprimer devant le Parlement ukrainien pour faire avancer son plan de paix.<\/p>\n<p>Prenant la parole \u00e0 ses c\u00f4t\u00e9s, Volodymyr Zelensky s\u2019est voulu enthousiaste lui aussi, parlant de \u00ab\u00a0grandes avanc\u00e9es\u00a0\u00bb, notamment \u00ab\u00a090\u00a0%\u00a0\u00bb du plan de paix am\u00e9ricain en 20 points approuv\u00e9\u00a0\u00bb, des \u00ab\u00a0garanties de s\u00e9curit\u00e9\u00a0\u00bb pour l\u2019Ukraine \u00ab\u00a0approuv\u00e9es\u00a0\u00bb pour certaines et \u00ab\u00a0presque approuv\u00e9es\u00a0\u00bb pour d\u2019autres, ainsi que d'\u00a0\u00bbun plan de prosp\u00e9rit\u00e9 en cours de finalisation\u00a0\u00bb.<\/p>\n","protected":false},"excerpt":{"rendered":"Emmanuel Macron a annonc\u00e9 ce lundi 29\u00a0d\u00e9cembre qu\u2019il organiserait avec les autres pays de la \u00ab\u00a0Coalition des volontaires\u00a0\u00bb&hellip;\n","protected":false},"author":2,"featured_media":627115,"comment_status":"","ping_status":"","sticky":false,"template":"","format":"standard","meta":{"footnotes":""},"categories":[1590],"tags":[1111,11,1777,674,131,74,12,220],"class_list":{"0":"post-627114","1":"post","2":"type-post","3":"status-publish","4":"format-standard","5":"has-post-thumbnail","7":"category-ukraine","8":"tag-actu","9":"tag-actualites","10":"tag-eu","11":"tag-europe","12":"tag-guerre-en-ukraine","13":"tag-monde","14":"tag-news","15":"tag-ukraine"},"share_on_mastodon":{"url":"https:\/\/pubeurope.com\/@fr\/115801805592841528","error":""},"_links":{"self":[{"href":"https:\/\/www.europesays.com\/fr\/wp-json\/wp\/v2\/posts\/627114","targetHints":{"allow":["GET"]}}],"collection":[{"href":"https:\/\/www.europesays.com\/fr\/wp-json\/wp\/v2\/posts"}],"about":[{"href":"https:\/\/www.europesays.com\/fr\/wp-json\/wp\/v2\/types\/post"}],"author":[{"embeddable":true,"href":"https:\/\/www.europesays.com\/fr\/wp-json\/wp\/v2\/users\/2"}],"replies":[{"embeddable":true,"href":"https:\/\/www.europesays.com\/fr\/wp-json\/wp\/v2\/comments?post=627114"}],"version-history":[{"count":0,"href":"https:\/\/www.europesays.com\/fr\/wp-json\/wp\/v2\/posts\/627114\/revisions"}],"wp:featuredmedia":[{"embeddable":true,"href":"https:\/\/www.europesays.com\/fr\/wp-json\/wp\/v2\/media\/627115"}],"wp:attachment":[{"href":"https:\/\/www.europesays.com\/fr\/wp-json\/wp\/v2\/media?parent=627114"}],"wp:term":[{"taxonomy":"category","embeddable":true,"href":"https:\/\/www.europesays.com\/fr\/wp-json\/wp\/v2\/categories?post=627114"},{"taxonomy":"post_tag","embeddable":true,"href":"https:\/\/www.europesays.com\/fr\/wp-json\/wp\/v2\/tags?post=627114"}],"curies":[{"name":"wp","href":"https:\/\/api.w.org\/{rel}","templated":true}]}}