{"id":627118,"date":"2025-12-29T08:02:13","date_gmt":"2025-12-29T08:02:13","guid":{"rendered":"https:\/\/www.europesays.com\/fr\/627118\/"},"modified":"2025-12-29T08:02:13","modified_gmt":"2025-12-29T08:02:13","slug":"app-store-et-commissions-apple-saisit-la-cour-dappel-pour-eviter-une-amende-au-royaume-uni","status":"publish","type":"post","link":"https:\/\/www.europesays.com\/fr\/627118\/","title":{"rendered":"App Store et commissions : Apple saisit la cour d&rsquo;appel pour \u00e9viter une amende au Royaume-Uni"},"content":{"rendered":"<p><strong>Apple a d\u00e9pos\u00e9 un recours aupr\u00e8s de la cour d\u2019appel du Royaume-Uni pour tenter d\u2019annuler une sanction de 2 milliards de dollars li\u00e9e aux commissions per\u00e7ues via son App Store. L\u2019entreprise critique la m\u00e9thodologie du Competition Appeal Tribunal (CAT), estimant que le jugement initial repose sur des estimations arbitraires plut\u00f4t que sur des preuves solides.<\/strong><\/p>\n<p><img loading=\"lazy\" decoding=\"async\" class=\"aligncenter size-large wp-image-420759\" src=\"https:\/\/www.europesays.com\/fr\/wp-content\/uploads\/2025\/12\/iOS-App-Store-Logos-1200x675.jpg\" alt=\"iOS App Store Logos\" width=\"739\" height=\"416\"  \/><\/p>\n<p>Apple d\u00e9nonce un verdict fond\u00e9 sur des \u00ab\u00a0devinettes\u00a0\u00bb<\/p>\n<p>La fabricant d\u2019iPhone conteste <a href=\"https:\/\/iphoneaddict.fr\/post\/news-417922-app-store-apple-condamne-royaume-uni-commission-30\" target=\"_blank\" rel=\"noopener\">la d\u00e9cision rendue en octobre<\/a>, mettant en avant 33 points de d\u00e9saccord. L\u2019argument central d\u2019Apple vise l\u2019aveu m\u00eame du tribunal qui a d\u00e9clar\u00e9 avoir eu recours \u00e0 des \u00ab devinettes \u00e9clair\u00e9es \u00bb pour d\u00e9terminer ce que devrait \u00eatre un tarif \u00e9quitable. C\u2019est sur cette base juridique, jug\u00e9e d\u00e9faillante par le constructeur, que le dossier est d\u00e9sormais port\u00e9 devant la juridiction sup\u00e9rieure, comme l\u2019indique <a href=\"https:\/\/www.theguardian.com\/technology\/2025\/dec\/26\/apple-seeks-to-appeal-15bn-ruling-it-overcharged-uk-customers\" rel=\"external nofollow noopener\" target=\"_blank\">The Guardian<\/a>.<\/p>\n<p>Cette nouvelle \u00e9tape judiciaire intervient apr\u00e8s <a href=\"https:\/\/iphoneaddict.fr\/post\/news-418932-app-store-monopole-apple-voit-refuser-appel-justice-royaume-uni\" target=\"_blank\" rel=\"noopener\">un revers subi en novembre<\/a>. \u00c0 cette date, le CAT avait refus\u00e9 d\u2019accorder \u00e0 Apple un appel contre sa propre ordonnance, laissant \u00e0 l\u2019entreprise un d\u00e9lai de 21 jours pour se tourner vers la cour d\u2019appel. Bien qu\u2019aucun commentaire public n\u2019ait \u00e9t\u00e9 ajout\u00e9 au dossier, le d\u00e9p\u00f4t formel de la plainte est act\u00e9.<\/p>\n<p>Le tribunal pr\u00e9conise une r\u00e9duction des commissions de l\u2019App Store<\/p>\n<p>Au c\u0153ur du litige se trouve la fameuse commission de 30 %, qualifi\u00e9e de \u00ab taxe Apple \u00bb par ses d\u00e9tracteurs. Dans le cadre de l\u2019affaire port\u00e9e par Rachael Kent, le tribunal a estim\u00e9 que les taux actuels \u00e9taient excessifs et a propos\u00e9 une grille tarifaire bien inf\u00e9rieure :<\/p>\n<ul>\n<li>17,5 % de commission pour la vente d\u2019applications (au lieu de 30 %).<\/li>\n<li>10 % pour les achats int\u00e9gr\u00e9s.<\/li>\n<li>10 % \u00e0 la charge des d\u00e9veloppeurs.<\/li>\n<\/ul>\n<p>Cette remise en cause du mod\u00e8le \u00e9conomique survient alors que les utilisateurs prennent conscience du co\u00fbt croissant de leur vie num\u00e9rique. Selon Rachael Kent, cette victoire juridique qui a eu lieu en octobre marque un \u00ab point de bascule \u00bb. Elle souligne que le public commence \u00e0 \u00ab rejeter les pr\u00e9judices caus\u00e9s par les mondes num\u00e9riques \u00bb et leurs implications financi\u00e8res concr\u00e8tes.<\/p>\n<p>Cette proc\u00e9dure s\u2019inscrit dans un ensemble plus large d\u2019actions collectives qui se dirigent vers des proc\u00e8s en 2026. Outre les commissions de l\u2019App Store, Apple est accus\u00e9 de \u00ab pi\u00e9ger \u00bb ses clients et de les surfacturer via iCloud. Une plainte <a href=\"https:\/\/iphoneaddict.fr\/post\/news-419277-plainte-icloud-royaume-uni-apple-contre-attaque-faillite-laccusation\" target=\"_blank\" rel=\"noopener\">a vu le jour au Royaume-Uni\u00a0\u00e0 ce sujet<\/a>. Google est \u00e9galement vis\u00e9 par des accusations similaires concernant ses pratiques tarifaires envers les utilisateurs et les d\u00e9veloppeurs britanniques<\/p>\n","protected":false},"excerpt":{"rendered":"Apple a d\u00e9pos\u00e9 un recours aupr\u00e8s de la cour d\u2019appel du Royaume-Uni pour tenter d\u2019annuler une sanction de&hellip;\n","protected":false},"author":2,"featured_media":627119,"comment_status":"","ping_status":"","sticky":false,"template":"","format":"standard","meta":{"footnotes":""},"categories":[1588],"tags":[11,14542,733,14543,1777,674,303,12,473,1853,1851,1850,1852],"class_list":{"0":"post-627118","1":"post","2":"type-post","3":"status-publish","4":"format-standard","5":"has-post-thumbnail","7":"category-royaume-uni","8":"tag-actualites","9":"tag-app-store","10":"tag-apple","11":"tag-application-iphone","12":"tag-eu","13":"tag-europe","14":"tag-justice","15":"tag-news","16":"tag-royaume-uni","17":"tag-royaume-uni-de-grande-bretagne-et-dirlande-du-nord","18":"tag-uk","19":"tag-united-kingdom","20":"tag-united-kingdom-of-great-britain-and-northern-ireland"},"share_on_mastodon":{"url":"https:\/\/pubeurope.com\/@fr\/115801813434408352","error":""},"_links":{"self":[{"href":"https:\/\/www.europesays.com\/fr\/wp-json\/wp\/v2\/posts\/627118","targetHints":{"allow":["GET"]}}],"collection":[{"href":"https:\/\/www.europesays.com\/fr\/wp-json\/wp\/v2\/posts"}],"about":[{"href":"https:\/\/www.europesays.com\/fr\/wp-json\/wp\/v2\/types\/post"}],"author":[{"embeddable":true,"href":"https:\/\/www.europesays.com\/fr\/wp-json\/wp\/v2\/users\/2"}],"replies":[{"embeddable":true,"href":"https:\/\/www.europesays.com\/fr\/wp-json\/wp\/v2\/comments?post=627118"}],"version-history":[{"count":0,"href":"https:\/\/www.europesays.com\/fr\/wp-json\/wp\/v2\/posts\/627118\/revisions"}],"wp:featuredmedia":[{"embeddable":true,"href":"https:\/\/www.europesays.com\/fr\/wp-json\/wp\/v2\/media\/627119"}],"wp:attachment":[{"href":"https:\/\/www.europesays.com\/fr\/wp-json\/wp\/v2\/media?parent=627118"}],"wp:term":[{"taxonomy":"category","embeddable":true,"href":"https:\/\/www.europesays.com\/fr\/wp-json\/wp\/v2\/categories?post=627118"},{"taxonomy":"post_tag","embeddable":true,"href":"https:\/\/www.europesays.com\/fr\/wp-json\/wp\/v2\/tags?post=627118"}],"curies":[{"name":"wp","href":"https:\/\/api.w.org\/{rel}","templated":true}]}}