{"id":627124,"date":"2025-12-29T08:05:10","date_gmt":"2025-12-29T08:05:10","guid":{"rendered":"https:\/\/www.europesays.com\/fr\/627124\/"},"modified":"2025-12-29T08:05:10","modified_gmt":"2025-12-29T08:05:10","slug":"six-eleves-du-college-de-eu-primes-a-un-concours-de-la-federation-du-batiment","status":"publish","type":"post","link":"https:\/\/www.europesays.com\/fr\/627124\/","title":{"rendered":"Six \u00e9l\u00e8ves du coll\u00e8ge de Eu prim\u00e9s \u00e0 un concours de la F\u00e9d\u00e9ration du b\u00e2timent"},"content":{"rendered":"<p>                    Par<br \/>\n        <strong><br \/>\n            <a href=\"https:\/\/actu.fr\/auteur\/jerome-buresi\" title=\"Consulter tous les articles de J\u00e9r\u00f4me Buresi\" target=\"_blank\" rel=\"noopener\">J\u00e9r\u00f4me Buresi<\/a><br \/>\n                    <\/strong><\/p>\n<p>        Publi\u00e9 le<\/p>\n<p>            29 d\u00e9c. 2025 \u00e0 7h30        <\/p>\n<p>Quelques jours avant No\u00ebl, c\u2019est d\u00e9j\u00e0 un beau pr\u00e9sent pour 7 \u00e9l\u00e8ves de 3e de la Section d\u2019enseignement g\u00e9n\u00e9ral et professionnel adapt\u00e9 (Segpa) du coll\u00e8ge Louis-Philippe de <a href=\"https:\/\/actu.fr\/normandie\/eu_76255\" target=\"_blank\" rel=\"noopener\">Eu<\/a>, en Seine-Maritime.<\/p>\n<p class=\" wall-content\">Une c\u00e9r\u00e9monie de remise des prix a en effet eu lieu dans l\u2019\u00e9tablissement jeudi 18 d\u00e9cembre 2025.<\/p>\n<p class=\" wall-content\">Le 10 octobre 2025, ils ont particip\u00e9 \u00e0 la journ\u00e9e portes ouvertes <b>Les coulisses du b\u00e2timent<\/b> au centre de formation d\u2019apprentis de Martin-\u00c9glise, pr\u00e8s de Dieppe.<\/p>\n<p class=\" wall-content\">Avec cette manifestation, la F\u00e9d\u00e9ration fran\u00e7aise du b\u00e2timent souhaite ouvrir ses sites pour faire d\u00e9couvrir ses formations et ses m\u00e9tiers.<\/p>\n<p class=\" wall-content\">\u00ab \u00c0 cette occasion, nous avons propos\u00e9 un concours aux \u00e9l\u00e8ves, sous la forme d\u2019un quiz pour tester leurs connaissances \u00bb, indique <b>Anna-Bella Cornier<\/b>, assistante emploi et formation aupr\u00e8s de la F\u00e9d\u00e9ration fran\u00e7aise du d\u00e9partement Rouen M\u00e9tropole &amp; territoires.<\/p>\n<p class=\" wall-content\">Le premier prix a r\u00e9compens\u00e9 ex \u00e6quo deux \u00e9tablissements des Villes S\u0153urs :<\/p>\n<p>Vid\u00e9os : en ce moment sur Actu<\/p>\n<ul class=\" wall-content\">\n<li>7 \u00e9l\u00e8ves du coll\u00e8ge Louis-Philippe de Eu.<\/li>\n<li>et 6 \u00e9l\u00e8ves de 3e Pr\u00e9pa-m\u00e9tier du lyc\u00e9e Le Hurle-Vent du <a href=\"https:\/\/actu.fr\/normandie\/le-treport_76711\" target=\"_blank\" rel=\"noopener\">Tr\u00e9port<\/a>.<\/li>\n<\/ul>\n<p>Mettre en valeur les \u00e9l\u00e8ves<\/p>\n<p class=\" wall-content\">Elle a remis un bon d\u2019achat pour r\u00e9compenser les laur\u00e9ats du coll\u00e8ge eudois. Elle \u00e9tait accompagn\u00e9e d\u2019une repr\u00e9sentante du CFA et de Christophe Blondel, chef d\u2019entreprise \u00e0 \u00c9talondes.<\/p>\n<p>Votre r\u00e9gion, votre actu !<\/p>\n<p>Recevez chaque jour les infos qui comptent pour vous.<\/p>\n<p>\t<a href=\"https:\/\/actu.fr\/newsletter\" class=\"ac-btn ac-btn--corner ac-btn--medium ac-btn--blue800\" target=\"_blank\" rel=\"noopener\">S&rsquo;incrire<\/a><\/p>\n<p class=\" wall-content\">Les coll\u00e9giens ont expliqu\u00e9 qu\u2019ils avaient appr\u00e9ci\u00e9 cette visite qui leur a permis de d\u00e9couvrir diff\u00e9rents m\u00e9tiers.<\/p>\n<p class=\" wall-content\">Le coll\u00e8ge Louis-Philippe remercie les organisateurs de ce prix et souligne que c\u2019est l\u2019occasion de mettre en valeur l\u2019investissement des \u00e9l\u00e8ves de cette fili\u00e8re, tout en faisant d\u00e9couvrir les ateliers de l\u2019\u00e9tablissement \u00e0 ces visiteurs.<\/p>\n<p class=\" wall-content\">Personnalisez votre actualit\u00e9 en ajoutant vos villes et m\u00e9dias en favori avec <a href=\"https:\/\/moncompte.actu.fr\" title=\"D\u00e9couvez Mon Actu\" rel=\"nofollow noopener\" data-trk=\"{&quot;cta&quot;:{&quot;action&quot;:&quot;https:\\\/\\\/moncompte.actu.fr&quot;,&quot;category&quot;:&quot;mon compte&quot;,&quot;from&quot;:&quot;article footer&quot;,&quot;name&quot;:&quot;Mon actu&quot;,&quot;type&quot;:&quot;cta&quot;}}\" target=\"_blank\">Mon Actu<\/a>.<\/p>\n","protected":false},"excerpt":{"rendered":"Par J\u00e9r\u00f4me Buresi Publi\u00e9 le 29 d\u00e9c. 2025 \u00e0 7h30 Quelques jours avant No\u00ebl, c\u2019est d\u00e9j\u00e0 un beau&hellip;\n","protected":false},"author":2,"featured_media":627125,"comment_status":"","ping_status":"","sticky":false,"template":"","format":"standard","meta":{"footnotes":""},"categories":[1586],"tags":[11,1771,1057,1777,674,1779,1011,27,12,25,104,1778,364,3587],"class_list":{"0":"post-627124","1":"post","2":"type-post","3":"status-publish","4":"format-standard","5":"has-post-thumbnail","7":"category-europe","8":"tag-actualites","9":"tag-btp","10":"tag-education","11":"tag-eu","12":"tag-europe","13":"tag-european-union","14":"tag-fr","15":"tag-france","16":"tag-news","17":"tag-republique-francaise","18":"tag-societe","19":"tag-ue","20":"tag-union-europeenne","21":"tag-villes-soeurs"},"share_on_mastodon":{"url":"https:\/\/pubeurope.com\/@fr\/115801825229583576","error":""},"_links":{"self":[{"href":"https:\/\/www.europesays.com\/fr\/wp-json\/wp\/v2\/posts\/627124","targetHints":{"allow":["GET"]}}],"collection":[{"href":"https:\/\/www.europesays.com\/fr\/wp-json\/wp\/v2\/posts"}],"about":[{"href":"https:\/\/www.europesays.com\/fr\/wp-json\/wp\/v2\/types\/post"}],"author":[{"embeddable":true,"href":"https:\/\/www.europesays.com\/fr\/wp-json\/wp\/v2\/users\/2"}],"replies":[{"embeddable":true,"href":"https:\/\/www.europesays.com\/fr\/wp-json\/wp\/v2\/comments?post=627124"}],"version-history":[{"count":0,"href":"https:\/\/www.europesays.com\/fr\/wp-json\/wp\/v2\/posts\/627124\/revisions"}],"wp:featuredmedia":[{"embeddable":true,"href":"https:\/\/www.europesays.com\/fr\/wp-json\/wp\/v2\/media\/627125"}],"wp:attachment":[{"href":"https:\/\/www.europesays.com\/fr\/wp-json\/wp\/v2\/media?parent=627124"}],"wp:term":[{"taxonomy":"category","embeddable":true,"href":"https:\/\/www.europesays.com\/fr\/wp-json\/wp\/v2\/categories?post=627124"},{"taxonomy":"post_tag","embeddable":true,"href":"https:\/\/www.europesays.com\/fr\/wp-json\/wp\/v2\/tags?post=627124"}],"curies":[{"name":"wp","href":"https:\/\/api.w.org\/{rel}","templated":true}]}}