{"id":62713,"date":"2025-04-29T21:00:18","date_gmt":"2025-04-29T21:00:18","guid":{"rendered":"https:\/\/www.europesays.com\/fr\/62713\/"},"modified":"2025-04-29T21:00:18","modified_gmt":"2025-04-29T21:00:18","slug":"ralf-schumacher-critique-la-gestion-actuelle-de-red-bull-et-cible-pierre-wache","status":"publish","type":"post","link":"https:\/\/www.europesays.com\/fr\/62713\/","title":{"rendered":"Ralf Schumacher critique la gestion actuelle de Red Bull et cible Pierre Wache"},"content":{"rendered":"<p>Ralf Schumacher, ancien pilote de Formule 1 et sextuple vainqueur en Grand Prix, a exprim\u00e9 des r\u00e9serves sur la direction technique actuelle de Red Bull. Selon lui, Pierre Wache, d\u00e9sormais en charge du d\u00e9partement technique, ne parvient pas \u00e0 \u00e9galer l\u2019influence et l\u2019expertise de son pr\u00e9d\u00e9cesseur Adrian Newey.<\/p>\n<p>Ces d\u00e9clarations interviennent alors que <a href=\"https:\/\/f1only.fr\/horner-titre-2021-verstappen-red-bull\/\" target=\"_blank\" rel=\"noopener\">Red Bull<\/a> traverse une p\u00e9riode d\u00e9licate, marqu\u00e9e par le d\u00e9part de plusieurs figures cl\u00e9s. Outre Newey, qui a rejoint Aston Martin apr\u00e8s pr\u00e8s de deux d\u00e9cennies de collaboration, l\u2019\u00e9curie a \u00e9galement vu s\u2019en aller le concepteur Rob Marshall, le strat\u00e8ge Will Courtenay et le directeur sportif Jonathan Wheatley. Cet affaiblissement progressif du noyau technique a co\u00efncid\u00e9 avec une baisse de comp\u00e9titivit\u00e9 : l\u2019\u00e9quipe, longtemps dominante, a r\u00e9trograd\u00e9 \u00e0 la troisi\u00e8me place du championnat des constructeurs et peine d\u00e9sormais \u00e0 concevoir une monoplace \u00e0 la fois performante et facile \u00e0 piloter.<\/p>\n<p>Promu en interne, Pierre Wache s\u2019est vu confier les r\u00eanes du d\u00e9veloppement de la RB21, mais Ralf Schumacher estime que l\u2019absence de Newey commence \u00e0 peser lourdement sur les r\u00e9sultats de l\u2019\u00e9curie de Milton Keynes.<\/p>\n<p>\u00ab \u00c0 mon avis, Pierre Wache n\u2019est tout simplement pas <a href=\"https:\/\/f1only.fr\/aston-martin-methode-travail-2026\/\" target=\"_blank\" rel=\"noopener\">Adrian Newey<\/a>. Par cons\u00e9quent, cela va \u00eatre difficile \u00bb, a d\u00e9clar\u00e9 l\u2019Allemand \u00e0 Sky Germany.<\/p>\n<p>Schumacher estime que le directeur de l\u2019\u00e9curie Red Bull, Christian Horner, est \u00e0 l\u2019origine des probl\u00e8mes de Red Bull, ajoutant que le Britannique n\u2019aurait jamais d\u00fb laisser une personne aussi talentueuse que Newey \u00e9chapper \u00e0 l\u2019\u00e9curie.<\/p>\n<p>\u00ab Il a construit toute l\u2019\u00e9quipe et, avec le Dr [Helmut] Marko, il en \u00e9tait responsable \u00bb, a d\u00e9clar\u00e9 Schumacher. \u00ab Il aurait d\u00fb le voir. Et il n\u2019aurait jamais d\u00fb perdre Adrian Newey. \u00bb<\/p>\n","protected":false},"excerpt":{"rendered":"Ralf Schumacher, ancien pilote de Formule 1 et sextuple vainqueur en Grand Prix, a exprim\u00e9 des r\u00e9serves sur&hellip;\n","protected":false},"author":2,"featured_media":62714,"comment_status":"","ping_status":"","sticky":false,"template":"","format":"standard","meta":{"footnotes":""},"categories":[1412],"tags":[5080,5081,1451,5083,5084,5085,5086,5087,5088,1452,1453,1454,1455,1011,27,5089,5090,16064,16065,2255,60,5091,3030],"class_list":{"0":"post-62713","1":"post","2":"type-post","3":"status-publish","4":"format-standard","5":"has-post-thumbnail","7":"category-f1","8":"tag-actualites-f1","9":"tag-actuf1","10":"tag-f1","11":"tag-f1-actu","12":"tag-f1-direct","13":"tag-f1-live","14":"tag-f1-news","15":"tag-f1news","16":"tag-fia","17":"tag-formula-1","18":"tag-formula1","19":"tag-formule-1","20":"tag-formule1","21":"tag-fr","22":"tag-france","23":"tag-news-f1","24":"tag-newsf1","25":"tag-pierre-wache","26":"tag-ralf-schumacher","27":"tag-red-bull","28":"tag-sports","29":"tag-tip","30":"tag-top"},"share_on_mastodon":{"url":"https:\/\/pubeurope.com\/@fr\/114423268893001187","error":""},"_links":{"self":[{"href":"https:\/\/www.europesays.com\/fr\/wp-json\/wp\/v2\/posts\/62713","targetHints":{"allow":["GET"]}}],"collection":[{"href":"https:\/\/www.europesays.com\/fr\/wp-json\/wp\/v2\/posts"}],"about":[{"href":"https:\/\/www.europesays.com\/fr\/wp-json\/wp\/v2\/types\/post"}],"author":[{"embeddable":true,"href":"https:\/\/www.europesays.com\/fr\/wp-json\/wp\/v2\/users\/2"}],"replies":[{"embeddable":true,"href":"https:\/\/www.europesays.com\/fr\/wp-json\/wp\/v2\/comments?post=62713"}],"version-history":[{"count":0,"href":"https:\/\/www.europesays.com\/fr\/wp-json\/wp\/v2\/posts\/62713\/revisions"}],"wp:featuredmedia":[{"embeddable":true,"href":"https:\/\/www.europesays.com\/fr\/wp-json\/wp\/v2\/media\/62714"}],"wp:attachment":[{"href":"https:\/\/www.europesays.com\/fr\/wp-json\/wp\/v2\/media?parent=62713"}],"wp:term":[{"taxonomy":"category","embeddable":true,"href":"https:\/\/www.europesays.com\/fr\/wp-json\/wp\/v2\/categories?post=62713"},{"taxonomy":"post_tag","embeddable":true,"href":"https:\/\/www.europesays.com\/fr\/wp-json\/wp\/v2\/tags?post=62713"}],"curies":[{"name":"wp","href":"https:\/\/api.w.org\/{rel}","templated":true}]}}