{"id":627134,"date":"2025-12-29T08:10:10","date_gmt":"2025-12-29T08:10:10","guid":{"rendered":"https:\/\/www.europesays.com\/fr\/627134\/"},"modified":"2025-12-29T08:10:10","modified_gmt":"2025-12-29T08:10:10","slug":"jeanne-et-serge-le-dessin-anime-qui-a-fait-exploser-le-volley-en-france","status":"publish","type":"post","link":"https:\/\/www.europesays.com\/fr\/627134\/","title":{"rendered":"\u00abJeanne et Serge\u00bb, le dessin anim\u00e9 qui a fait exploser le volley en France"},"content":{"rendered":"<p>\u00ab\u00a0Haikyu\u00a0!!\u00a0\u00bb, la version moderne<\/p>\n<p>Si la suite de Jeanne et Serge n&rsquo;a jamais \u00e9t\u00e9 traduite pour se faire une place \u00e0 la t\u00e9l\u00e9 fran\u00e7aise, le volley-ball a, lui, continu\u00e9 \u00e0 inspirer mangakas et studios d&rsquo;animation. Apr\u00e8s la publication du premier de ses 45 tomes en 2012 (deux ans plus tard en France), le manga Haikyu\u00a0!! et son adaptation anim\u00e9e (quatre saisons compl\u00e9t\u00e9es de deux films d&rsquo;animation) rencontrent un succ\u00e8s fou chez les Japonais. \u00ab La s\u00e9rie a cr\u00e9\u00e9 un ph\u00e9nom\u00e8ne d&rsquo;inscription des jeunes dans les clubs \u00bb, confirme Bounthavy Suvilay, ma\u00eetre de conf\u00e9rences \u00e0 l&rsquo;universit\u00e9 de Lille et autrice de Le Sport anim\u00e9\u00a0! 50\u00a0ans de s\u00e9ries sportives au Japon . L&rsquo;engouement semble similaire en France o\u00f9 la s\u00e9rie a \u00e9t\u00e9 diffus\u00e9e sur les cha\u00eenes J-One et Game One avant d&rsquo;\u00eatre aujourd&rsquo;hui visible sur la plateforme Crunchyroll.<br \/>Trente ans apr\u00e8s l&rsquo;effet Jeanne et Serge, l&rsquo;histoire du jeune Shoyo Hinata et de son \u00e9quipe en a un comparable sur la pratique du volley. \u00ab Chez les jeunes, quand on leur demande comment ils ont connu le volley, la r\u00e9ponse est bien plus souvent Haikyu\u00a0!! que le premier titre olympique aux Jeux de Tokyo, affirme \u00c9ric Tanguy, pr\u00e9sident de la F\u00e9d\u00e9ration fran\u00e7aise. Pour que les r\u00e9sultats sportifs aient un effet, les gens doivent d\u00e9j\u00e0 s&rsquo;int\u00e9resser au sport&#8230; Et \u00e0 Tokyo, les matches \u00e9taient \u00e0 des horaires o\u00f9 seuls les passionn\u00e9s se levaient. \u00bb La saison derni\u00e8re, les deux tiers des licenci\u00e9s de la FFVB avaient 20\u00a0ans ou moins, contre 58\u00a0% dix ans plus t\u00f4t. \u00ab Chez nous, tous les gars n\u00e9s entre 2006 et 2010, connaissent Haikyu\u00a0!!, partage Jocelyn Trillon, entra\u00eeneur au Centre national de volley-ball dans l&rsquo;H\u00e9rault. Sur les vingt joueurs, sept ont regard\u00e9 la s\u00e9rie. \u00bb L&rsquo;influence semble moins \u00e9vidente chez les filles. Au p\u00f4le France f\u00e9minin de Toulouse, \u00ab on a surtout des filles d&rsquo;anciens ou d&rsquo;anciennes volleyeuses \u00bb, nuance l&rsquo;entra\u00eeneur F\u00e9lix Andr\u00e9. \u00ab Mais c&rsquo;est une super publicit\u00e9, un coup de projecteur sur un sport qui souffre d&rsquo;un manque de m\u00e9diatisation \u00e0 la t\u00e9l\u00e9. \u00bb <b>Q.\u00a0C.<\/b><\/p>\n","protected":false},"excerpt":{"rendered":"\u00ab\u00a0Haikyu\u00a0!!\u00a0\u00bb, la version moderne Si la suite de Jeanne et Serge n&rsquo;a jamais \u00e9t\u00e9 traduite pour se faire&hellip;\n","protected":false},"author":2,"featured_media":627135,"comment_status":"","ping_status":"","sticky":false,"template":"","format":"standard","meta":{"footnotes":""},"categories":[1417],"tags":[1011,27,60,1470,1469],"class_list":{"0":"post-627134","1":"post","2":"type-post","3":"status-publish","4":"format-standard","5":"has-post-thumbnail","7":"category-volley","8":"tag-fr","9":"tag-france","10":"tag-sports","11":"tag-volley","12":"tag-volleyball"},"share_on_mastodon":{"url":"https:\/\/pubeurope.com\/@fr\/115801844814232641","error":""},"_links":{"self":[{"href":"https:\/\/www.europesays.com\/fr\/wp-json\/wp\/v2\/posts\/627134","targetHints":{"allow":["GET"]}}],"collection":[{"href":"https:\/\/www.europesays.com\/fr\/wp-json\/wp\/v2\/posts"}],"about":[{"href":"https:\/\/www.europesays.com\/fr\/wp-json\/wp\/v2\/types\/post"}],"author":[{"embeddable":true,"href":"https:\/\/www.europesays.com\/fr\/wp-json\/wp\/v2\/users\/2"}],"replies":[{"embeddable":true,"href":"https:\/\/www.europesays.com\/fr\/wp-json\/wp\/v2\/comments?post=627134"}],"version-history":[{"count":0,"href":"https:\/\/www.europesays.com\/fr\/wp-json\/wp\/v2\/posts\/627134\/revisions"}],"wp:featuredmedia":[{"embeddable":true,"href":"https:\/\/www.europesays.com\/fr\/wp-json\/wp\/v2\/media\/627135"}],"wp:attachment":[{"href":"https:\/\/www.europesays.com\/fr\/wp-json\/wp\/v2\/media?parent=627134"}],"wp:term":[{"taxonomy":"category","embeddable":true,"href":"https:\/\/www.europesays.com\/fr\/wp-json\/wp\/v2\/categories?post=627134"},{"taxonomy":"post_tag","embeddable":true,"href":"https:\/\/www.europesays.com\/fr\/wp-json\/wp\/v2\/tags?post=627134"}],"curies":[{"name":"wp","href":"https:\/\/api.w.org\/{rel}","templated":true}]}}