{"id":627145,"date":"2025-12-29T08:19:10","date_gmt":"2025-12-29T08:19:10","guid":{"rendered":"https:\/\/www.europesays.com\/fr\/627145\/"},"modified":"2025-12-29T08:19:10","modified_gmt":"2025-12-29T08:19:10","slug":"a-20-ans-ce-photographe-met-son-talent-au-service-des-associations-et-cest-souvent-gratuit","status":"publish","type":"post","link":"https:\/\/www.europesays.com\/fr\/627145\/","title":{"rendered":"\u00e0 20 ans, ce photographe met son talent au service des associations et c&rsquo;est souvent gratuit"},"content":{"rendered":"<p>                    Par<br \/>\n        <strong><br \/>\n            <a href=\"https:\/\/actu.fr\/auteur\/nancy-faucon\" title=\"Consulter tous les articles de Nancy Faucon\" target=\"_blank\" rel=\"noopener\">Nancy Faucon<\/a><br \/>\n                    <\/strong><\/p>\n<p>        Publi\u00e9 le<\/p>\n<p>            28 d\u00e9c. 2025 \u00e0 20h00        <\/p>\n<p>Vingt ans et une passion d\u00e9vorante, la <b>photographie<\/b> dont il fait peu \u00e0 peu un m\u00e9tier. Cet art, Ruanito Derrien l\u2019exercerait m\u00eame pendant son sommeil s\u2019il le pouvait. A <a href=\"https:\/\/actu.fr\/bretagne\/dinan_22050\" target=\"_blank\" rel=\"noopener\">Dinan<\/a> (C\u00f4tes-d\u2019Armor) et autour, il le fait au moins d\u00e8s que son emploi d\u2019animateur \u00e0 la maison de retraite Le Conn\u00e9table lui en laisse le temps.<\/p>\n<p>\u00c9v\u00e9nements associatifs<\/p>\n<p class=\" wall-content\">\u00ab Ce que je voulais faire, la photo, je le fais le week-end ou apr\u00e8s le travail \u00bb, en immortalisant les \u00e9v\u00e9nements de plusieurs associations \u00e0 Dinan.<\/p>\n<p class=\" wall-content\">Derni\u00e8rement, on a pu le rencontrer derri\u00e8re son objectif \u00e0 la soir\u00e9e Maux d\u2019asile de l\u2019association <a href=\"https:\/\/actu.fr\/bretagne\/dinan_22050\/dinan-pourquoi-le-mobilier-recu-dune-entreprise-est-il-un-don-important-pour-cette-association_62271861.html\" target=\"_blank\" rel=\"noopener\">Noz-Deiz<\/a>, sur le Salon de No\u00ebl de 100 % Family \u00e0 L\u00e9hon.<\/p>\n<p class=\" wall-content\">Cet \u00e9t\u00e9, il \u00e9tait de tous les Mardis de la Fontaine de la <b>Tani\u00e8re de la Louve<\/b> pour en documenter les concerts.<\/p>\n<p class=\" wall-content\">Au-del\u00e0, Ruanito se balade un peu partout, au trail du 11\u00a0novembre \u00e0 Plaintel comme dans les \u00e9v\u00e9nements de la Croix-Rouge 22, o\u00f9 il est b\u00e9n\u00e9vole et dont il fait passer la communication en priorit\u00e9.<\/p>\n<p class=\" wall-content\">\u00ab Tous mes week-ends sont tr\u00e8s charg\u00e9s. Souvent, on me dit : \u2018Ruanito, repose-toi\u2019 et moi je fais : \u2018Whoooo\u2026 pas le temps\u2019\u00bb, rit ce gar\u00e7on \u00e0 la bouille sympa et bavard comme une pie.<\/p>\n<p>De son t\u00e9l\u00e9phone \u00e0 un vieux Sony<\/p>\n<p class=\" wall-content\">\u00ab Je fais de la photo depuis que je suis parti de chez mes parents en 2021, d\u2019abord avec mon t\u00e9l\u00e9phone. J\u2019ai commenc\u00e9 l\u2019\u00e9v\u00e9nementiel gr\u00e2ce \u00e0 Marie-Pierre Vedrenne \u00bb, \u00e9lue bretonne \u2013 depuis devenue ministre d\u00e9l\u00e9gu\u00e9e -, dont il avait rencontr\u00e9 l\u2019adjoint.<\/p>\n<p>Votre r\u00e9gion, votre actu !<\/p>\n<p>Recevez chaque jour les infos qui comptent pour vous.<\/p>\n<p>\t<a href=\"https:\/\/actu.fr\/newsletter\" class=\"ac-btn ac-btn--corner ac-btn--medium ac-btn--blue800\" target=\"_blank\" rel=\"noopener\">S&rsquo;incrire<\/a><\/p>\n<p class=\" wall-content\">\u00c7\u2019a ensuite \u00e9t\u00e9 un photographe qu\u2019il a assist\u00e9, puis la rencontre \u00ab avec un autre qui \u00e9tait dans les backstages \u00bb. C\u2019est par l\u2019un d\u2019eux que Ruanito a eu son premier appareil d\u2019occase, \u00ab un vieux Sony \u00bb.<\/p>\n<p>\u00ab Capter le regard \u00bb<\/p>\n<p class=\" wall-content\">Son truc, c\u2019est le <b>portrait,<\/b> et il en partage de tr\u00e8s beaux, de clients particuliers, <a href=\"https:\/\/ruanitod.my.canva.site\/#portfolio-1\" target=\"_blank\" rel=\"noopener\">sur son site<\/a>.<\/p>\n<blockquote class=\"ac-article-quote wall-content\">\n<p>J\u2019aime capter le regard ! Mais je ne suis pas ferm\u00e9 aux sujets : animaux et autres propositions. J\u2019aimerais aussi faire des mariages et ce qui m\u2019int\u00e9resse encore plus, de la photo humanitaire.<\/p>\n<p>Ruanito le photographe, Dinan<\/p><\/blockquote>\n<p class=\" wall-content\">\u00ab Je travaille en zoom, jusqu\u2019\u00e0 250\u00a0m. J\u2019utilise peu mon grand-angle. J\u2019ai ma fa\u00e7on de faire les photos, et je pense que \u00e7a pla\u00eet. Depuis juillet, j\u2019ai investi dans du mat\u00e9riel professionnel \u00bb, raconte ce d\u00e9brouillard qui, via l\u2019entreprise qu\u2019il a cr\u00e9\u00e9e en mai 2024, commence \u00e0 avoir quelques rentr\u00e9es d\u2019argent.<\/p>\n<p>Gratuit ou pas selon les assos<\/p>\n<p class=\" wall-content\">Un peu \u00e0 la t\u00eate\u2026 du portefeuille, pourrait-on dire, pour ce qui est des photos d\u2019\u00e9v\u00e9nements associatifs.<\/p>\n<p class=\" wall-content\">Pour<b> celles qui n\u2019ont pas ou peu de ressources<\/b>, la couverture de Ruanito, depuis les photos jusqu\u2019au traitement, est gratuite ou faite \u00e0 petit prix. En contrepartie, il sait qu\u2019il gagne en visibilit\u00e9. \u00ab Pour les associations qui ont des moyens, je commence \u00e0 faire des formules. \u00bb<\/p>\n<p class=\" wall-content\">Lui qui r\u00e9cemment a, \u00e0 son tour, transmis son premier appareil, \u00ab parfait pour un d\u00e9butant \u00bb, s\u2019assure aujourd\u2019hui un petit succ\u00e8s. Fini le pied lev\u00e9, pour le faire venir, il faut lui soumettre une demande <b>un mois \u00e0 l\u2019avanc<\/b>e. \u00ab Je suis assez ouvert \u00e0 toutes les id\u00e9es. Il faut juste m\u2019expliquer ce que l\u2019on attend \u00bb, et, si \u00e7a colle, son \u0153il fait le reste.<\/p>\n<p>Ruanito le photographe. T\u00e9l. 06 87 14 11 48 et sur <a href=\"https:\/\/linksight.me\/ruanitod\" target=\"_blank\" rel=\"noopener\">linksight.me\/ruanitod<\/a><\/p>\n<p class=\" wall-content\">Personnalisez votre actualit\u00e9 en ajoutant vos villes et m\u00e9dias en favori avec <a href=\"https:\/\/moncompte.actu.fr\" title=\"D\u00e9couvez Mon Actu\" rel=\"nofollow noopener\" data-trk=\"{&quot;cta&quot;:{&quot;action&quot;:&quot;https:\\\/\\\/moncompte.actu.fr&quot;,&quot;category&quot;:&quot;mon compte&quot;,&quot;from&quot;:&quot;article footer&quot;,&quot;name&quot;:&quot;Mon actu&quot;,&quot;type&quot;:&quot;cta&quot;}}\" target=\"_blank\">Mon Actu<\/a>.<\/p>\n","protected":false},"excerpt":{"rendered":"Par Nancy Faucon Publi\u00e9 le 28 d\u00e9c. 2025 \u00e0 20h00 Vingt ans et une passion d\u00e9vorante, la photographie&hellip;\n","protected":false},"author":2,"featured_media":627146,"comment_status":"","ping_status":"","sticky":false,"template":"","format":"standard","meta":{"footnotes":""},"categories":[1358],"tags":[1348,1384,1385,1386,58,59,1011,27,1756,104],"class_list":{"0":"post-627145","1":"post","2":"type-post","3":"status-publish","4":"format-standard","5":"has-post-thumbnail","7":"category-arts-et-design","8":"tag-arts","9":"tag-arts-and-design","10":"tag-arts-et-design","11":"tag-design","12":"tag-divertissement","13":"tag-entertainment","14":"tag-fr","15":"tag-france","16":"tag-photographie","17":"tag-societe"},"share_on_mastodon":{"url":"https:\/\/pubeurope.com\/@fr\/115801880179094716","error":""},"_links":{"self":[{"href":"https:\/\/www.europesays.com\/fr\/wp-json\/wp\/v2\/posts\/627145","targetHints":{"allow":["GET"]}}],"collection":[{"href":"https:\/\/www.europesays.com\/fr\/wp-json\/wp\/v2\/posts"}],"about":[{"href":"https:\/\/www.europesays.com\/fr\/wp-json\/wp\/v2\/types\/post"}],"author":[{"embeddable":true,"href":"https:\/\/www.europesays.com\/fr\/wp-json\/wp\/v2\/users\/2"}],"replies":[{"embeddable":true,"href":"https:\/\/www.europesays.com\/fr\/wp-json\/wp\/v2\/comments?post=627145"}],"version-history":[{"count":0,"href":"https:\/\/www.europesays.com\/fr\/wp-json\/wp\/v2\/posts\/627145\/revisions"}],"wp:featuredmedia":[{"embeddable":true,"href":"https:\/\/www.europesays.com\/fr\/wp-json\/wp\/v2\/media\/627146"}],"wp:attachment":[{"href":"https:\/\/www.europesays.com\/fr\/wp-json\/wp\/v2\/media?parent=627145"}],"wp:term":[{"taxonomy":"category","embeddable":true,"href":"https:\/\/www.europesays.com\/fr\/wp-json\/wp\/v2\/categories?post=627145"},{"taxonomy":"post_tag","embeddable":true,"href":"https:\/\/www.europesays.com\/fr\/wp-json\/wp\/v2\/tags?post=627145"}],"curies":[{"name":"wp","href":"https:\/\/api.w.org\/{rel}","templated":true}]}}