{"id":627147,"date":"2025-12-29T08:21:21","date_gmt":"2025-12-29T08:21:21","guid":{"rendered":"https:\/\/www.europesays.com\/fr\/627147\/"},"modified":"2025-12-29T08:21:21","modified_gmt":"2025-12-29T08:21:21","slug":"clotilde-fait-chanter-josephine-rupture-avec-loup-ou-denonciation-a-la-police-ici-tout-commence-1er-janvier-2026-episode-1341-resume-complet-itc","status":"publish","type":"post","link":"https:\/\/www.europesays.com\/fr\/627147\/","title":{"rendered":"Clotilde fait chanter Jos\u00e9phine : rupture avec Loup ou d\u00e9nonciation \u00e0 la police ? &#8211; Ici tout commence 1er janvier 2026 (\u00e9pisode 1341 &#8211; r\u00e9sum\u00e9 complet ITC)"},"content":{"rendered":"<p>\tD\u00e9couvrez le r\u00e9sum\u00e9 complet d\u2019Ici tout commence en avance du jeudi 1er janvier 2026 avec l\u2019\u00e9pisode 1341. Clotilde (Elsa Lunghini) refuse de croire Jos\u00e9phine et brandit une menace implacable. #ITC en avance avec Nouveaut\u00e9s T\u00e9l\u00e9<br \/>\n<img fetchpriority=\"high\" decoding=\"async\" aria-describedby=\"caption-attachment-335613\" src=\"https:\/\/www.europesays.com\/fr\/wp-content\/uploads\/2025\/12\/clotilde-josephine-itc-1341.jpg\" alt=\"Clotilde et Jos\u00e9phine itc \" width=\"1280\" height=\"720\" class=\"size-full wp-image-335613\"  \/><\/p>\n<p id=\"caption-attachment-335613\" class=\"wp-caption-text\">lotilde lance un ultimatum \u00e0 Jos\u00e9phine : quitter Loup ou tout perdre<\/p>\n<p>Retrouvez le r\u00e9sum\u00e9 int\u00e9gral d\u2019<strong>Ici tout commence \u00e9pisode 1341 saison 6<\/strong> diffus\u00e9 sur TF1 le jeudi 1er janvier 2026 <a href=\"https:\/\/www.nouveautes-tele.com\/118986-nouveau-feuilleton-sur-tf1.html\" target=\"_blank\" rel=\"noopener\"><strong>voir les r\u00e9sum\u00e9s en avance de Ici tout commence <\/strong> <\/a> archiv\u00e9s par semaine). <\/p>\n<p>Le r\u00e9cap de l\u2019\u00e9pisode pr\u00e9c\u00e9dent  <a href=\"https:\/\/www.nouveautes-tele.com\/335435-josephine-et-loup-declenchent-un-drame-le-feu-ravage-la-maison-de-clotilde-ici-tout-commence-31-decembre-2025-episode-1340.html\" target=\"_blank\" rel=\"noopener\">ITC \u00e9pisode 1339<\/a> est en ligne avec en bonus <a href=\"https:\/\/www.nouveautes-tele.com\/category\/ici-tout-commence\" target=\"_blank\" rel=\"noopener\"><strong>les indiscr\u00e9tions sur Ici tout commence<\/strong><\/a> le feuilleton t\u00e9l\u00e9vis\u00e9 de TF1.<\/p>\n<p>  \ud83d\udccc Quels sont les temps forts de l\u2019\u00e9pisode d\u2019Ici tout commence en avance du 1er janvier 2026? en bref, l\u2019\u00e9pisode ITC 1341 <\/p>\n<ul>\n<li><strong>Loup a menti \u00e0 Clotilde et Joachim<\/strong> sur l\u2019origine de l\u2019incendie pour prot\u00e9ger Jos\u00e9phine<\/li>\n<li><strong>Clotilde d\u00e9couvre le blouson et les pilules<\/strong> de Jos\u00e9phine avant qu\u2019elle ne puisse les r\u00e9cup\u00e9rer <\/li>\n<li><strong>Clotilde menace Jos\u00e9phine<\/strong> : elle doit quitter Loup ou elle sera d\u00e9nonc\u00e9e \u00e0 la police et vir\u00e9e de l\u2019institut<\/li>\n<li><strong>Anouk a compris pour Loup et Jos\u00e9phine<\/strong> mais promet de garder le secret et de ne pas les trahir<\/li>\n<li><strong>Olivia et Solal s\u2019associent<\/strong> : il la coache pour le running et elle l\u2019aide \u00e0 trouver un concept pour l\u2019atelier<\/li>\n<\/ul>\n<p><\/p>\n<p>Tout ce qu\u2019il faut savoir sur l\u2019\u00e9pisode 1341 d\u2019Ici tout commence du 1er janvier 2026, tous les <strong>spoilers complets<\/strong> par rapport aux intrigues du jour \u00e0 Calvi\u00e8res.<\/p>\n<p>Ici tout commence en avance : Loup a menti<br \/>\n<img loading=\"lazy\" decoding=\"async\" aria-describedby=\"caption-attachment-335617\" src=\"data:image\/svg+xml,%3Csvg%20xmlns=\" http:=\"\" alt=\"angele itc \" width=\"1200\" height=\"692\" class=\"size-full wp-image-335617\" data-lazy- data-lazy- data-lazy-src=\"https:\/\/www.europesays.com\/fr\/wp-content\/uploads\/2025\/12\/itc-1341b.jpg\"\/><\/p>\n<p id=\"caption-attachment-335617\" class=\"wp-caption-text\">Le lendemain du r\u00e9veillon est compliqu\u00e9 pour Ang\u00e8le<\/p>\n<p>Loup a une br\u00fblure \u00e0 la main. Il demande pardon \u00e0 Clotilde et Joachim. Constance se veut rassurante, <strong>la br\u00fblure est superficielle<\/strong>.<br \/><strong>Loup a neutralis\u00e9 le feu<\/strong> avant que \u00e7a prenne de l\u2019ampleur.<br \/>Loup raconte qu\u2019il a boss\u00e9 tard avec Revero, il s\u2019est fait \u00e0 manger avant la soir\u00e9e et comme \u00e7a sentait le fromage, <strong>il a mis une bougie parfum\u00e9e<\/strong>.<br \/>Gaspard d\u00e9barque \u00e0 la ferme avec les croissants : il retrouve Coline et Ang\u00e8le au canap\u00e9. Ang\u00e8le a la gueule de bois, elle part se recoucher. <strong>C\u00e9sar est approuv\u00e9 par Ang\u00e8le<\/strong>. Coline panique, C\u00e9sar est un mec parfait. Gaspard lui dit : \u00ab\u00a0cette ann\u00e9e c\u2019est toi la reine, il a de la chance d\u2019entrer dans ta vie\u00a0\u00bb.<br \/>Loup dit \u00e0 Jos\u00e9phine qu\u2019<strong>il a menti \u00e0 Joachim et Clotilde<\/strong> pour apaiser les choses. Jo pense que Loup n\u2019aurait pas d\u00fb tout prendre sur lui.<br \/><img loading=\"lazy\" decoding=\"async\" aria-describedby=\"caption-attachment-335621\" src=\"data:image\/svg+xml,%3Csvg%20xmlns=\" http:=\"\" alt=\"clotilde ic \" width=\"1200\" height=\"674\" class=\"size-full wp-image-335621\" data-lazy- data-lazy- data-lazy-src=\"https:\/\/www.europesays.com\/fr\/wp-content\/uploads\/2025\/12\/itc-1341vbs.jpg\"\/><\/p>\n<p id=\"caption-attachment-335621\" class=\"wp-caption-text\">Clotilde avait peur que Loup prot\u00e8ge Jos\u00e9phine<\/p>\n<p>&#13;<br \/>\n<br \/>&#13;<\/p>\n<p>Claire est de retour, Olivia lui dit qu\u2019elle a pris la r\u00e9solution de se mettre au running. Claire n\u2019y croit pas une seconde : chaque fois Olivia prend des r\u00e9solutions et \u00e7a tombe \u00e0 l\u2019eau.<br \/><strong>Claire et Olivia se clashent<\/strong>\u2026 l\u2019une ne fait que parler de son resto \u00e9toil\u00e9 et l\u2019autre de MOF.<br \/>Clotilde se pose des questions, elle pense que <strong>Loup cache quelque chose<\/strong>. Il se confie \u00e0 Joachim et Marc. Clotilde se demande si Loup \u00e9tait avec Jos\u00e9phine le soir du r\u00e9veillon.<\/p>\n<p><img loading=\"lazy\" decoding=\"async\" aria-describedby=\"caption-attachment-335625\" src=\"data:image\/svg+xml,%3Csvg%20xmlns=\" http:=\"\" alt=\"anouk itc \" width=\"1200\" height=\"698\" class=\"size-full wp-image-335625\" data-lazy- data-lazy- data-lazy-src=\"https:\/\/www.europesays.com\/fr\/wp-content\/uploads\/2025\/12\/itc-1341vbss.jpg\"\/><\/p>\n<p id=\"caption-attachment-335625\" class=\"wp-caption-text\">Anouk garde le secret de Loup<\/p>\n<p>Ici tout commence 1er janvier 2026 : Olivia et Solal la team de choc<br \/>\n<br \/>Solal pense que le No\u00ebl du futur c\u2019\u00e9tait une mauvaise id\u00e9e pour l\u2019atelier. <strong>Il veut changer de concept<\/strong>. Zo\u00e9 pense que c\u2019est risqu\u00e9.<br \/>Jos\u00e9phine confie \u00e0 Fleur qu\u2019elle ne trouve pas son blouson, elle pense qu\u2019il est chez Clotilde. Et en plus dans ce blouson, <strong>il y a les pilules d\u2019ecstasy<\/strong>. Fleur va l\u2019aider \u00e0 le r\u00e9cup\u00e9rer.<br \/><strong>Anouk a grill\u00e9 Loup<\/strong>, elle a compris qu\u2019il \u00e9tait avec Jos\u00e9phine. Elle promet de ne rien dire \u00e0 Clotilde, elle n\u2019est pas une balance.<br \/><img loading=\"lazy\" decoding=\"async\" aria-describedby=\"caption-attachment-335623\" src=\"data:image\/svg+xml,%3Csvg%20xmlns=\" http:=\"\" alt=\"coline itc \" width=\"1200\" height=\"683\" class=\"size-full wp-image-335623\" data-lazy- data-lazy- data-lazy-src=\"https:\/\/www.europesays.com\/fr\/wp-content\/uploads\/2025\/12\/itc-1341vbsqs.jpg\"\/><\/p>\n<p id=\"caption-attachment-335623\" class=\"wp-caption-text\">Coline manque de confiance en elle<\/p>\n<p>Anouk est au bord des larmes, <strong>\u00e7a fait quasi un an que son second Jean s\u2019est suicid\u00e9<\/strong>.<br \/>C\u00e9sar dit \u00e0 Coline que depuis le d\u00e9but il l\u2019a toujours regard\u00e9e mais il n\u2019en avait pas conscience. C\u00e9sar rassure Coline : \u00ab\u00a0<strong>nous deux c\u2019est tout sauf un malentendu<\/strong>, il faut que tu me croies\u00a0\u00bb.<br \/><strong>Clotilde a trouv\u00e9 le blouson de Jos\u00e9phine et les pilules<\/strong> avant m\u00eame qu\u2019elle puisse le r\u00e9cup\u00e9rer. Jos\u00e9phine reconna\u00eet qu\u2019elle \u00e9tait avec Loup le soir du r\u00e9veillon et qu\u2019elle a mis des bougies pour lui faire une surprise. <strong>Clotilde menace Jos\u00e9phine<\/strong> : elle doit mettre un terme \u00e0 sa relation avec Loup sinon elle appelle la police et la vire de l\u2019institut. Jos\u00e9phine dit qu\u2019elle ne peut pas lui dire d\u2019o\u00f9 viennent ces pilules, mais elle doit lui faire confiance, elle n\u2019en a jamais pris.<br \/><img loading=\"lazy\" decoding=\"async\" aria-describedby=\"caption-attachment-335615\" src=\"data:image\/svg+xml,%3Csvg%20xmlns=\" http:=\"\" alt=\"Fleur et Jo  itc \" width=\"1200\" height=\"692\" class=\"size-full wp-image-335615\" data-lazy- data-lazy- data-lazy-src=\"https:\/\/www.europesays.com\/fr\/wp-content\/uploads\/2025\/12\/itc-1341a.jpg\"\/><\/p>\n<p id=\"caption-attachment-335615\" class=\"wp-caption-text\">Fleur et Jo avaient pr\u00e9vu de r\u00e9cup\u00e9rer le blouson chez Clotilde et Joachim<\/p>\n<p>Olivia est \u00e0 bout, elle fait son footing aux marais. Elle croise Solal et il lui dit qu\u2019il fait 10 kms trois fois par semaine. <strong>Olivia propose \u00e0 Solal de la coacher<\/strong> pour le footing car Ga\u00e9tan est trop occup\u00e9. Solal accepte et en \u00e9change <strong>Olivia l\u2019aide pour son nouveau menu \u00e0 l\u2019atelier<\/strong>.<br \/><img loading=\"lazy\" decoding=\"async\" aria-describedby=\"caption-attachment-335627\" src=\"data:image\/svg+xml,%3Csvg%20xmlns=\" http:=\"\" alt=\"solal itc \" width=\"1200\" height=\"691\" class=\"size-full wp-image-335627\" data-lazy- data-lazy- data-lazy-src=\"https:\/\/www.europesays.com\/fr\/wp-content\/uploads\/2025\/12\/itc-1341vbsss.jpg\"\/><\/p>\n<p id=\"caption-attachment-335627\" class=\"wp-caption-text\">Solal nouveau coach sportif d\u2019Olivia<\/p>\n<p>&#13;<\/p>\n<p>\ud83d\udd1c Restez connect\u00e9s ! Le <strong>Ici tout commence du 2 janvier 2026 <\/strong> avec l\u2019\u00e9pisode 1342 arrive tr\u00e8s vite sur Nouveaut\u00e9s T\u00e9l\u00e9.<\/p>\n<p>  &#13;<br \/>\n&#13;<\/p>\n<p> \u00a0 \u00a0\ud83d\udcfa Ici tout commence &#8211; Intrigue \u00ab\u00a0Scandale\u00a0\u00bb<br \/>\n    &#13;<\/p>\n<tr>&#13;<br \/>\n            \ud83d\udcc5 Date&#13;<br \/>\n            \ud83c\udfac \u00c9pisode&#13;<br \/>\n            \ud83d\udd25 Point Cl\u00e9&#13;<br \/>\n        <\/tr>\n<p>&#13;<br \/>\n      &#13;<br \/>\n     &#13;<\/p>\n<tr>&#13;<br \/>\n \u00a0 \u00a0 \u00a0 \u00a0 \u00a0 \u00a0<\/p>\n<td>29 d\u00e9cembre 2025<\/td>\n<p>&#13;<\/p>\n<td><a href=\"https:\/\/www.nouveautes-tele.com\/335075-josephine-joue-avec-le-feu-loup-va-t-il-decouvrir-son-vrai-visage-ici-tout-commence-29-decembre-2025-episode-1338-resume-complet-itc.html\" target=\"_blank\" rel=\"noopener\"><strong>1338<\/strong><\/a><\/td>\n<p>&#13;<br \/>\n \u00a0 \u00a0 \u00a0 \u00a0 \u00a0 \u00a0<\/p>\n<td>Fleur et Jos\u00e9phine se disputent \u00e0 cause du secret<\/td>\n<p>&#13;<br \/>\n        <\/tr>\n<p>&#13;<\/p>\n<tr>&#13;<br \/>\n \u00a0 \u00a0 \u00a0 \u00a0 \u00a0 \u00a0<\/p>\n<td>30 d\u00e9cembre 2025<\/td>\n<p>&#13;<\/p>\n<td><a href=\"https:\/\/www.nouveautes-tele.com\/335285-milan-derape-andrea-insultee-anais-le-sanctionne-lourdement-ici-tout-commence-30-decembre-2025-episode-1339-resume-complet-itc.html\" target=\"_blank\" rel=\"noopener\"><strong>1339<\/strong><\/a><\/td>\n<p>&#13;<br \/>\n \u00a0 \u00a0 \u00a0 \u00a0 \u00a0 \u00a0<\/p>\n<td>Jos\u00e9phine se retrouve avec les pilules de Bianca<\/td>\n<p>&#13;<br \/>\n        <\/tr>\n<p>&#13;<\/p>\n<tr>&#13;<br \/>\n \u00a0 \u00a0 \u00a0 \u00a0 \u00a0 \u00a0<\/p>\n<td>31 d\u00e9cembre 2025<\/td>\n<p>&#13;<\/p>\n<td><a href=\"https:\/\/www.nouveautes-tele.com\/335435-josephine-et-loup-declenchent-un-drame-le-feu-ravage-la-maison-de-clotilde-ici-tout-commence-31-decembre-2025-episode-1340.html\" target=\"_blank\" rel=\"noopener\"><strong>1340<\/strong><\/a><\/td>\n<p>&#13;<br \/>\n \u00a0 \u00a0 \u00a0 \u00a0 \u00a0 \u00a0<\/p>\n<td>Jos\u00e9phine met le feu chez Clotilde<\/td>\n<p>&#13;<br \/>\n        <\/tr>\n<p>&#13;<br \/>\n\t \t\t&#13;<\/p>\n<p> \ud83d\udcac Commentez les \u00e9pisodes sur <strong><a href=\"https:\/\/www.nouveautes-tele.com\/141204-ici-tout-commence-tf1-la-date-de-diffusion-et-horaire.html\" target=\"_blank\" rel=\"noopener\">le forum d\u2019Ici tout commence<\/a><\/strong> chaque jour.  <\/p>\n<p>Retrouvez <a href=\"https:\/\/www.nouveautes-tele.com\/140975-audience-ici-tout-commence-tf1.html\" target=\"_blank\" rel=\"noopener\"><strong>les audiences ITC<\/strong><\/a> quotidiennes de la s\u00e9rie. <\/p>\n<p>Fan d\u2019Ici tout commence ? les s\u00e9ries \u00e0 ne pas manquer <\/p>\n<p>Si vous d\u00e9vorez Ici tout commence chaque jour, voici les s\u00e9ries qui devraient aussi titiller votre curiosit\u00e9\u2026 : le feuilleton \u00e0 19H10 <a href=\"https:\/\/www.nouveautes-tele.com\/62784-resume-demain-nous-appartient-tf1-en-avance-spoilers-devoiles.html\" target=\"_blank\" rel=\"noopener\"><strong>Demain nous appartient <\/strong><\/a> avec Ingrid Chauvin sur TF1 et \u00e0 20H45 <a href=\"https:\/\/www.nouveautes-tele.com\/86457-grand-soleil-le-guide-complet-du-feuilleton-france-2-rentree-2018.html\" target=\"_blank\" rel=\"noopener\"><strong>Un si grand soleil<\/strong><\/a> juste avant le prime-time de France 3. Quant \u00e0 la s\u00e9rie <a href=\"https:\/\/www.nouveautes-tele.com\/38439-plus-belle-la-vie-le-guide-des-resumes-et-spoilers.html\" target=\"_blank\" rel=\"noopener\"><strong>Plus belle la vie sur TF1<\/strong><\/a> c\u2019est chaque jour \u00e0 14h, et la vie est encore plus belle. <\/p>\n<p>                          <img loading=\"lazy\" decoding=\"async\" width=\"512\" height=\"512\" src=\"data:image\/svg+xml,%3Csvg%20xmlns=\" http:=\"\" alt=\"Logo de Nouveaut\u00e9 t\u00e9l\u00e9\" data-lazy-src=\"https:\/\/www.europesays.com\/fr\/wp-content\/uploads\/2025\/06\/nt-logo.png\"\/><\/p>\n<p>\t\t\t  Isabelle Corteilles<\/p>\n<p>Titou, fondatrice de Nouveaut\u00e9s T\u00e9l\u00e9 en 2014, passionn\u00e9e de m\u00e9dias et incollable sur l\u2019actualit\u00e9 des s\u00e9ries t\u00e9l\u00e9. De la g\u00e9n\u00e9ration Dawson\u2019s Creek et Sous le Soleil, je navigue aujourd\u2019hui entre le Spoon de DNA, les marais salants d\u2019ITC, le Mistral de PBLV et les Sauvages d\u2019Un Si Grand Soleil, pour ne rien rater des derni\u00e8res intrigues et des indiscr\u00e9tions.<\/p>\n","protected":false},"excerpt":{"rendered":"D\u00e9couvrez le r\u00e9sum\u00e9 complet d\u2019Ici tout commence en avance du jeudi 1er janvier 2026 avec l\u2019\u00e9pisode 1341. Clotilde&hellip;\n","protected":false},"author":2,"featured_media":627148,"comment_status":"","ping_status":"","sticky":false,"template":"","format":"standard","meta":{"footnotes":""},"categories":[1356],"tags":[58,59,1011,27,252,1364],"class_list":{"0":"post-627147","1":"post","2":"type-post","3":"status-publish","4":"format-standard","5":"has-post-thumbnail","7":"category-television","8":"tag-divertissement","9":"tag-entertainment","10":"tag-fr","11":"tag-france","12":"tag-television","13":"tag-tv"},"share_on_mastodon":{"url":"https:\/\/pubeurope.com\/@fr\/115801888235457520","error":""},"_links":{"self":[{"href":"https:\/\/www.europesays.com\/fr\/wp-json\/wp\/v2\/posts\/627147","targetHints":{"allow":["GET"]}}],"collection":[{"href":"https:\/\/www.europesays.com\/fr\/wp-json\/wp\/v2\/posts"}],"about":[{"href":"https:\/\/www.europesays.com\/fr\/wp-json\/wp\/v2\/types\/post"}],"author":[{"embeddable":true,"href":"https:\/\/www.europesays.com\/fr\/wp-json\/wp\/v2\/users\/2"}],"replies":[{"embeddable":true,"href":"https:\/\/www.europesays.com\/fr\/wp-json\/wp\/v2\/comments?post=627147"}],"version-history":[{"count":0,"href":"https:\/\/www.europesays.com\/fr\/wp-json\/wp\/v2\/posts\/627147\/revisions"}],"wp:featuredmedia":[{"embeddable":true,"href":"https:\/\/www.europesays.com\/fr\/wp-json\/wp\/v2\/media\/627148"}],"wp:attachment":[{"href":"https:\/\/www.europesays.com\/fr\/wp-json\/wp\/v2\/media?parent=627147"}],"wp:term":[{"taxonomy":"category","embeddable":true,"href":"https:\/\/www.europesays.com\/fr\/wp-json\/wp\/v2\/categories?post=627147"},{"taxonomy":"post_tag","embeddable":true,"href":"https:\/\/www.europesays.com\/fr\/wp-json\/wp\/v2\/tags?post=627147"}],"curies":[{"name":"wp","href":"https:\/\/api.w.org\/{rel}","templated":true}]}}