{"id":627149,"date":"2025-12-29T08:22:11","date_gmt":"2025-12-29T08:22:11","guid":{"rendered":"https:\/\/www.europesays.com\/fr\/627149\/"},"modified":"2025-12-29T08:22:11","modified_gmt":"2025-12-29T08:22:11","slug":"gims-en-tete-des-plus-grosses-ventes-dalbums-en-2025-theodora-signe-la-meilleure-performance-feminine-a-la-4%e1%b5%89-place","status":"publish","type":"post","link":"https:\/\/www.europesays.com\/fr\/627149\/","title":{"rendered":"Gims en t\u00eate des plus grosses ventes d\u2019albums en\u00a02025, Theodora signe la meilleure performance f\u00e9minine \u00e0 la 4\u1d49 place"},"content":{"rendered":"<p>                      <img loading=\"lazy\" decoding=\"async\" src=\"https:\/\/www.europesays.com\/fr\/wp-content\/uploads\/2025\/12\/f5ada3f_upload-1-nmipk0v1h5vz-000-73mq4ay.jpg\" alt=\"Le chanteur Gims au festival Golden Coast, \u00e0 Corcelles-les-Monts (C\u00f4te-d\u2019Or), le 6\u00a0septembre 2025.\"   width=\"664\" height=\"443\"\/>    Le chanteur Gims au festival Golden Coast, \u00e0 Corcelles-les-Monts (C\u00f4te-d\u2019Or), le 6\u00a0septembre 2025.  ARNAUD FINISTRE\/AFP                          <\/p>\n<p class=\"article__paragraph  \">Le chanteur et rappeur Gims s\u2019est impos\u00e9 comme le plus gros vendeur d\u2019albums en France en\u00a02025 et l\u2019artiste Theodora a sign\u00e9 la meilleure performance f\u00e9minine, se hissant \u00e0 la 4e place d\u2019un classement domin\u00e9 par le rap, a d\u00e9voil\u00e9, lundi 29\u00a0d\u00e9cembre, l<a href=\"https:\/\/snepmusique.com\/communiques-dossiers-de-presse\/les-performances-2025\/\" target=\"_blank\" rel=\"noopener\" title=\"Nouvelle fen\u00eatre\">e Syndicat national de l\u2019\u00e9dition phonographique<\/a> (SNEP).<\/p>\n<p>                                            Lire aussi |  Article r\u00e9serv\u00e9 \u00e0 nos abonn\u00e9s  <a href=\"https:\/\/www.lemonde.fr\/culture\/article\/2025\/12\/20\/a-la-defense-arena-gims-deroule-ses-tubes-dans-une-relative-solitude_6658959_3246.html\" class=\"js-article-read-also catcher--favoris__link\" data-premium=\"1\" id=\"article-title-3451723\" target=\"_blank\" rel=\"noopener\">A Paris-La D\u00e9fense Arena, Gims d\u00e9roule ses tubes dans une relative solitude<\/a>    <\/p>\n<p>   Lire plus tard  <\/p>\n<p class=\"article__paragraph  \">Gims s\u2019empare de la premi\u00e8re place avec Le Nord se souvient\u00a0: l\u2019odyss\u00e9e, un album sorti \u00e0 la fin du mois de novembre, bien apr\u00e8s sa version num\u00e9rique, avec une liste de morceaux \u00e9volutive au fil des mois. Gr\u00e2ce \u00e0 cette strat\u00e9gie taill\u00e9e pour le streaming, l\u2019artiste congolais a maintenu son opus en haut des charts, port\u00e9 par des tubes comme Ninao ou Ciel.<\/p>\n<p class=\"article__paragraph  \">\u00ab\u00a0Les dix meilleures ventes de l\u2019ann\u00e9e sont port\u00e9es par des artistes produits en France et chantant en fran\u00e7ais\u00a0\u00bb, a soulign\u00e9 le SNEP, dont le classement officiel cumule ventes physiques, en t\u00e9l\u00e9chargement et \u00e9coutes en streaming converties en \u00e9quivalent-ventes.<\/p>\n<p>                                        Jul en deuxi\u00e8me position                    <\/p>\n<p class=\"article__paragraph  \">Le rappeur marseillais Jul pointe, lui, en deuxi\u00e8me position\u00a0: toujours prolifique, il place dans le top 10 D&amp;P \u00e0 vie mais aussi TP sur TP, double album sorti seulement d\u00e9but d\u00e9cembre. Ce r\u00e9sultat tient en partie au choix de l\u2019artiste, le plus stream\u00e9 en France ces derni\u00e8res ann\u00e9es, de coupler l\u2019achat de billets pour ses concerts au Stade de France et au V\u00e9lodrome en mai \u00e0 l\u2019achat de cet album.<\/p>\n<p class=\"article__paragraph  \">Jul n\u2019est pas le seul \u00e0 recourir \u00e0 cette technique appel\u00e9e \u00ab\u00a0bundle\u00a0\u00bb (offre group\u00e9e, qui peut aussi inclure un pack VIP, une rencontre avec la star,\u00a0etc.), pourtant d\u00e9cri\u00e9e par certains fans.<\/p>\n<p class=\"article__paragraph  \">Le SNEP, qui repr\u00e9sente les int\u00e9r\u00eats des labels fran\u00e7ais et d\u00e9livre aussi les certifications or, platine et diamant, a annonc\u00e9 lundi des \u00e9volutions des r\u00e8gles de comptabilisation des ventes de musique, pour mieux \u00ab\u00a0refl\u00e9ter les \u00e9volutions de march\u00e9\u00a0\u00bb. Entr\u00e9es en vigueur depuis le 26\u00a0d\u00e9cembre, elles pr\u00e9voient notamment un encadrement de la vente de bundles. \u00ab\u00a0Outre une information claire du client, elle impose d\u00e9sormais que l\u2019album et les billets de spectacle soient syst\u00e9matiquement offerts \u00e0 la vente individuellement\u00a0\u00bb, a-t-il d\u00e9taill\u00e9.<\/p>\n<p class=\"article__paragraph  \">Champion des ventes d\u2019albums en\u00a02023 et 2024, le rappeur francilien <a href=\"https:\/\/www.lemonde.fr\/disparitions\/article\/2025\/05\/17\/werenoi-rappeur-numero-un-des-ventes-d-albums-en-france-en-2024-est-mort-a-l-age-de-31-ans_6606551_3382.html\" target=\"_blank\" rel=\"noopener\">Werenoi, mort brutalement en mai, \u00e0 31\u00a0ans<\/a>, reste tr\u00e8s \u00e9cout\u00e9\u00a0: Diamant noir demeure le troisi\u00e8me album le plus vendu cette ann\u00e9e, devant Pyramide 2, en cinqui\u00e8me position.<\/p>\n<p>                                       Lire aussi |  Article r\u00e9serv\u00e9 \u00e0 nos abonn\u00e9s  <a href=\"https:\/\/www.lemonde.fr\/disparitions\/article\/2025\/05\/17\/la-mort-du-rappeur-francais-werenoi-a-31-ans-en-pleine-gloire_6606583_3382.html\" class=\"js-article-read-also catcher--favoris__link\" data-premium=\"1\" id=\"article-title-3422961\" target=\"_blank\" rel=\"noopener\">La mort du rappeur fran\u00e7ais Werenoi, \u00e0 31\u00a0ans, en pleine gloire<\/a>    <\/p>\n<p>   Lire plus tard  <\/p>\n<p>                          Ascension fulgurante                    <\/p>\n<p class=\"article__paragraph  \">Dans un top 10 marqu\u00e9 par l\u2019h\u00e9g\u00e9monie des rappeurs masculins (Damso, le groupe L2B, Tiakola, Keblack), Theodora signe la meilleure performance pour une artiste f\u00e9minine. Sa quatri\u00e8me place est d\u2019autant plus remarqu\u00e9e qu\u2019elle refl\u00e8te le succ\u00e8s de son Mega BBL, r\u00e9\u00e9dition de sa premi\u00e8re mixtape intitul\u00e9e Bad Boy Lovestory. La chanteuse franco-congolaise de 22\u00a0ans, n\u00e9e en Suisse et qui a v\u00e9cu dans plusieurs pays, est lou\u00e9e pour sa musique novatrice, \u00e0 la crois\u00e9e des styles musicaux et aussi affirm\u00e9e que sa personnalit\u00e9.<\/p>\n<p>                                       Lire le reportage\u00a0|  Article r\u00e9serv\u00e9 \u00e0 nos abonn\u00e9s  <a href=\"https:\/\/www.lemonde.fr\/culture\/article\/2025\/08\/16\/theodora-le-phenomene-pop-de-l-ete_6630443_3246.html\" class=\"js-article-read-also catcher--favoris__link\" data-premium=\"1\" id=\"article-title-3434577\" target=\"_blank\" rel=\"noopener\">Theodora, le ph\u00e9nom\u00e8ne pop de l\u2019\u00e9t\u00e9<\/a>    <\/p>\n<p>   Lire plus tard  <\/p>\n<p class=\"article__paragraph  \">Ayant connu une ascension fulgurante depuis 2024, celle que l\u2019on surnomme la \u00ab\u00a0Boss lady\u00a0\u00bb a rempli quatre dates au Z\u00e9nith de Paris en mars et sera t\u00eate d\u2019affiche de plusieurs festivals de l\u2019\u00e9t\u00e9. Les femmes restent toutefois sous-repr\u00e9sent\u00e9es dans ce classement\u00a0: seules cinq productions d\u2019artistes f\u00e9minines, dont Helena et Santa, figurent dans les 20 meilleures ventes d\u2019albums.<\/p>\n<p> Le Monde Ateliers  <\/p>\n<p> <a href=\"https:\/\/ateliers.lemonde.fr\/?inread\" class=\"inread__link js-services-inread-link\" target=\"_blank\" rel=\"noopener\">  <\/p>\n<p>Cours en ligne, cours du soir, ateliers : d\u00e9veloppez vos comp\u00e9tences<\/p>\n<p>D\u00e9couvrir<\/p>\n<p> <\/a>      <\/p>\n<p> Newsletter  <\/p>\n<p> <a href=\"https:\/\/www.lemonde.fr\/newsletters\/la-revue-du-monde\/\" class=\"inread__link js-services-inread-link\" target=\"_blank\" rel=\"noopener\">  <\/p>\n<p>\u00ab La revue du Monde \u00bb<\/p>\n<p>Chaque week-end, la r\u00e9daction s\u00e9lectionne les articles de la semaine qu\u2019il ne fallait pas manquer<\/p>\n<p>S&rsquo;inscrire<\/p>\n<p> <\/a>          <\/p>\n<p> Privil\u00e8ges abonn\u00e9  <\/p>\n<p> <a href=\"https:\/\/evenements-abonnes.lemonde.fr\/\" class=\"inread__link js-services-inread-link\" target=\"_blank\" rel=\"noopener\">  <\/p>\n<p>Le Monde \u00e9v\u00e9nements abonn\u00e9s<\/p>\n<p>Expositions, concerts, rencontres avec la r\u00e9daction\u2026 Assistez \u00e0 des \u00e9v\u00e9nements partout en France !<\/p>\n<p>R\u00e9server des places<\/p>\n<p> <\/a>             <\/p>\n<p class=\"article__paragraph  \">Dans l\u2019ensemble du classement \u2013 qui prend en compte les 200 meilleures performances, pour mieux illustrer les dynamiques et les nouvelles tendances \u2013, 55 albums d\u2019artistes f\u00e9minines ou groupe avec une chanteuse comme leader sont comptabilis\u00e9s en\u00a02025, \u00ab\u00a0soit 11 de plus qu\u2019en\u00a02024\u00a0\u00bb, selon le SNEP. \u00ab\u00a0Ces r\u00e9sultats t\u00e9moignent d\u2019une trajectoire positive, mais soulignent \u00e9galement une marge de progression importante\u00a0: ces projets ne repr\u00e9sentent \u00e0 ce stade que 28\u00a0% du top albums\u00a0\u00bb, souligne-t-il.<\/p>\n<p class=\"article__paragraph  \">Enfin au rayon international, les albums les plus vendus en France reviennent au roi du reggaeton Bad Bunny, au ph\u00e9nom\u00e8ne musical de Netflix KPop Demon Hunters avec son hymne plan\u00e9taire Golden, et \u00e0 l\u2019artiste am\u00e9ricaine Billie Eilish pour Hit Me Hard and Soft.<\/p>\n<p>                                       Lire aussi |  Article r\u00e9serv\u00e9 \u00e0 nos abonn\u00e9s  <a href=\"https:\/\/www.lemonde.fr\/politique\/article\/2025\/08\/15\/le-rap-francais-est-il-encore-politique_6629679_823448.html\" class=\"js-article-read-also catcher--favoris__link\" data-premium=\"1\" id=\"article-title-3429587\" target=\"_blank\" rel=\"noopener\">Le rap fran\u00e7ais est-il encore politique\u00a0?<\/a>    <\/p>\n<p>   Lire plus tard  <\/p>\n<p class=\"author__detail\">  Le Monde avec AFP  <\/p>\n<p>                <a href=\"https:\/\/www.lemonde.fr\/syndication\/\" class=\"reuse__content\" title=\"R\u00e9utiliser ce contenu\" target=\"_blank\" rel=\"noopener\">R\u00e9utiliser ce contenu<\/a>      <\/p>\n","protected":false},"excerpt":{"rendered":"Le chanteur Gims au festival Golden Coast, \u00e0 Corcelles-les-Monts (C\u00f4te-d\u2019Or), le 6\u00a0septembre 2025. ARNAUD FINISTRE\/AFP Le chanteur et&hellip;\n","protected":false},"author":2,"featured_media":627150,"comment_status":"","ping_status":"","sticky":false,"template":"","format":"standard","meta":{"footnotes":""},"categories":[1355],"tags":[58,59,1011,27,1361,873],"class_list":{"0":"post-627149","1":"post","2":"type-post","3":"status-publish","4":"format-standard","5":"has-post-thumbnail","7":"category-musique","8":"tag-divertissement","9":"tag-entertainment","10":"tag-fr","11":"tag-france","12":"tag-music","13":"tag-musique"},"share_on_mastodon":{"url":"https:\/\/pubeurope.com\/@fr\/115801892078033684","error":""},"_links":{"self":[{"href":"https:\/\/www.europesays.com\/fr\/wp-json\/wp\/v2\/posts\/627149","targetHints":{"allow":["GET"]}}],"collection":[{"href":"https:\/\/www.europesays.com\/fr\/wp-json\/wp\/v2\/posts"}],"about":[{"href":"https:\/\/www.europesays.com\/fr\/wp-json\/wp\/v2\/types\/post"}],"author":[{"embeddable":true,"href":"https:\/\/www.europesays.com\/fr\/wp-json\/wp\/v2\/users\/2"}],"replies":[{"embeddable":true,"href":"https:\/\/www.europesays.com\/fr\/wp-json\/wp\/v2\/comments?post=627149"}],"version-history":[{"count":0,"href":"https:\/\/www.europesays.com\/fr\/wp-json\/wp\/v2\/posts\/627149\/revisions"}],"wp:featuredmedia":[{"embeddable":true,"href":"https:\/\/www.europesays.com\/fr\/wp-json\/wp\/v2\/media\/627150"}],"wp:attachment":[{"href":"https:\/\/www.europesays.com\/fr\/wp-json\/wp\/v2\/media?parent=627149"}],"wp:term":[{"taxonomy":"category","embeddable":true,"href":"https:\/\/www.europesays.com\/fr\/wp-json\/wp\/v2\/categories?post=627149"},{"taxonomy":"post_tag","embeddable":true,"href":"https:\/\/www.europesays.com\/fr\/wp-json\/wp\/v2\/tags?post=627149"}],"curies":[{"name":"wp","href":"https:\/\/api.w.org\/{rel}","templated":true}]}}