{"id":62715,"date":"2025-04-29T21:01:09","date_gmt":"2025-04-29T21:01:09","guid":{"rendered":"https:\/\/www.europesays.com\/fr\/62715\/"},"modified":"2025-04-29T21:01:09","modified_gmt":"2025-04-29T21:01:09","slug":"thibault-guernalec-jai-tout-bien-fait-actualite","status":"publish","type":"post","link":"https:\/\/www.europesays.com\/fr\/62715\/","title":{"rendered":"Thibault Guernalec : \u00ab J&rsquo;ai tout bien fait \u00bb &#8211; Actualit\u00e9"},"content":{"rendered":"<p style=\"text-align: justify;\">Premier Top 10 pour Thibault Guernalec en WorldTour. Le rouleur d\u2019Ark\u00e9a-B&amp;B H\u00f4tels a pris ce mardi la 7e place du prologue du Tour de Romandie, disput\u00e9 sur 3440 m\u00e8tres du c\u00f4t\u00e9 de Saint-Imier (<strong><a href=\"https:\/\/www.directvelo.com\/actualite\/120278\/tour-de-romandie-prologue-classements\" target=\"_blank\" rel=\"noopener\">voir classement<\/a><\/strong>). \u201c\u00c7a fait toujours plaisir d\u2019avoir un r\u00e9sultat, on court pour \u00e7a. Ma derni\u00e8re place date de l\u2019\u00c9toile de Bess\u00e8ges (4e du\u00a0chrono final et 5e du g\u00e9n\u00e9ral, NDLR). C&rsquo;est bien quand m\u00eame d&rsquo;en avoir de temps en temps. En tout cas, \u00e7a permet de repartir \u00e0 l&rsquo;entra\u00eenement motiv\u00e9\u201d, appr\u00e9cie-t-il aupr\u00e8s de DirectVelo.<\/p>\n<p>Le Finist\u00e9rien avait bien pr\u00e9par\u00e9 son affaire ces derniers jours pour \u00eatre performant sur ce prologue mais aussi, dimanche prochain, sur le contre-la-montre final de l\u2019\u00e9preuve romande. \u201cIl faut faire des efforts violents \u00e0 l\u2019entra\u00eenement, il n&rsquo;y a pas le choix\u201d. Les coureurs ont h\u00e9sit\u00e9 entre le v\u00e9lo traditionnel et celui de chrono. Lui a fait le second choix. \u201cQuand on regardait le parcours, \u00e7a pouvait laisser penser \u00e0 un chrono pour les puncheurs. Mais franchement, sur le haut du parcours, il fallait quand m\u00eame en remettre, \u00eatre en position et rouler vite\u201d.<\/p>\n<p><strong>REST\u00c9 SUR SA FAIM AU TOUR DU PAYS BASQUE<\/strong><\/p>\n<p>Le sp\u00e9cialiste de l\u2019effort solitaire n\u2019a rien laiss\u00e9 au hasard. \u201cJe pense qu&rsquo;il fallait bien conna\u00eetre le parcours. Ce n&rsquo;est pas forc\u00e9ment mon fort de virer tr\u00e8s vite, mais j&rsquo;ai d\u00fb faire six ou sept fois le tour \u00e0 l&rsquo;\u00e9chauffement. J&rsquo;ai fait chaque partie \u00e0 fond au moins une fois. Je l&rsquo;avais bien en t\u00eate, je connaissais tout par c\u0153ur\u201d. Class\u00e9 \u00e0 quatre secondes de Sam Watson, il ne nourrit aucun regret. \u201cJ&rsquo;ai tout bien fait, je pense. J\u2019ai m\u00eame pris le d\u00e9part sans me prendre la t\u00eate, \u00e7a ne reste que trois kilom\u00e8tres. \u00c7a aurait \u00e9t\u00e9 b\u00eate de tomber\u2026\u201d.<\/p>\n<p>Cette belle performance arrive apr\u00e8s un Tour du Pays Basque compliqu\u00e9 pour Thibault Guernalec. \u201cJ\u2019\u00e9tais rest\u00e9 sur ma faim l\u00e0-bas. La condition \u00e9tait un peu mauvaise. Sur le chrono, j\u2019avais fait 21e, j&rsquo;\u00e9tais loin de mes bonnes performances. Je ne sais pas trop pourquoi, \u00e7a arrive aussi \u00a0les coups de mou. C&rsquo;est bien de revenir en forme\u201d. Il compte bien en profiter cette semaine, aupr\u00e8s d\u2019une \u00e9quipe ambitieuse. \u201cOn a encore plein de belles choses \u00e0 faire. J&rsquo;esp\u00e8re qu&rsquo;on va nous voir toute la semaine. On a une \u00e9quipe pour jouer tous les jours, avec Amaury (Capiot) et Cl\u00e9ment (Venturini) pour les sprints, ou Cristian (Rodriguez) pour le classement g\u00e9n\u00e9ral\u201d. Sans oublier le chrono de Gen\u00e8ve o\u00f9 il aura forc\u00e9ment envie de finir comme il a d\u00e9but\u00e9 ce Tour de Romandie.\u00a0<\/p>\n","protected":false},"excerpt":{"rendered":"Premier Top 10 pour Thibault Guernalec en WorldTour. Le rouleur d\u2019Ark\u00e9a-B&amp;B H\u00f4tels a pris ce mardi la 7e&hellip;\n","protected":false},"author":2,"featured_media":62716,"comment_status":"","ping_status":"","sticky":false,"template":"","format":"standard","meta":{"footnotes":""},"categories":[1411],"tags":[834,828,836,829,837,827,83,826,824,823,1154,207,814,817,815,816,822,821,832,211,839,1011,27,820,818,819,835,831,830,833,838,60,212,208,825],"class_list":{"0":"post-62715","1":"post","2":"type-post","3":"status-publish","4":"format-standard","5":"has-post-thumbnail","7":"category-cyclisme","8":"tag-attaque","9":"tag-belgique","10":"tag-braquet","11":"tag-bretagne","12":"tag-chute","13":"tag-competition","14":"tag-coupe-de-france","15":"tag-coureur","16":"tag-course-cyclisme","17":"tag-course-cycliste","18":"tag-cycling","19":"tag-cyclisme","20":"tag-direct","21":"tag-direct-velo","22":"tag-directvelo","23":"tag-directvelo-com","24":"tag-epreuve","25":"tag-epreuve-cycliste","26":"tag-federation-francaise-de-cyclisme","27":"tag-ffc","28":"tag-flandres","29":"tag-fr","30":"tag-france","31":"tag-live","32":"tag-live-course","33":"tag-live-epreuve","34":"tag-peloton","35":"tag-radio-peloton","36":"tag-radio-tour","37":"tag-ravitaillement","38":"tag-relance","39":"tag-sports","40":"tag-uci","41":"tag-velo","42":"tag-velos"},"share_on_mastodon":{"url":"https:\/\/pubeurope.com\/@fr\/114423272838993826","error":""},"_links":{"self":[{"href":"https:\/\/www.europesays.com\/fr\/wp-json\/wp\/v2\/posts\/62715","targetHints":{"allow":["GET"]}}],"collection":[{"href":"https:\/\/www.europesays.com\/fr\/wp-json\/wp\/v2\/posts"}],"about":[{"href":"https:\/\/www.europesays.com\/fr\/wp-json\/wp\/v2\/types\/post"}],"author":[{"embeddable":true,"href":"https:\/\/www.europesays.com\/fr\/wp-json\/wp\/v2\/users\/2"}],"replies":[{"embeddable":true,"href":"https:\/\/www.europesays.com\/fr\/wp-json\/wp\/v2\/comments?post=62715"}],"version-history":[{"count":0,"href":"https:\/\/www.europesays.com\/fr\/wp-json\/wp\/v2\/posts\/62715\/revisions"}],"wp:featuredmedia":[{"embeddable":true,"href":"https:\/\/www.europesays.com\/fr\/wp-json\/wp\/v2\/media\/62716"}],"wp:attachment":[{"href":"https:\/\/www.europesays.com\/fr\/wp-json\/wp\/v2\/media?parent=62715"}],"wp:term":[{"taxonomy":"category","embeddable":true,"href":"https:\/\/www.europesays.com\/fr\/wp-json\/wp\/v2\/categories?post=62715"},{"taxonomy":"post_tag","embeddable":true,"href":"https:\/\/www.europesays.com\/fr\/wp-json\/wp\/v2\/tags?post=62715"}],"curies":[{"name":"wp","href":"https:\/\/api.w.org\/{rel}","templated":true}]}}