{"id":627161,"date":"2025-12-29T08:28:10","date_gmt":"2025-12-29T08:28:10","guid":{"rendered":"https:\/\/www.europesays.com\/fr\/627161\/"},"modified":"2025-12-29T08:28:10","modified_gmt":"2025-12-29T08:28:10","slug":"le-ministre-du-commerce-salue-une-hausse-de-la-consommation-des-francais-a-noel","status":"publish","type":"post","link":"https:\/\/www.europesays.com\/fr\/627161\/","title":{"rendered":"le ministre du Commerce salue une hausse de la consommation des Fran\u00e7ais \u00e0 No\u00ebl"},"content":{"rendered":"<p>\n    Les produits alimentaires sont \u00abplus abordables\u00bb, assure-t-il gr\u00e2ce \u00e0 un plus grand contr\u00f4le de l\u2019inflation. Il affirme vouloir simplifier l\u2019int\u00e9ressement des salari\u00e9s et soutenir les PME face aux retards de paiement.<\/p>\n<p class=\"fig-paragraph\">Le ministre des PME et du Commerce\u00a0<a href=\"https:\/\/www.lefigaro.fr\/tag\/serge-papin\" target=\"_blank\" rel=\"sponsored noopener\" data-gtm-custom-categorie=\"navigation\" data-gtm-custom-action=\"crossclick\" data-gtm-custom-label=\"Contextuel\" data-gtm-event=\"customEventSPE\">Serge Papin<\/a>\u00a0a salu\u00e9 une hausse de la\u00a0<a href=\"http:\/\/www.lefigaro.fr\/conso\/noel-2025-les-francais-comptent-depenser-491-euros-un-budget-moyen-au-plus-bas-depuis-2017-20251106\" data-fig-type=\"NewsFlash\" data-gtm-custom-categorie=\"navigation\" data-gtm-custom-action=\"crossclick\" data-gtm-custom-label=\"Contextuel\" data-gtm-event=\"customEventSPE\" data-fig-domain=\"LEFIGARO\" target=\"_blank\" rel=\"noopener\">consommation des Fran\u00e7ais \u00e0 No\u00ebl<\/a>, port\u00e9e notamment par des produits alimentaires \u00abplus abordables\u00bb, dans une interview mise en ligne dimanche par Le Parisien. \u00abLes r\u00e9sultats sont plut\u00f4t bons\u00bb, a-t-il estim\u00e9, notant une acc\u00e9l\u00e9ration le 24 d\u00e9cembre. \u00abLa journ\u00e9e du 24 a \u00e9t\u00e9 plus forte que les ann\u00e9es pr\u00e9c\u00e9dentes, en hausse de 10% sur un an\u00bb.<\/p>\n<p class=\"fig-paragraph\">La tendance a \u00e9t\u00e9 particuli\u00e8rement notable dans l&rsquo;alimentaire, avec \u00abune hausse de 15% \u00e0 20% de la\u00a0<a href=\"http:\/\/www.lefigaro.fr\/conso\/champagne-foie-gras-chocolats-combien-va-couter-le-repas-de-noel-cette-annee-20251211\" data-fig-type=\"Article\" data-gtm-custom-categorie=\"navigation\" data-gtm-custom-action=\"crossclick\" data-gtm-custom-label=\"Contextuel\" data-gtm-event=\"customEventSPE\" data-fig-domain=\"LEFIGARO\" target=\"_blank\" rel=\"noopener\">consommation\u00a0<\/a> par rapport \u00e0 2024\u00bb dans certaines enseignes de la grande distribution, selon le ministre. \u00abCompte tenu de la baisse des prix et d&rsquo;une<a href=\"http:\/\/www.lefigaro.fr\/conso\/l-inflation-est-restee-stable-sur-un-an-en-novembre-a-0-9-selon-l-insee-20251128\" data-fig-type=\"NewsFlash\" data-gtm-custom-categorie=\"navigation\" data-gtm-custom-action=\"crossclick\" data-gtm-custom-label=\"Contextuel\" data-gtm-event=\"customEventSPE\" data-fig-domain=\"LEFIGARO\" target=\"_blank\" rel=\"noopener\">\u00a0inflation ma\u00eetris\u00e9e<\/a> , les produits de bouche sont plus abordables cette ann\u00e9e\u00bb, a-t-il affirm\u00e9. Le co\u00fbt du panier moyen pour No\u00ebl (155 euros en 2025) a l\u00e9g\u00e8rement baiss\u00e9 par rapport \u00e0 2024, et ce, pour la deuxi\u00e8me ann\u00e9e cons\u00e9cutive. L&rsquo;ancien patron de Syst\u00e8me U a \u00e9galement rappel\u00e9 sa volont\u00e9 de faciliter le recours \u00e0 l&rsquo;int\u00e9ressement pour les salari\u00e9s des TPE-PME, un dispositif permettant de verser une prime sans payer de cotisations sociales et dont Serge Papin souhaiterait aussi qu&rsquo;elle ne donne pas lieu au paiement d&rsquo;imp\u00f4t.<\/p>\n<p>                                            <a class=\"fig-a11y-skip\" href=\"#fig-a11y-skip-main-inarticle\" data-module=\"a11y-skip\" data-context=\"was @visible\"><br \/>\n    Passer la publicit\u00e9<br \/>\n<\/a>            <\/p>\n<p class=\"fig-paragraph\">Actuellement, le salari\u00e9 peut demander le versement imm\u00e9diat de la<a href=\"http:\/\/www.lefigaro.fr\/conjoncture\/la-prime-de-noel-sera-versee-a-partir-du-16-decembre-a-plus-de-deux-millions-de-familles-20251124\" data-fig-type=\"NewsFlash\" data-gtm-custom-categorie=\"navigation\" data-gtm-custom-action=\"crossclick\" data-gtm-custom-label=\"Contextuel\" data-gtm-event=\"customEventSPE\" data-fig-domain=\"LEFIGARO\" target=\"_blank\" rel=\"noopener\">\u00a0prime<\/a>, ou l&rsquo;investir dans un plan d&rsquo;\u00e9pargne salariale, option la plus souvent pl\u00e9biscit\u00e9e. Le ministre des PME et du Pouvoir d&rsquo;achat affirme aussi vouloir \u00eatre plus ferme sur les retards de paiement en soutenant une proposition de loi pour \u00abd\u00e9plafonner les sanctions\u00bb. \u00abOn a 20.000 PME en difficult\u00e9s financi\u00e8res devant le tribunal chaque ann\u00e9e parce qu&rsquo;elles n&rsquo;ont pas \u00e9t\u00e9 pay\u00e9es \u00e0 temps\u00bb, a-t-il rappel\u00e9.<\/p>\n","protected":false},"excerpt":{"rendered":"Les produits alimentaires sont \u00abplus abordables\u00bb, assure-t-il gr\u00e2ce \u00e0 un plus grand contr\u00f4le de l\u2019inflation. Il affirme vouloir&hellip;\n","protected":false},"author":2,"featured_media":627162,"comment_status":"","ping_status":"","sticky":false,"template":"","format":"standard","meta":{"footnotes":""},"categories":[6],"tags":[35,130,33,34,1011,27,15830,58352],"class_list":{"0":"post-627161","1":"post","2":"type-post","3":"status-publish","4":"format-standard","5":"has-post-thumbnail","7":"category-economie","8":"tag-business","9":"tag-consommation","10":"tag-economie","11":"tag-economy","12":"tag-fr","13":"tag-france","14":"tag-noel","15":"tag-serge-papin"},"share_on_mastodon":{"url":"https:\/\/pubeurope.com\/@fr\/115801915662741814","error":""},"_links":{"self":[{"href":"https:\/\/www.europesays.com\/fr\/wp-json\/wp\/v2\/posts\/627161","targetHints":{"allow":["GET"]}}],"collection":[{"href":"https:\/\/www.europesays.com\/fr\/wp-json\/wp\/v2\/posts"}],"about":[{"href":"https:\/\/www.europesays.com\/fr\/wp-json\/wp\/v2\/types\/post"}],"author":[{"embeddable":true,"href":"https:\/\/www.europesays.com\/fr\/wp-json\/wp\/v2\/users\/2"}],"replies":[{"embeddable":true,"href":"https:\/\/www.europesays.com\/fr\/wp-json\/wp\/v2\/comments?post=627161"}],"version-history":[{"count":0,"href":"https:\/\/www.europesays.com\/fr\/wp-json\/wp\/v2\/posts\/627161\/revisions"}],"wp:featuredmedia":[{"embeddable":true,"href":"https:\/\/www.europesays.com\/fr\/wp-json\/wp\/v2\/media\/627162"}],"wp:attachment":[{"href":"https:\/\/www.europesays.com\/fr\/wp-json\/wp\/v2\/media?parent=627161"}],"wp:term":[{"taxonomy":"category","embeddable":true,"href":"https:\/\/www.europesays.com\/fr\/wp-json\/wp\/v2\/categories?post=627161"},{"taxonomy":"post_tag","embeddable":true,"href":"https:\/\/www.europesays.com\/fr\/wp-json\/wp\/v2\/tags?post=627161"}],"curies":[{"name":"wp","href":"https:\/\/api.w.org\/{rel}","templated":true}]}}